{"id":5893,"date":"2016-07-13T20:35:00","date_gmt":"2016-07-13T20:35:00","guid":{"rendered":"https:\/\/oafdn.ca\/?p=5893"},"modified":"2022-02-15T20:38:02","modified_gmt":"2022-02-15T20:38:02","slug":"ontario-arts-foundation-celebrates-its-25th-anniversary","status":"publish","type":"post","link":"https:\/\/oafdn.ca\/fr\/ontario-arts-foundation-celebrates-its-25th-anniversary\/","title":{"rendered":"La Fondation des arts de l\u2019Ontario f\u00eate son 25i\u00e8me anniversaire"},"content":{"rendered":"<div data-elementor-type=\"wp-post\" data-elementor-id=\"5893\" class=\"elementor elementor-5893\" wpc-filter-elementor-widget=\"1\">\n\t\t\t\t\t\t<section class=\"elementor-section elementor-top-section elementor-element elementor-element-e6364e7 elementor-section-boxed elementor-section-height-default elementor-section-height-default\" data-id=\"e6364e7\" data-element_type=\"section\" data-e-type=\"section\">\n\t\t\t\t\t\t<div class=\"elementor-container elementor-column-gap-default\">\n\t\t\t\t\t<div class=\"elementor-column elementor-col-100 elementor-top-column elementor-element elementor-element-bc13620\" data-id=\"bc13620\" data-element_type=\"column\" data-e-type=\"column\">\n\t\t\t<div class=\"elementor-widget-wrap elementor-element-populated\">\n\t\t\t\t\t\t<div class=\"elementor-element elementor-element-379f56d elementor-widget elementor-widget-text-editor\" data-id=\"379f56d\" data-element_type=\"widget\" data-e-type=\"widget\" data-widget_type=\"text-editor.default\">\n\t\t\t\t<div class=\"elementor-widget-container\">\n\t\t\t\t\t\t\t\t\t<p class=\"translation-block\"><img class=\"size-medium wp-image-5895 alignleft\" src=\"https:\/\/oafdn.ca\/wp-content\/uploads\/2022\/02\/OAF_logo_25years_rgb.lge_-300x56.jpg\" alt=\"OAF 25th year logo\" width=\"300\" height=\"56\">Toronto \u2013 le 13 juillet 2016 \u2013 La <strong>Fondation des arts de l\u2019Ontario<\/strong> a annonc\u00e9 cette semaine une distribution sp\u00e9ciale de 250 000 dollars aux organismes poss\u00e9dants un fonds de dotation dans le cadre du programme Fonds de dotation pour les arts.<\/p><p class=\"translation-block\">Le <strong>pr\u00e9sident du conseil d\u2019administration de la Fondation des arts de l\u2019Ontario Anthony Graham<\/strong> a d\u00e9clar\u00e9 : \u00ab Nous sommes ravis de marquer notre 25i\u00e8me anniversaire en 2016 de cette mani\u00e8re et de reconna\u00eetre ainsi significativement nos partenariats pass\u00e9s et futurs avec des organismes artistiques dans des collectivit\u00e9s au travers de la province de l\u2019Ontario. \u00bb<\/p><p class=\"translation-block\">La Fondation des arts de l\u2019Ontario a \u00e9t\u00e9 \u00e9tablie en 1991 avec le mandat de collaborer avec les m\u00e9c\u00e8nes afin de construire un soutien financier de long terme pour les arts en Ontario. Nous g\u00e9rons actuellement 73 millions de dollars en fonds de dotation au nom d\u2019organismes artistiques dans 65 collectivit\u00e9s de la province, et plus de 30 prix et bourses financ\u00e9s par des donneurs priv\u00e9s qui reconnaissent les talents et les accomplissements d\u2019artistes de l\u2019Ontario.<\/p><p><span class=\"plain_grey\">Des partenariats solides avec les programmes de fonds de contrepartie de la Province de l\u2019Ontario (Fonds de dotation pour les arts) et de Patrimoine canadien (Fonds du Canada pour l'investissement en culture - Volet Incitatifs aux fonds de dotation) ont aliment\u00e9 une grande partie de la croissance de la Fondation. La combinaison de dons du secteur priv\u00e9 aux organismes ayant des fonds de dotations pour les arts et des fonds de contrepartie du gouvernement a \u00e9t\u00e9 un puissant stimulant \u00e0 la croissance du soutien financier pour les arts.<\/span><\/p><p class=\"translation-block\">La Fondation a distribu\u00e9 <strong>3 millions de dollars<\/strong> cette ann\u00e9e en revenu de dotation, et le programme de fonds de contrepartie a distribu\u00e9 <strong>28 millions de dollars<\/strong> depuis la cr\u00e9ation du programme. Ceci est le r\u00e9sultat de la solide performance \u00e0 long terme d\u2019investissement de la Fondation et est une source stable et r\u00e9currente de revenu sans restriction que les organisations artistiques utilisent pour soutenir leurs programmations, les op\u00e9rations et les activit\u00e9s de sensibilisation communautaire.<\/p><p class=\"translation-block\"><strong>Alan Walker, directeur g\u00e9n\u00e9ral<\/strong>, a d\u00e9clar\u00e9: \u00ab Nous sommes privil\u00e9gi\u00e9s de soutenir plus de 275 organismes artistiques gr\u00e2ce \u00e0 ces fonds de dotation et nous avons h\u00e2te de nous appuyer sur les partenariats existants et \u00e0 venir au sein de la communaut\u00e9 artistique pour les 25 prochaines ann\u00e9es. \u00bb<\/p><p><span class=\"plain_grey\"><strong>Pour plus d'information, veuillez contacter:<\/strong><\/span><\/p><table border=\"0\" cellspacing=\"0\" cellpadding=\"0\"><tbody><tr><td valign=\"top\" width=\"295\"><p><span class=\"plain_grey\">Alan Walker<br \/>Directeur g\u00e9n\u00e9ral<br \/>Fondation des arts de l'Ontario<br \/>T. 416-969-7413<br \/><a title=\"\" href=\"mailto:awalker@arts.on.ca\">awalker@arts.on.ca<\/a><\/span><span class=\"plain_grey\"><br \/><\/span><\/p><\/td><td valign=\"top\" width=\"222\"><p><span class=\"plain_grey\">Ann Boyd<br \/>Directrice de l'administration<br \/>Fondation des arts de l'Ontario<br \/>T. 416-969-7411<br \/><a title=\"\" href=\"mailto:aboyd@arts.on.ca\">aboyd@arts.on.ca<\/a><\/span><\/p><\/td><\/tr><\/tbody><\/table><p style=\"text-align: center;\"><span class=\"plain_grey\">\u00a0\u00a0<br \/><em>This document is also available in English.<\/em><\/span><\/p><p>\u00a0<\/p>\t\t\t\t\t\t\t\t<\/div>\n\t\t\t\t<\/div>\n\t\t\t\t\t<\/div>\n\t\t<\/div>\n\t\t\t\t\t<\/div>\n\t\t<\/section>\n\t\t\t\t<\/div>","protected":false},"excerpt":{"rendered":"<p>Toronto \u2013 July 13, 2016 &#8211; The\u00a0Ontario Arts Foundation\u00a0announced this week it is making a special distribution of\u00a0$250,000\u00a0to arts organizations holding an endowment under the Arts Endowment Fund Program at the Ontario Arts Foundation. The\u00a0Ontario Arts Foundation Board Chair\u00a0Anthony Graham\u00a0said, \u201cWe are delighted to mark our 25th anniversary in 2016 in this way and to [&hellip;]<\/p>\n","protected":false},"author":1,"featured_media":0,"comment_status":"closed","ping_status":"closed","sticky":false,"template":"","format":"standard","meta":{"_acf_changed":false,"give_campaign_id":0,"nf_dc_page":"","site-sidebar-layout":"default","site-content-layout":"","ast-site-content-layout":"default","site-content-style":"default","site-sidebar-style":"default","ast-global-header-display":"","ast-banner-title-visibility":"","ast-main-header-display":"","ast-hfb-above-header-display":"","ast-hfb-below-header-display":"","ast-hfb-mobile-header-display":"","site-post-title":"","ast-breadcrumbs-content":"","ast-featured-img":"","footer-sml-layout":"","ast-disable-related-posts":"","theme-transparent-header-meta":"","adv-header-id-meta":"","stick-header-meta":"","header-above-stick-meta":"","header-main-stick-meta":"","header-below-stick-meta":"","astra-migrate-meta-layouts":"default","ast-page-background-enabled":"default","ast-page-background-meta":{"desktop":{"background-color":"","background-image":"","background-repeat":"repeat","background-position":"center center","background-size":"auto","background-attachment":"scroll","background-type":"","background-media":"","overlay-type":"","overlay-color":"","overlay-opacity":"","overlay-gradient":""},"tablet":{"background-color":"","background-image":"","background-repeat":"repeat","background-position":"center center","background-size":"auto","background-attachment":"scroll","background-type":"","background-media":"","overlay-type":"","overlay-color":"","overlay-opacity":"","overlay-gradient":""},"mobile":{"background-color":"","background-image":"","background-repeat":"repeat","background-position":"center center","background-size":"auto","background-attachment":"scroll","background-type":"","background-media":"","overlay-type":"","overlay-color":"","overlay-opacity":"","overlay-gradient":""}},"ast-content-background-meta":{"desktop":{"background-color":"var(--ast-global-color-5)","background-image":"","background-repeat":"repeat","background-position":"center center","background-size":"auto","background-attachment":"scroll","background-type":"","background-media":"","overlay-type":"","overlay-color":"","overlay-opacity":"","overlay-gradient":""},"tablet":{"background-color":"var(--ast-global-color-5)","background-image":"","background-repeat":"repeat","background-position":"center center","background-size":"auto","background-attachment":"scroll","background-type":"","background-media":"","overlay-type":"","overlay-color":"","overlay-opacity":"","overlay-gradient":""},"mobile":{"background-color":"var(--ast-global-color-5)","background-image":"","background-repeat":"repeat","background-position":"center center","background-size":"auto","background-attachment":"scroll","background-type":"","background-media":"","overlay-type":"","overlay-color":"","overlay-opacity":"","overlay-gradient":""}},"footnotes":""},"categories":[18],"tags":[],"class_list":["post-5893","post","type-post","status-publish","format-standard","hentry","category-news-release"],"acf":[],"yoast_head":"<!-- This site is optimized with the Yoast SEO plugin v27.4 - https:\/\/yoast.com\/product\/yoast-seo-wordpress\/ -->\n<title>Ontario Arts Foundation Celebrates its 25th Anniversary - Ontario Arts Foundation<\/title>\n<meta name=\"robots\" content=\"index, follow, max-snippet:-1, max-image-preview:large, max-video-preview:-1\" \/>\n<link rel=\"canonical\" href=\"https:\/\/oafdn.ca\/fr\/ontario-arts-foundation-celebrates-its-25th-anniversary\/\" \/>\n<meta property=\"og:locale\" content=\"fr_CA\" \/>\n<meta property=\"og:type\" content=\"article\" \/>\n<meta property=\"og:title\" content=\"Ontario Arts Foundation Celebrates its 25th Anniversary - Ontario Arts Foundation\" \/>\n<meta property=\"og:description\" content=\"Toronto \u2013 July 13, 2016 &#8211; The\u00a0Ontario Arts Foundation\u00a0announced this week it is making a special distribution of\u00a0$250,000\u00a0to arts organizations holding an endowment under the Arts Endowment Fund Program at the Ontario Arts Foundation. The\u00a0Ontario Arts Foundation Board Chair\u00a0Anthony Graham\u00a0said, \u201cWe are delighted to mark our 25th anniversary in 2016 in this way and to [&hellip;]\" \/>\n<meta property=\"og:url\" content=\"https:\/\/oafdn.ca\/fr\/ontario-arts-foundation-celebrates-its-25th-anniversary\/\" \/>\n<meta property=\"og:site_name\" content=\"Ontario Arts Foundation\" \/>\n<meta property=\"article:publisher\" content=\"https:\/\/www.facebook.com\/OntarioArtsFoundation\/\" \/>\n<meta property=\"article:published_time\" content=\"2016-07-13T20:35:00+00:00\" \/>\n<meta property=\"article:modified_time\" content=\"2022-02-15T20:38:02+00:00\" \/>\n<meta property=\"og:image\" content=\"https:\/\/oafdn.ca\/wp-content\/uploads\/2022\/02\/OAF_logo_25years_rgb.lge_.jpg\" \/>\n\t<meta property=\"og:image:width\" content=\"1794\" \/>\n\t<meta property=\"og:image:height\" content=\"332\" \/>\n\t<meta property=\"og:image:type\" content=\"image\/jpeg\" \/>\n<meta name=\"author\" content=\"tugrul\" \/>\n<meta name=\"twitter:card\" content=\"summary_large_image\" \/>\n<meta name=\"twitter:creator\" content=\"@OntarioArtsFdn\" \/>\n<meta name=\"twitter:site\" content=\"@OntarioArtsFdn\" \/>\n<meta name=\"twitter:label1\" content=\"\u00c9crit par\" \/>\n\t<meta name=\"twitter:data1\" content=\"tugrul\" \/>\n\t<meta name=\"twitter:label2\" content=\"Estimation du temps de lecture\" \/>\n\t<meta name=\"twitter:data2\" content=\"2 minutes\" \/>\n<script type=\"application\/ld+json\" class=\"yoast-schema-graph\">{\"@context\":\"https:\\\/\\\/schema.org\",\"@graph\":[{\"@type\":\"Article\",\"@id\":\"https:\\\/\\\/oafdn.ca\\\/ontario-arts-foundation-celebrates-its-25th-anniversary\\\/#article\",\"isPartOf\":{\"@id\":\"https:\\\/\\\/oafdn.ca\\\/ontario-arts-foundation-celebrates-its-25th-anniversary\\\/\"},\"author\":{\"name\":\"tugrul\",\"@id\":\"https:\\\/\\\/oafdn.ca\\\/#\\\/schema\\\/person\\\/9cf84eae88a4fa075dd8cb6ae344f0ac\"},\"headline\":\"Ontario Arts Foundation Celebrates its 25th Anniversary\",\"datePublished\":\"2016-07-13T20:35:00+00:00\",\"dateModified\":\"2022-02-15T20:38:02+00:00\",\"mainEntityOfPage\":{\"@id\":\"https:\\\/\\\/oafdn.ca\\\/ontario-arts-foundation-celebrates-its-25th-anniversary\\\/\"},\"wordCount\":324,\"publisher\":{\"@id\":\"https:\\\/\\\/oafdn.ca\\\/#organization\"},\"image\":{\"@id\":\"https:\\\/\\\/oafdn.ca\\\/ontario-arts-foundation-celebrates-its-25th-anniversary\\\/#primaryimage\"},\"thumbnailUrl\":\"https:\\\/\\\/oafdn.ca\\\/wp-content\\\/uploads\\\/2022\\\/02\\\/OAF_logo_25years_rgb.lge_-300x56.jpg\",\"articleSection\":[\"News Release\"],\"inLanguage\":\"fr-CA\"},{\"@type\":\"WebPage\",\"@id\":\"https:\\\/\\\/oafdn.ca\\\/ontario-arts-foundation-celebrates-its-25th-anniversary\\\/\",\"url\":\"https:\\\/\\\/oafdn.ca\\\/ontario-arts-foundation-celebrates-its-25th-anniversary\\\/\",\"name\":\"Ontario Arts Foundation Celebrates its 25th Anniversary - Ontario Arts Foundation\",\"isPartOf\":{\"@id\":\"https:\\\/\\\/oafdn.ca\\\/#website\"},\"primaryImageOfPage\":{\"@id\":\"https:\\\/\\\/oafdn.ca\\\/ontario-arts-foundation-celebrates-its-25th-anniversary\\\/#primaryimage\"},\"image\":{\"@id\":\"https:\\\/\\\/oafdn.ca\\\/ontario-arts-foundation-celebrates-its-25th-anniversary\\\/#primaryimage\"},\"thumbnailUrl\":\"https:\\\/\\\/oafdn.ca\\\/wp-content\\\/uploads\\\/2022\\\/02\\\/OAF_logo_25years_rgb.lge_-300x56.jpg\",\"datePublished\":\"2016-07-13T20:35:00+00:00\",\"dateModified\":\"2022-02-15T20:38:02+00:00\",\"breadcrumb\":{\"@id\":\"https:\\\/\\\/oafdn.ca\\\/ontario-arts-foundation-celebrates-its-25th-anniversary\\\/#breadcrumb\"},\"inLanguage\":\"fr-CA\",\"potentialAction\":[{\"@type\":\"ReadAction\",\"target\":[\"https:\\\/\\\/oafdn.ca\\\/ontario-arts-foundation-celebrates-its-25th-anniversary\\\/\"]}]},{\"@type\":\"ImageObject\",\"inLanguage\":\"fr-CA\",\"@id\":\"https:\\\/\\\/oafdn.ca\\\/ontario-arts-foundation-celebrates-its-25th-anniversary\\\/#primaryimage\",\"url\":\"https:\\\/\\\/oafdn.ca\\\/wp-content\\\/uploads\\\/2022\\\/02\\\/OAF_logo_25years_rgb.lge_-300x56.jpg\",\"contentUrl\":\"https:\\\/\\\/oafdn.ca\\\/wp-content\\\/uploads\\\/2022\\\/02\\\/OAF_logo_25years_rgb.lge_-300x56.jpg\"},{\"@type\":\"BreadcrumbList\",\"@id\":\"https:\\\/\\\/oafdn.ca\\\/ontario-arts-foundation-celebrates-its-25th-anniversary\\\/#breadcrumb\",\"itemListElement\":[{\"@type\":\"ListItem\",\"position\":1,\"name\":\"Home\",\"item\":\"https:\\\/\\\/oafdn.ca\\\/\"},{\"@type\":\"ListItem\",\"position\":2,\"name\":\"Ontario Arts Foundation Celebrates its 25th Anniversary\"}]},{\"@type\":\"WebSite\",\"@id\":\"https:\\\/\\\/oafdn.ca\\\/#website\",\"url\":\"https:\\\/\\\/oafdn.ca\\\/\",\"name\":\"Ontario Arts Foundation\",\"description\":\"The Ontario Arts Foundation is a non-governmental not for profit organization established in 1991 under the Ontario Corporations Act to encourage and facilitate private giving to the arts in Ontario, Canada.\",\"publisher\":{\"@id\":\"https:\\\/\\\/oafdn.ca\\\/#organization\"},\"potentialAction\":[{\"@type\":\"SearchAction\",\"target\":{\"@type\":\"EntryPoint\",\"urlTemplate\":\"https:\\\/\\\/oafdn.ca\\\/?s={search_term_string}\"},\"query-input\":{\"@type\":\"PropertyValueSpecification\",\"valueRequired\":true,\"valueName\":\"search_term_string\"}}],\"inLanguage\":\"fr-CA\"},{\"@type\":\"Organization\",\"@id\":\"https:\\\/\\\/oafdn.ca\\\/#organization\",\"name\":\"Ontario Arts Foundation\",\"url\":\"https:\\\/\\\/oafdn.ca\\\/\",\"logo\":{\"@type\":\"ImageObject\",\"inLanguage\":\"fr-CA\",\"@id\":\"https:\\\/\\\/oafdn.ca\\\/#\\\/schema\\\/logo\\\/image\\\/\",\"url\":\"https:\\\/\\\/oafdn.ca\\\/wp-content\\\/uploads\\\/2022\\\/02\\\/logo1-1.png\",\"contentUrl\":\"https:\\\/\\\/oafdn.ca\\\/wp-content\\\/uploads\\\/2022\\\/02\\\/logo1-1.png\",\"width\":1761,\"height\":487,\"caption\":\"Ontario Arts Foundation\"},\"image\":{\"@id\":\"https:\\\/\\\/oafdn.ca\\\/#\\\/schema\\\/logo\\\/image\\\/\"},\"sameAs\":[\"https:\\\/\\\/www.facebook.com\\\/OntarioArtsFoundation\\\/\",\"https:\\\/\\\/x.com\\\/OntarioArtsFdn\"]},{\"@type\":\"Person\",\"@id\":\"https:\\\/\\\/oafdn.ca\\\/#\\\/schema\\\/person\\\/9cf84eae88a4fa075dd8cb6ae344f0ac\",\"name\":\"tugrul\",\"image\":{\"@type\":\"ImageObject\",\"inLanguage\":\"fr-CA\",\"@id\":\"https:\\\/\\\/secure.gravatar.com\\\/avatar\\\/4a398edccd13e67fc11228206372deb53f9dcd8d7a7fccf69e80b739c725ec52?s=96&d=mm&r=g\",\"url\":\"https:\\\/\\\/secure.gravatar.com\\\/avatar\\\/4a398edccd13e67fc11228206372deb53f9dcd8d7a7fccf69e80b739c725ec52?s=96&d=mm&r=g\",\"contentUrl\":\"https:\\\/\\\/secure.gravatar.com\\\/avatar\\\/4a398edccd13e67fc11228206372deb53f9dcd8d7a7fccf69e80b739c725ec52?s=96&d=mm&r=g\",\"caption\":\"tugrul\"},\"sameAs\":[\"http:\"],\"url\":\"https:\\\/\\\/oafdn.ca\\\/fr\\\/author\\\/tugrul\\\/\"}]}<\/script>\n<!-- \/ Yoast SEO plugin. -->","yoast_head_json":{"title":"Ontario Arts Foundation Celebrates its 25th Anniversary - Ontario Arts Foundation","robots":{"index":"index","follow":"follow","max-snippet":"max-snippet:-1","max-image-preview":"max-image-preview:large","max-video-preview":"max-video-preview:-1"},"canonical":"https:\/\/oafdn.ca\/fr\/ontario-arts-foundation-celebrates-its-25th-anniversary\/","og_locale":"fr_CA","og_type":"article","og_title":"Ontario Arts Foundation Celebrates its 25th Anniversary - Ontario Arts Foundation","og_description":"Toronto \u2013 July 13, 2016 &#8211; The\u00a0Ontario Arts Foundation\u00a0announced this week it is making a special distribution of\u00a0$250,000\u00a0to arts organizations holding an endowment under the Arts Endowment Fund Program at the Ontario Arts Foundation. The\u00a0Ontario Arts Foundation Board Chair\u00a0Anthony Graham\u00a0said, \u201cWe are delighted to mark our 25th anniversary in 2016 in this way and to [&hellip;]","og_url":"https:\/\/oafdn.ca\/fr\/ontario-arts-foundation-celebrates-its-25th-anniversary\/","og_site_name":"Ontario Arts Foundation","article_publisher":"https:\/\/www.facebook.com\/OntarioArtsFoundation\/","article_published_time":"2016-07-13T20:35:00+00:00","article_modified_time":"2022-02-15T20:38:02+00:00","og_image":[{"width":1794,"height":332,"url":"https:\/\/oafdn.ca\/wp-content\/uploads\/2022\/02\/OAF_logo_25years_rgb.lge_.jpg","type":"image\/jpeg"}],"author":"tugrul","twitter_card":"summary_large_image","twitter_creator":"@OntarioArtsFdn","twitter_site":"@OntarioArtsFdn","twitter_misc":{"\u00c9crit par":"tugrul","Estimation du temps de lecture":"2 minutes"},"schema":{"@context":"https:\/\/schema.org","@graph":[{"@type":"Article","@id":"https:\/\/oafdn.ca\/ontario-arts-foundation-celebrates-its-25th-anniversary\/#article","isPartOf":{"@id":"https:\/\/oafdn.ca\/ontario-arts-foundation-celebrates-its-25th-anniversary\/"},"author":{"name":"tugrul","@id":"https:\/\/oafdn.ca\/#\/schema\/person\/9cf84eae88a4fa075dd8cb6ae344f0ac"},"headline":"Ontario Arts Foundation Celebrates its 25th Anniversary","datePublished":"2016-07-13T20:35:00+00:00","dateModified":"2022-02-15T20:38:02+00:00","mainEntityOfPage":{"@id":"https:\/\/oafdn.ca\/ontario-arts-foundation-celebrates-its-25th-anniversary\/"},"wordCount":324,"publisher":{"@id":"https:\/\/oafdn.ca\/#organization"},"image":{"@id":"https:\/\/oafdn.ca\/ontario-arts-foundation-celebrates-its-25th-anniversary\/#primaryimage"},"thumbnailUrl":"https:\/\/oafdn.ca\/wp-content\/uploads\/2022\/02\/OAF_logo_25years_rgb.lge_-300x56.jpg","articleSection":["News Release"],"inLanguage":"fr-CA"},{"@type":"WebPage","@id":"https:\/\/oafdn.ca\/ontario-arts-foundation-celebrates-its-25th-anniversary\/","url":"https:\/\/oafdn.ca\/ontario-arts-foundation-celebrates-its-25th-anniversary\/","name":"Ontario Arts Foundation Celebrates its 25th Anniversary - Ontario Arts Foundation","isPartOf":{"@id":"https:\/\/oafdn.ca\/#website"},"primaryImageOfPage":{"@id":"https:\/\/oafdn.ca\/ontario-arts-foundation-celebrates-its-25th-anniversary\/#primaryimage"},"image":{"@id":"https:\/\/oafdn.ca\/ontario-arts-foundation-celebrates-its-25th-anniversary\/#primaryimage"},"thumbnailUrl":"https:\/\/oafdn.ca\/wp-content\/uploads\/2022\/02\/OAF_logo_25years_rgb.lge_-300x56.jpg","datePublished":"2016-07-13T20:35:00+00:00","dateModified":"2022-02-15T20:38:02+00:00","breadcrumb":{"@id":"https:\/\/oafdn.ca\/ontario-arts-foundation-celebrates-its-25th-anniversary\/#breadcrumb"},"inLanguage":"fr-CA","potentialAction":[{"@type":"ReadAction","target":["https:\/\/oafdn.ca\/ontario-arts-foundation-celebrates-its-25th-anniversary\/"]}]},{"@type":"ImageObject","inLanguage":"fr-CA","@id":"https:\/\/oafdn.ca\/ontario-arts-foundation-celebrates-its-25th-anniversary\/#primaryimage","url":"https:\/\/oafdn.ca\/wp-content\/uploads\/2022\/02\/OAF_logo_25years_rgb.lge_-300x56.jpg","contentUrl":"https:\/\/oafdn.ca\/wp-content\/uploads\/2022\/02\/OAF_logo_25years_rgb.lge_-300x56.jpg"},{"@type":"BreadcrumbList","@id":"https:\/\/oafdn.ca\/ontario-arts-foundation-celebrates-its-25th-anniversary\/#breadcrumb","itemListElement":[{"@type":"ListItem","position":1,"name":"Home","item":"https:\/\/oafdn.ca\/"},{"@type":"ListItem","position":2,"name":"Ontario Arts Foundation Celebrates its 25th Anniversary"}]},{"@type":"WebSite","@id":"https:\/\/oafdn.ca\/#website","url":"https:\/\/oafdn.ca\/","name":"Fondation des arts de l'Ontario","description":"The Ontario Arts Foundation is a non-governmental not for profit organization established in 1991 under the Ontario Corporations Act to encourage and facilitate private giving to the arts in Ontario, Canada.","publisher":{"@id":"https:\/\/oafdn.ca\/#organization"},"potentialAction":[{"@type":"SearchAction","target":{"@type":"EntryPoint","urlTemplate":"https:\/\/oafdn.ca\/?s={search_term_string}"},"query-input":{"@type":"PropertyValueSpecification","valueRequired":true,"valueName":"search_term_string"}}],"inLanguage":"fr-CA"},{"@type":"Organization","@id":"https:\/\/oafdn.ca\/#organization","name":"Fondation des arts de l'Ontario","url":"https:\/\/oafdn.ca\/","logo":{"@type":"ImageObject","inLanguage":"fr-CA","@id":"https:\/\/oafdn.ca\/#\/schema\/logo\/image\/","url":"https:\/\/oafdn.ca\/wp-content\/uploads\/2022\/02\/logo1-1.png","contentUrl":"https:\/\/oafdn.ca\/wp-content\/uploads\/2022\/02\/logo1-1.png","width":1761,"height":487,"caption":"Ontario Arts Foundation"},"image":{"@id":"https:\/\/oafdn.ca\/#\/schema\/logo\/image\/"},"sameAs":["https:\/\/www.facebook.com\/OntarioArtsFoundation\/","https:\/\/x.com\/OntarioArtsFdn"]},{"@type":"Person","@id":"https:\/\/oafdn.ca\/#\/schema\/person\/9cf84eae88a4fa075dd8cb6ae344f0ac","name":"tugrul","image":{"@type":"ImageObject","inLanguage":"fr-CA","@id":"https:\/\/secure.gravatar.com\/avatar\/4a398edccd13e67fc11228206372deb53f9dcd8d7a7fccf69e80b739c725ec52?s=96&d=mm&r=g","url":"https:\/\/secure.gravatar.com\/avatar\/4a398edccd13e67fc11228206372deb53f9dcd8d7a7fccf69e80b739c725ec52?s=96&d=mm&r=g","contentUrl":"https:\/\/secure.gravatar.com\/avatar\/4a398edccd13e67fc11228206372deb53f9dcd8d7a7fccf69e80b739c725ec52?s=96&d=mm&r=g","caption":"tugrul"},"sameAs":["http:"],"url":"https:\/\/oafdn.ca\/fr\/author\/tugrul\/"}]}},"_links":{"self":[{"href":"https:\/\/oafdn.ca\/fr\/wp-json\/wp\/v2\/posts\/5893","targetHints":{"allow":["GET"]}}],"collection":[{"href":"https:\/\/oafdn.ca\/fr\/wp-json\/wp\/v2\/posts"}],"about":[{"href":"https:\/\/oafdn.ca\/fr\/wp-json\/wp\/v2\/types\/post"}],"author":[{"embeddable":true,"href":"https:\/\/oafdn.ca\/fr\/wp-json\/wp\/v2\/users\/1"}],"replies":[{"embeddable":true,"href":"https:\/\/oafdn.ca\/fr\/wp-json\/wp\/v2\/comments?post=5893"}],"version-history":[{"count":4,"href":"https:\/\/oafdn.ca\/fr\/wp-json\/wp\/v2\/posts\/5893\/revisions"}],"predecessor-version":[{"id":5898,"href":"https:\/\/oafdn.ca\/fr\/wp-json\/wp\/v2\/posts\/5893\/revisions\/5898"}],"wp:attachment":[{"href":"https:\/\/oafdn.ca\/fr\/wp-json\/wp\/v2\/media?parent=5893"}],"wp:term":[{"taxonomy":"category","embeddable":true,"href":"https:\/\/oafdn.ca\/fr\/wp-json\/wp\/v2\/categories?post=5893"},{"taxonomy":"post_tag","embeddable":true,"href":"https:\/\/oafdn.ca\/fr\/wp-json\/wp\/v2\/tags?post=5893"}],"curies":[{"name":"wp","href":"https:\/\/api.w.org\/{rel}","templated":true}]}}