{"id":5868,"date":"2016-05-12T19:57:00","date_gmt":"2016-05-12T19:57:00","guid":{"rendered":"https:\/\/oafdn.ca\/?p=5868"},"modified":"2022-02-15T20:19:53","modified_gmt":"2022-02-15T20:19:53","slug":"shortlist-for-the-40th-anniversary-ruth-and-sylvia-schwartz-childrens-book-awards-announced","status":"publish","type":"post","link":"https:\/\/oafdn.ca\/fr\/shortlist-for-the-40th-anniversary-ruth-and-sylvia-schwartz-childrens-book-awards-announced\/","title":{"rendered":"Finalistes de la 40e \u00e9dition des prix Ruth et Sylvia Schwartz de litt\u00e9rature jeunesse"},"content":{"rendered":"<div data-elementor-type=\"wp-post\" data-elementor-id=\"5868\" class=\"elementor elementor-5868\" wpc-filter-elementor-widget=\"1\">\n\t\t\t\t\t\t<section class=\"elementor-section elementor-top-section elementor-element elementor-element-c92ef29 elementor-section-boxed elementor-section-height-default elementor-section-height-default\" data-id=\"c92ef29\" data-element_type=\"section\" data-e-type=\"section\">\n\t\t\t\t\t\t<div class=\"elementor-container elementor-column-gap-default\">\n\t\t\t\t\t<div class=\"elementor-column elementor-col-100 elementor-top-column elementor-element elementor-element-2da1e95\" data-id=\"2da1e95\" data-element_type=\"column\" data-e-type=\"column\">\n\t\t\t<div class=\"elementor-widget-wrap elementor-element-populated\">\n\t\t\t\t\t\t<div class=\"elementor-element elementor-element-c4a6e84 elementor-widget elementor-widget-text-editor\" data-id=\"c4a6e84\" data-element_type=\"widget\" data-e-type=\"widget\" data-widget_type=\"text-editor.default\">\n\t\t\t\t<div class=\"elementor-widget-container\">\n\t\t\t\t\t\t\t\t\t<p class=\"translation-block\">Toronto, le 12 mai 2016 - Le nom des <strong>finalistes 2016<\/strong> des prix <a title=\"\" href=\"https:\/\/oafdn.ca\/fr\/pages\/ruth-sylvia-schwartz-awards\/\" target=\"_self\">Ruth et Sylvia Schwartz de litt\u00e9rature jeunesse<\/a> a \u00e9t\u00e9 d\u00e9voil\u00e9 aujourd'hui. Cette ann\u00e9e marque le <a title=\"\" href=\"https:\/\/twitter.com\/hashtag\/schwartz40?src=hash\" target=\"_self\">40e anniversaire<\/a> de ces prix, seuls prix litt\u00e9raires canadiens dont des <strong>jurys compos\u00e9s uniquement d\u2019\u00e9l\u00e8ves<\/strong> choisissent les livres prim\u00e9s.<\/p><p class=\"translation-block\"><b><\/p><p>\u00a0<\/p><p class=\"translation-block\"><strong>LA CUV\u00c9E 2016<\/strong><br> \nLe volet <strong>Livre illustr\u00e9<\/strong> fait voyager le lecteur autour du monde, dans un village d\u2019animaux et aux confins de l'imaginaire. Le volet <strong>Livre pour jeunes lecteurs<\/strong> comprend des histoires sur des amiti\u00e9s surprenantes, des tensions avec les parents et des difficult\u00e9s inattendues qui ont \u00e9t\u00e9 surmont\u00e9es.<\/p><p>\u00a0<\/p><p class=\"translation-block\"><strong>LES PRIX<\/strong><br>\nLes <strong>deux prix de 6 000 $ chacun<\/strong>, attibu\u00e9s <strong>chaque ann\u00e9e<\/strong>, rendent hommage aux auteurs et aux illustrateurs canadiens qui se sont distingu\u00e9s par leur excellence dans le domaine de la litt\u00e9rature enfantine de langue anglaise. Les laur\u00e9ats sont choisis par deux jurys de jeunes lecteurs. Cette ann\u00e9e, les jurys se composent d'\u00e9l\u00e8ves de l'\u00e9cole <strong>Scarborough Village Alternative Pubic School<\/strong> de Toronto. Cinq \u00e9l\u00e8ves de <strong>3<sup>e<\/sup> et 4<sup>e<\/sup> ann\u00e9e<\/strong> choisiront les laur\u00e9ats du volet <strong>Livre illustr\u00e9<\/strong>. Cinq \u00e9l\u00e8ves de <strong>7<sup>e<\/sup> et 8<sup>e<\/sup> ann\u00e9e<\/strong> choisiront le ou les laur\u00e9ats dans le volet <strong>Livre pour jeunes lecteurs<\/strong>.<\/p><p>\u00a0<\/p><table align=\"center\"><tbody><tr><td colspan=\"2\"><p align=\"center\"><span class=\"blue\"><strong>VOLET LIVRE ILLUSTR\u00c9<\/strong><\/span><\/p><\/td><td colspan=\"2\"><p align=\"center\" class=\"translation-block\"><strong>\nVOLETS LIVRES POUR LES JEUNES LECTEURS<\/strong><\/p><\/td><\/tr><tr><td valign=\"top\"><p><img decoding=\"async\" src=\"https:\/\/www.oafdn.ca\/system\/uploads\/attachments\/000\/000\/500\/original\/A_Boy_Asked_the_Wind_-_web.png?1462817748\" alt=\"\" \/><\/p><p>\u00a0<\/p><\/td><td valign=\"top\"><p><span class=\"plain_grey\"><strong><em>A Boy Asked the Wind<\/em><br \/><\/strong>Texte: Barbara Nickel (Yarrow, C.-B.)<br \/>Illustrations : Gillian Newland (Toronto, Ont.)<br \/>Red Deer Press<br \/><\/span><\/p><\/td><td valign=\"top\"><p><span class=\"plain_grey\"><img decoding=\"async\" src=\"https:\/\/www.oafdn.ca\/system\/uploads\/attachments\/000\/000\/505\/original\/Cut_Off_-_web.png?1462817783\" alt=\"\" \/>\u00a0<\/span><\/p><\/td><td valign=\"top\"><p><span class=\"plain_grey\"><strong><em>Cut Off<br \/><\/em><\/strong>Jamie Bastedo (Yellowknife, T.N.-O.)<br \/>Red Deer Press<br \/><\/span><\/p><\/td><\/tr><tr><td valign=\"top\"><img decoding=\"async\" src=\"https:\/\/www.oafdn.ca\/system\/uploads\/attachments\/000\/000\/501\/original\/Melvis_And_Elvis_-_web.jpg?1462817755\" alt=\"\" \/>\u00a0<\/td><td valign=\"top\"><p><span class=\"plain_grey\"><strong><em>Melvis and Elvis<br \/><\/em><\/strong>Texte : Dennis Lee (Toronto, Ont.)<br \/>Illustrations : Jeremy Tankard (Vancouver, C.-B.)<br \/>HarperCollins Canada Ltd.<br \/><\/span><\/p><\/td><td valign=\"top\"><img decoding=\"async\" src=\"https:\/\/www.oafdn.ca\/system\/uploads\/attachments\/000\/000\/507\/original\/The_Dogs_-_web.jpg?1462817795\" alt=\"\" \/>\u00a0<\/td><td valign=\"top\"><p><span class=\"plain_grey\"><strong><em>The Dogs<br \/><\/em><\/strong>Allan Stratton (Toronto, Ont.)<br \/>Scholastic Canada Ltd.<br \/><\/span><\/p><\/td><\/tr><tr><td valign=\"top\">\u00a0<img decoding=\"async\" src=\"https:\/\/www.oafdn.ca\/system\/uploads\/attachments\/000\/000\/502\/original\/Mr_Postmouses_Rounds_-_web.png?1462817761\" alt=\"\" \/><\/td><td valign=\"top\"><p><span class=\"plain_grey\"><strong><em>Mr. Postmouse&#8217;s Rounds<\/em><\/strong><strong><em>\u00a0<br \/><\/em><\/strong>Texte et illustrations: Marianne Dubuc<br \/>Kids Can Press<br \/><\/span><\/p><\/td><td valign=\"top\"><img decoding=\"async\" src=\"https:\/\/www.oafdn.ca\/system\/uploads\/attachments\/000\/000\/506\/original\/Regenesis_-_web.png?1462817789\" alt=\"\" \/>\u00a0<\/td><td valign=\"top\"><p><span class=\"plain_grey\"><strong><em>Regenesis<br \/><\/em><\/strong>Texte : Eric Walters (Guelph, Ont.)<br \/>Doubleday Canada<br \/><\/span><\/p><\/td><\/tr><tr><td valign=\"top\">\u00a0<img decoding=\"async\" src=\"https:\/\/www.oafdn.ca\/system\/uploads\/attachments\/000\/000\/503\/original\/Some_things_Ive_lost_-_web.png?1462817767\" alt=\"\" \/><\/td><td valign=\"top\"><p><span class=\"plain_grey\"><em><strong>Some Things I&#8217;ve Lost<\/strong>\u00a0\u00a0<br \/><\/em>Texte et illustrations: Cyb\u00e8le Young (Toronto, Ont.)<br \/>Groundwood Books<\/span><\/p><\/td><td valign=\"top\"><img decoding=\"async\" src=\"https:\/\/www.oafdn.ca\/system\/uploads\/attachments\/000\/000\/508\/original\/We_are_all_made_of_molecules_-_web.png?1462817801\" alt=\"\" \/>\u00a0<\/td><td valign=\"top\"><p><span class=\"plain_grey\"><strong><em>We Are All Made of Molecules<br \/><\/em><\/strong>Susin Nielsen (Vancouver, C.-B.)<br \/>Tundra Books<br \/><\/span><\/p><\/td><\/tr><tr><td valign=\"top\">\u00a0<img decoding=\"async\" src=\"https:\/\/www.oafdn.ca\/system\/uploads\/attachments\/000\/000\/504\/original\/Today_is_the_day_-_web.png?1462817773\" alt=\"\" \/><\/td><td valign=\"top\"><p><span class=\"plain_grey\"><strong><em>Today is the Day<br \/><\/em><\/strong>Texte : Eric Walters (Guelph, Ont.)<br \/>Illustrations : Eugenie Fernandes (Lakehurst, Ont.)<br \/>Tundra Books<br \/><\/span><\/p><\/td><td valign=\"top\">\u00a0<img decoding=\"async\" src=\"https:\/\/www.oafdn.ca\/system\/uploads\/attachments\/000\/000\/509\/original\/Young_man_with_camera_-_web.jpg?1462817809\" alt=\"\" \/><\/td><td valign=\"top\"><div><p><span class=\"plain_grey\"><strong><em>Young Man with Camera<br \/><\/em><\/strong>Emil Sher (Toronto, Ont.)<br \/>Scholastic Canada Ltd.<br \/><\/span><\/p><\/div><p><strong>\u00a0<\/strong><\/p><\/td><\/tr><\/tbody><\/table><p class=\"translation-block\"><strong>CITATIONS<\/strong><br>\n\u00ab Nous sommes ravis de souligner le 40e anniversaire des prix Ruth et Sylvia Schwartz de litt\u00e9rature jeunesse en 2016. Au fil des ans, ces prix ont r\u00e9compens\u00e9 un tr\u00e8s grand nombre d\u2019auteurs et d\u2019illustrateurs canadiens exceptionnels, tout en donnant \u00e0 de jeunes jur\u00e9s l\u2019occasion de d\u00e9velopper leur sens critique et leur aptitude \u00e0 travailler en \u00e9quipe. \u00bb<br>\n<strong>Peter Caldwell, directeur g\u00e9n\u00e9ral du CAO<\/strong><\/p><p class=\"translation-block\">\u00ab Cette ann\u00e9e charni\u00e8re nous donne l\u2019occasion de reconna\u00eetre l\u2019impact des prix Ruth et Sylvia Schwartz de litt\u00e9rature jeunesse sur la litt\u00e9rature canadienne pour enfants des 40 derni\u00e8res ann\u00e9es. Nous esp\u00e9rons pouvoir continuer \u00e0 c\u00e9l\u00e9brer le travail des auteurs et des illustrateurs remarquables du Canada pendant les 40 prochaines ann\u00e9es. \u00bb<br>\n<strong>Alan Walker, directeur g\u00e9n\u00e9ral de la Fondation des arts de l'Ontario<\/strong><\/p><p class=\"half_line_spacing\">\u00a0<\/p><p class=\"translation-block\"><strong>POUR EN SAVOIR PLUS<\/strong><br>\nLes prix Ruth et Sylvia Schwartz de litt\u00e9rature jeunesse ont \u00e9t\u00e9 cr\u00e9\u00e9s en 1976 par Sylvia Schwartz \u00e0 la m\u00e9moire de sa s\u0153ur Ruth Schwartz, libraire torontoise respect\u00e9e. En 2004, la famille a renomm\u00e9 le prix pour rendre hommage aux deux s\u0153urs.La Fondation des arts de l'Ontario administre ces prix avec l'aide du Conseil des arts de l'Ontario, qui g\u00e8re le processus de mise en candidature et de s\u00e9lection par jury. Les prix sont financ\u00e9s par la Fondation Ruth Schwartz. Pour c\u00e9l\u00e9brer le 40e anniversaire des prix, la FAO et le CAO ont d\u00e9cid\u00e9 de <a title=\"\" href=\"https:\/\/www.facebook.com\/media\/set\/?set=a.1159869534058333.1073741833.118143304897633&amp;type=3\" target=\"_self\">recenser en ligne<\/a> tous les laur\u00e9ats pr\u00e9c\u00e9dents, en commen\u00e7ant par le premier. Cliquez ici pour voir la liste compl\u00e8te.<\/p><p class=\"half_line_spacing\"><span class=\"plain_grey\">\u00a0<\/span><\/p><p align=\"center\"><span class=\"plain_grey\">&#8211; 30 &#8211;<\/span><span class=\"plain_grey\">\u00a0<\/span><\/p><p><span class=\"plain_grey\"><strong><span class=\"plain_black\">RENSEIGNEMENTS MEDIAS<\/span><\/strong><br \/>Shoshanna Wasser, coordinatrice des communications, Conseil des arts de l\u00edOntario<\/span><br \/><span class=\"plain_grey\">416-969-7434\/ 1-800-387-0058, poste 7434 |\u00a0<a title=\"\" href=\"mailto:swasser@arts.on.ca\">swasser@arts.on.ca<\/a><\/span><\/p><p class=\"half_line_spacing\">\u00a0<\/p><p><strong><span class=\"plain_black\">RENSEIGNEMENTS SUR LA FONDATION DES ARTS DE L'ONTARIO<\/span><\/strong><br \/><span class=\"plain_grey\">Alan Walker, Directeur g\u00e9n\u00e9ral, Fondation des arts de l'Ontario<\/span><br \/><span class=\"plain_grey\">416-969-7413 |\u00a0<a title=\"\" href=\"mailto:awalker@arts.on.ca\">awalker@arts.on.ca<\/a><\/span><\/p><p class=\"translation-block\">\u00c9tablie en 1991, la <a title=\"\" href=\"https:\/\/oafdn.ca\/fr\/\" target=\"_self\"><strong>Fondation des arts de l'Ontario (FAO)<\/strong><\/a> est passionn\u00e9ment engag\u00e9e \u00e0 construire un soutien \u00e0 long terme pour les arts en Ontario.  En 2014-2015, la FAO a vers\u00e9 plus de 2,8 millions de dollars en revenus de dotation et 275 000 dollars en prix et bourses.<\/p><p class=\"translation-block\">Cela fait plus de 50 ans qu le <a title=\"\" href=\"http:\/\/www.arts.on.ca\/Page11.aspx\" target=\"_self\"><strong>Conseil des arts de l'Ontario (CAO)<\/strong><\/a> joue un r\u00f4le de premier plan dans la promotion et l'aide en mati\u00e8re de d\u00e9veloppement des arts au profit de tous les Ontariens. En 2014-201, il a octroy\u00e9 des subventions totalisent 52,1 millions de dollars \u00e0 1 709 artistes et 1 078 organismes dans 204 collectivit\u00e9s de la province.<\/p><p style=\"text-align: center;\"><span class=\"plain_grey\">\u00a0<em>This document is also available in English.<\/em><\/span><\/p>\t\t\t\t\t\t\t\t<\/div>\n\t\t\t\t<\/div>\n\t\t\t\t\t<\/div>\n\t\t<\/div>\n\t\t\t\t\t<\/div>\n\t\t<\/section>\n\t\t\t\t<\/div>","protected":false},"excerpt":{"rendered":"<p>Toronto, May 12, 2016 \u2013 The\u00a02016 shortlist\u00a0for the\u00a0Ruth and Sylvia Schwartz Children&#8217;s Book Awards\u00a0was announced today. This year marks the\u00a040th anniversary\u00a0of the Schwartz Children\u2019s Book Awards \u2013 the only Canadian literary award where\u00a0student juries\u00a0work together\u00a0to choose the winning books. This year\u2019s winners will be chosen by student juries from\u00a0Toronto\u2019s\u00a0Scarborough Village Alternative Public School. The announcement [&hellip;]<\/p>\n","protected":false},"author":1,"featured_media":0,"comment_status":"closed","ping_status":"closed","sticky":false,"template":"","format":"standard","meta":{"_acf_changed":false,"give_campaign_id":0,"nf_dc_page":"","site-sidebar-layout":"default","site-content-layout":"","ast-site-content-layout":"default","site-content-style":"default","site-sidebar-style":"default","ast-global-header-display":"","ast-banner-title-visibility":"","ast-main-header-display":"","ast-hfb-above-header-display":"","ast-hfb-below-header-display":"","ast-hfb-mobile-header-display":"","site-post-title":"","ast-breadcrumbs-content":"","ast-featured-img":"","footer-sml-layout":"","ast-disable-related-posts":"","theme-transparent-header-meta":"","adv-header-id-meta":"","stick-header-meta":"","header-above-stick-meta":"","header-main-stick-meta":"","header-below-stick-meta":"","astra-migrate-meta-layouts":"default","ast-page-background-enabled":"default","ast-page-background-meta":{"desktop":{"background-color":"","background-image":"","background-repeat":"repeat","background-position":"center center","background-size":"auto","background-attachment":"scroll","background-type":"","background-media":"","overlay-type":"","overlay-color":"","overlay-opacity":"","overlay-gradient":""},"tablet":{"background-color":"","background-image":"","background-repeat":"repeat","background-position":"center center","background-size":"auto","background-attachment":"scroll","background-type":"","background-media":"","overlay-type":"","overlay-color":"","overlay-opacity":"","overlay-gradient":""},"mobile":{"background-color":"","background-image":"","background-repeat":"repeat","background-position":"center center","background-size":"auto","background-attachment":"scroll","background-type":"","background-media":"","overlay-type":"","overlay-color":"","overlay-opacity":"","overlay-gradient":""}},"ast-content-background-meta":{"desktop":{"background-color":"var(--ast-global-color-5)","background-image":"","background-repeat":"repeat","background-position":"center center","background-size":"auto","background-attachment":"scroll","background-type":"","background-media":"","overlay-type":"","overlay-color":"","overlay-opacity":"","overlay-gradient":""},"tablet":{"background-color":"var(--ast-global-color-5)","background-image":"","background-repeat":"repeat","background-position":"center center","background-size":"auto","background-attachment":"scroll","background-type":"","background-media":"","overlay-type":"","overlay-color":"","overlay-opacity":"","overlay-gradient":""},"mobile":{"background-color":"var(--ast-global-color-5)","background-image":"","background-repeat":"repeat","background-position":"center center","background-size":"auto","background-attachment":"scroll","background-type":"","background-media":"","overlay-type":"","overlay-color":"","overlay-opacity":"","overlay-gradient":""}},"footnotes":""},"categories":[18],"tags":[],"class_list":["post-5868","post","type-post","status-publish","format-standard","hentry","category-news-release"],"acf":[],"yoast_head":"<!-- This site is optimized with the Yoast SEO plugin v27.4 - https:\/\/yoast.com\/product\/yoast-seo-wordpress\/ -->\n<title>Shortlist for the 40th anniversary Ruth and Sylvia Schwartz Children\u2019s Book Awards announced - Ontario Arts Foundation<\/title>\n<meta name=\"robots\" content=\"index, follow, max-snippet:-1, max-image-preview:large, max-video-preview:-1\" \/>\n<link rel=\"canonical\" href=\"https:\/\/oafdn.ca\/fr\/shortlist-for-the-40th-anniversary-ruth-and-sylvia-schwartz-childrens-book-awards-announced\/\" \/>\n<meta property=\"og:locale\" content=\"fr_CA\" \/>\n<meta property=\"og:type\" content=\"article\" \/>\n<meta property=\"og:title\" content=\"Shortlist for the 40th anniversary Ruth and Sylvia Schwartz Children\u2019s Book Awards announced - Ontario Arts Foundation\" \/>\n<meta property=\"og:description\" content=\"Toronto, May 12, 2016 \u2013 The\u00a02016 shortlist\u00a0for the\u00a0Ruth and Sylvia Schwartz Children&#8217;s Book Awards\u00a0was announced today. This year marks the\u00a040th anniversary\u00a0of the Schwartz Children\u2019s Book Awards \u2013 the only Canadian literary award where\u00a0student juries\u00a0work together\u00a0to choose the winning books. This year\u2019s winners will be chosen by student juries from\u00a0Toronto\u2019s\u00a0Scarborough Village Alternative Public School. The announcement [&hellip;]\" \/>\n<meta property=\"og:url\" content=\"https:\/\/oafdn.ca\/fr\/shortlist-for-the-40th-anniversary-ruth-and-sylvia-schwartz-childrens-book-awards-announced\/\" \/>\n<meta property=\"og:site_name\" content=\"Ontario Arts Foundation\" \/>\n<meta property=\"article:publisher\" content=\"https:\/\/www.facebook.com\/OntarioArtsFoundation\/\" \/>\n<meta property=\"article:published_time\" content=\"2016-05-12T19:57:00+00:00\" \/>\n<meta property=\"article:modified_time\" content=\"2022-02-15T20:19:53+00:00\" \/>\n<meta property=\"og:image\" content=\"https:\/\/www.oafdn.ca\/system\/uploads\/attachments\/000\/000\/500\/original\/A_Boy_Asked_the_Wind_-_web.png?1462817748\" \/>\n<meta name=\"author\" content=\"tugrul\" \/>\n<meta name=\"twitter:card\" content=\"summary_large_image\" \/>\n<meta name=\"twitter:creator\" content=\"@OntarioArtsFdn\" \/>\n<meta name=\"twitter:site\" content=\"@OntarioArtsFdn\" \/>\n<meta name=\"twitter:label1\" content=\"\u00c9crit par\" \/>\n\t<meta name=\"twitter:data1\" content=\"tugrul\" \/>\n\t<meta name=\"twitter:label2\" content=\"Estimation du temps de lecture\" \/>\n\t<meta name=\"twitter:data2\" content=\"3 minutes\" \/>\n<script type=\"application\/ld+json\" class=\"yoast-schema-graph\">{\"@context\":\"https:\\\/\\\/schema.org\",\"@graph\":[{\"@type\":\"Article\",\"@id\":\"https:\\\/\\\/oafdn.ca\\\/shortlist-for-the-40th-anniversary-ruth-and-sylvia-schwartz-childrens-book-awards-announced\\\/#article\",\"isPartOf\":{\"@id\":\"https:\\\/\\\/oafdn.ca\\\/shortlist-for-the-40th-anniversary-ruth-and-sylvia-schwartz-childrens-book-awards-announced\\\/\"},\"author\":{\"name\":\"tugrul\",\"@id\":\"https:\\\/\\\/oafdn.ca\\\/#\\\/schema\\\/person\\\/9cf84eae88a4fa075dd8cb6ae344f0ac\"},\"headline\":\"Shortlist for the 40th anniversary Ruth and Sylvia Schwartz Children\u2019s Book Awards announced\",\"datePublished\":\"2016-05-12T19:57:00+00:00\",\"dateModified\":\"2022-02-15T20:19:53+00:00\",\"mainEntityOfPage\":{\"@id\":\"https:\\\/\\\/oafdn.ca\\\/shortlist-for-the-40th-anniversary-ruth-and-sylvia-schwartz-childrens-book-awards-announced\\\/\"},\"wordCount\":701,\"publisher\":{\"@id\":\"https:\\\/\\\/oafdn.ca\\\/#organization\"},\"image\":{\"@id\":\"https:\\\/\\\/oafdn.ca\\\/shortlist-for-the-40th-anniversary-ruth-and-sylvia-schwartz-childrens-book-awards-announced\\\/#primaryimage\"},\"thumbnailUrl\":\"https:\\\/\\\/www.oafdn.ca\\\/system\\\/uploads\\\/attachments\\\/000\\\/000\\\/500\\\/original\\\/A_Boy_Asked_the_Wind_-_web.png?1462817748\",\"articleSection\":[\"News Release\"],\"inLanguage\":\"fr-CA\"},{\"@type\":\"WebPage\",\"@id\":\"https:\\\/\\\/oafdn.ca\\\/shortlist-for-the-40th-anniversary-ruth-and-sylvia-schwartz-childrens-book-awards-announced\\\/\",\"url\":\"https:\\\/\\\/oafdn.ca\\\/shortlist-for-the-40th-anniversary-ruth-and-sylvia-schwartz-childrens-book-awards-announced\\\/\",\"name\":\"Shortlist for the 40th anniversary Ruth and Sylvia Schwartz Children\u2019s Book Awards announced - Ontario Arts Foundation\",\"isPartOf\":{\"@id\":\"https:\\\/\\\/oafdn.ca\\\/#website\"},\"primaryImageOfPage\":{\"@id\":\"https:\\\/\\\/oafdn.ca\\\/shortlist-for-the-40th-anniversary-ruth-and-sylvia-schwartz-childrens-book-awards-announced\\\/#primaryimage\"},\"image\":{\"@id\":\"https:\\\/\\\/oafdn.ca\\\/shortlist-for-the-40th-anniversary-ruth-and-sylvia-schwartz-childrens-book-awards-announced\\\/#primaryimage\"},\"thumbnailUrl\":\"https:\\\/\\\/www.oafdn.ca\\\/system\\\/uploads\\\/attachments\\\/000\\\/000\\\/500\\\/original\\\/A_Boy_Asked_the_Wind_-_web.png?1462817748\",\"datePublished\":\"2016-05-12T19:57:00+00:00\",\"dateModified\":\"2022-02-15T20:19:53+00:00\",\"breadcrumb\":{\"@id\":\"https:\\\/\\\/oafdn.ca\\\/shortlist-for-the-40th-anniversary-ruth-and-sylvia-schwartz-childrens-book-awards-announced\\\/#breadcrumb\"},\"inLanguage\":\"fr-CA\",\"potentialAction\":[{\"@type\":\"ReadAction\",\"target\":[\"https:\\\/\\\/oafdn.ca\\\/shortlist-for-the-40th-anniversary-ruth-and-sylvia-schwartz-childrens-book-awards-announced\\\/\"]}]},{\"@type\":\"ImageObject\",\"inLanguage\":\"fr-CA\",\"@id\":\"https:\\\/\\\/oafdn.ca\\\/shortlist-for-the-40th-anniversary-ruth-and-sylvia-schwartz-childrens-book-awards-announced\\\/#primaryimage\",\"url\":\"https:\\\/\\\/www.oafdn.ca\\\/system\\\/uploads\\\/attachments\\\/000\\\/000\\\/500\\\/original\\\/A_Boy_Asked_the_Wind_-_web.png?1462817748\",\"contentUrl\":\"https:\\\/\\\/www.oafdn.ca\\\/system\\\/uploads\\\/attachments\\\/000\\\/000\\\/500\\\/original\\\/A_Boy_Asked_the_Wind_-_web.png?1462817748\"},{\"@type\":\"BreadcrumbList\",\"@id\":\"https:\\\/\\\/oafdn.ca\\\/shortlist-for-the-40th-anniversary-ruth-and-sylvia-schwartz-childrens-book-awards-announced\\\/#breadcrumb\",\"itemListElement\":[{\"@type\":\"ListItem\",\"position\":1,\"name\":\"Home\",\"item\":\"https:\\\/\\\/oafdn.ca\\\/\"},{\"@type\":\"ListItem\",\"position\":2,\"name\":\"Shortlist for the 40th anniversary Ruth and Sylvia Schwartz Children\u2019s Book Awards announced\"}]},{\"@type\":\"WebSite\",\"@id\":\"https:\\\/\\\/oafdn.ca\\\/#website\",\"url\":\"https:\\\/\\\/oafdn.ca\\\/\",\"name\":\"Ontario Arts Foundation\",\"description\":\"The Ontario Arts Foundation is a non-governmental not for profit organization established in 1991 under the Ontario Corporations Act to encourage and facilitate private giving to the arts in Ontario, Canada.\",\"publisher\":{\"@id\":\"https:\\\/\\\/oafdn.ca\\\/#organization\"},\"potentialAction\":[{\"@type\":\"SearchAction\",\"target\":{\"@type\":\"EntryPoint\",\"urlTemplate\":\"https:\\\/\\\/oafdn.ca\\\/?s={search_term_string}\"},\"query-input\":{\"@type\":\"PropertyValueSpecification\",\"valueRequired\":true,\"valueName\":\"search_term_string\"}}],\"inLanguage\":\"fr-CA\"},{\"@type\":\"Organization\",\"@id\":\"https:\\\/\\\/oafdn.ca\\\/#organization\",\"name\":\"Ontario Arts Foundation\",\"url\":\"https:\\\/\\\/oafdn.ca\\\/\",\"logo\":{\"@type\":\"ImageObject\",\"inLanguage\":\"fr-CA\",\"@id\":\"https:\\\/\\\/oafdn.ca\\\/#\\\/schema\\\/logo\\\/image\\\/\",\"url\":\"https:\\\/\\\/oafdn.ca\\\/wp-content\\\/uploads\\\/2022\\\/02\\\/logo1-1.png\",\"contentUrl\":\"https:\\\/\\\/oafdn.ca\\\/wp-content\\\/uploads\\\/2022\\\/02\\\/logo1-1.png\",\"width\":1761,\"height\":487,\"caption\":\"Ontario Arts Foundation\"},\"image\":{\"@id\":\"https:\\\/\\\/oafdn.ca\\\/#\\\/schema\\\/logo\\\/image\\\/\"},\"sameAs\":[\"https:\\\/\\\/www.facebook.com\\\/OntarioArtsFoundation\\\/\",\"https:\\\/\\\/x.com\\\/OntarioArtsFdn\"]},{\"@type\":\"Person\",\"@id\":\"https:\\\/\\\/oafdn.ca\\\/#\\\/schema\\\/person\\\/9cf84eae88a4fa075dd8cb6ae344f0ac\",\"name\":\"tugrul\",\"image\":{\"@type\":\"ImageObject\",\"inLanguage\":\"fr-CA\",\"@id\":\"https:\\\/\\\/secure.gravatar.com\\\/avatar\\\/4a398edccd13e67fc11228206372deb53f9dcd8d7a7fccf69e80b739c725ec52?s=96&d=mm&r=g\",\"url\":\"https:\\\/\\\/secure.gravatar.com\\\/avatar\\\/4a398edccd13e67fc11228206372deb53f9dcd8d7a7fccf69e80b739c725ec52?s=96&d=mm&r=g\",\"contentUrl\":\"https:\\\/\\\/secure.gravatar.com\\\/avatar\\\/4a398edccd13e67fc11228206372deb53f9dcd8d7a7fccf69e80b739c725ec52?s=96&d=mm&r=g\",\"caption\":\"tugrul\"},\"sameAs\":[\"http:\"],\"url\":\"https:\\\/\\\/oafdn.ca\\\/fr\\\/author\\\/tugrul\\\/\"}]}<\/script>\n<!-- \/ Yoast SEO plugin. -->","yoast_head_json":{"title":"Shortlist for the 40th anniversary Ruth and Sylvia Schwartz Children\u2019s Book Awards announced - Ontario Arts Foundation","robots":{"index":"index","follow":"follow","max-snippet":"max-snippet:-1","max-image-preview":"max-image-preview:large","max-video-preview":"max-video-preview:-1"},"canonical":"https:\/\/oafdn.ca\/fr\/shortlist-for-the-40th-anniversary-ruth-and-sylvia-schwartz-childrens-book-awards-announced\/","og_locale":"fr_CA","og_type":"article","og_title":"Shortlist for the 40th anniversary Ruth and Sylvia Schwartz Children\u2019s Book Awards announced - Ontario Arts Foundation","og_description":"Toronto, May 12, 2016 \u2013 The\u00a02016 shortlist\u00a0for the\u00a0Ruth and Sylvia Schwartz Children&#8217;s Book Awards\u00a0was announced today. This year marks the\u00a040th anniversary\u00a0of the Schwartz Children\u2019s Book Awards \u2013 the only Canadian literary award where\u00a0student juries\u00a0work together\u00a0to choose the winning books. This year\u2019s winners will be chosen by student juries from\u00a0Toronto\u2019s\u00a0Scarborough Village Alternative Public School. The announcement [&hellip;]","og_url":"https:\/\/oafdn.ca\/fr\/shortlist-for-the-40th-anniversary-ruth-and-sylvia-schwartz-childrens-book-awards-announced\/","og_site_name":"Ontario Arts Foundation","article_publisher":"https:\/\/www.facebook.com\/OntarioArtsFoundation\/","article_published_time":"2016-05-12T19:57:00+00:00","article_modified_time":"2022-02-15T20:19:53+00:00","og_image":[{"url":"https:\/\/www.oafdn.ca\/system\/uploads\/attachments\/000\/000\/500\/original\/A_Boy_Asked_the_Wind_-_web.png?1462817748","type":"","width":"","height":""}],"author":"tugrul","twitter_card":"summary_large_image","twitter_creator":"@OntarioArtsFdn","twitter_site":"@OntarioArtsFdn","twitter_misc":{"\u00c9crit par":"tugrul","Estimation du temps de lecture":"3 minutes"},"schema":{"@context":"https:\/\/schema.org","@graph":[{"@type":"Article","@id":"https:\/\/oafdn.ca\/shortlist-for-the-40th-anniversary-ruth-and-sylvia-schwartz-childrens-book-awards-announced\/#article","isPartOf":{"@id":"https:\/\/oafdn.ca\/shortlist-for-the-40th-anniversary-ruth-and-sylvia-schwartz-childrens-book-awards-announced\/"},"author":{"name":"tugrul","@id":"https:\/\/oafdn.ca\/#\/schema\/person\/9cf84eae88a4fa075dd8cb6ae344f0ac"},"headline":"Shortlist for the 40th anniversary Ruth and Sylvia Schwartz Children\u2019s Book Awards announced","datePublished":"2016-05-12T19:57:00+00:00","dateModified":"2022-02-15T20:19:53+00:00","mainEntityOfPage":{"@id":"https:\/\/oafdn.ca\/shortlist-for-the-40th-anniversary-ruth-and-sylvia-schwartz-childrens-book-awards-announced\/"},"wordCount":701,"publisher":{"@id":"https:\/\/oafdn.ca\/#organization"},"image":{"@id":"https:\/\/oafdn.ca\/shortlist-for-the-40th-anniversary-ruth-and-sylvia-schwartz-childrens-book-awards-announced\/#primaryimage"},"thumbnailUrl":"https:\/\/www.oafdn.ca\/system\/uploads\/attachments\/000\/000\/500\/original\/A_Boy_Asked_the_Wind_-_web.png?1462817748","articleSection":["News Release"],"inLanguage":"fr-CA"},{"@type":"WebPage","@id":"https:\/\/oafdn.ca\/shortlist-for-the-40th-anniversary-ruth-and-sylvia-schwartz-childrens-book-awards-announced\/","url":"https:\/\/oafdn.ca\/shortlist-for-the-40th-anniversary-ruth-and-sylvia-schwartz-childrens-book-awards-announced\/","name":"Shortlist for the 40th anniversary Ruth and Sylvia Schwartz Children\u2019s Book Awards announced - Ontario Arts Foundation","isPartOf":{"@id":"https:\/\/oafdn.ca\/#website"},"primaryImageOfPage":{"@id":"https:\/\/oafdn.ca\/shortlist-for-the-40th-anniversary-ruth-and-sylvia-schwartz-childrens-book-awards-announced\/#primaryimage"},"image":{"@id":"https:\/\/oafdn.ca\/shortlist-for-the-40th-anniversary-ruth-and-sylvia-schwartz-childrens-book-awards-announced\/#primaryimage"},"thumbnailUrl":"https:\/\/www.oafdn.ca\/system\/uploads\/attachments\/000\/000\/500\/original\/A_Boy_Asked_the_Wind_-_web.png?1462817748","datePublished":"2016-05-12T19:57:00+00:00","dateModified":"2022-02-15T20:19:53+00:00","breadcrumb":{"@id":"https:\/\/oafdn.ca\/shortlist-for-the-40th-anniversary-ruth-and-sylvia-schwartz-childrens-book-awards-announced\/#breadcrumb"},"inLanguage":"fr-CA","potentialAction":[{"@type":"ReadAction","target":["https:\/\/oafdn.ca\/shortlist-for-the-40th-anniversary-ruth-and-sylvia-schwartz-childrens-book-awards-announced\/"]}]},{"@type":"ImageObject","inLanguage":"fr-CA","@id":"https:\/\/oafdn.ca\/shortlist-for-the-40th-anniversary-ruth-and-sylvia-schwartz-childrens-book-awards-announced\/#primaryimage","url":"https:\/\/www.oafdn.ca\/system\/uploads\/attachments\/000\/000\/500\/original\/A_Boy_Asked_the_Wind_-_web.png?1462817748","contentUrl":"https:\/\/www.oafdn.ca\/system\/uploads\/attachments\/000\/000\/500\/original\/A_Boy_Asked_the_Wind_-_web.png?1462817748"},{"@type":"BreadcrumbList","@id":"https:\/\/oafdn.ca\/shortlist-for-the-40th-anniversary-ruth-and-sylvia-schwartz-childrens-book-awards-announced\/#breadcrumb","itemListElement":[{"@type":"ListItem","position":1,"name":"Home","item":"https:\/\/oafdn.ca\/"},{"@type":"ListItem","position":2,"name":"Shortlist for the 40th anniversary Ruth and Sylvia Schwartz Children\u2019s Book Awards announced"}]},{"@type":"WebSite","@id":"https:\/\/oafdn.ca\/#website","url":"https:\/\/oafdn.ca\/","name":"Fondation des arts de l'Ontario","description":"The Ontario Arts Foundation is a non-governmental not for profit organization established in 1991 under the Ontario Corporations Act to encourage and facilitate private giving to the arts in Ontario, Canada.","publisher":{"@id":"https:\/\/oafdn.ca\/#organization"},"potentialAction":[{"@type":"SearchAction","target":{"@type":"EntryPoint","urlTemplate":"https:\/\/oafdn.ca\/?s={search_term_string}"},"query-input":{"@type":"PropertyValueSpecification","valueRequired":true,"valueName":"search_term_string"}}],"inLanguage":"fr-CA"},{"@type":"Organization","@id":"https:\/\/oafdn.ca\/#organization","name":"Fondation des arts de l'Ontario","url":"https:\/\/oafdn.ca\/","logo":{"@type":"ImageObject","inLanguage":"fr-CA","@id":"https:\/\/oafdn.ca\/#\/schema\/logo\/image\/","url":"https:\/\/oafdn.ca\/wp-content\/uploads\/2022\/02\/logo1-1.png","contentUrl":"https:\/\/oafdn.ca\/wp-content\/uploads\/2022\/02\/logo1-1.png","width":1761,"height":487,"caption":"Ontario Arts Foundation"},"image":{"@id":"https:\/\/oafdn.ca\/#\/schema\/logo\/image\/"},"sameAs":["https:\/\/www.facebook.com\/OntarioArtsFoundation\/","https:\/\/x.com\/OntarioArtsFdn"]},{"@type":"Person","@id":"https:\/\/oafdn.ca\/#\/schema\/person\/9cf84eae88a4fa075dd8cb6ae344f0ac","name":"tugrul","image":{"@type":"ImageObject","inLanguage":"fr-CA","@id":"https:\/\/secure.gravatar.com\/avatar\/4a398edccd13e67fc11228206372deb53f9dcd8d7a7fccf69e80b739c725ec52?s=96&d=mm&r=g","url":"https:\/\/secure.gravatar.com\/avatar\/4a398edccd13e67fc11228206372deb53f9dcd8d7a7fccf69e80b739c725ec52?s=96&d=mm&r=g","contentUrl":"https:\/\/secure.gravatar.com\/avatar\/4a398edccd13e67fc11228206372deb53f9dcd8d7a7fccf69e80b739c725ec52?s=96&d=mm&r=g","caption":"tugrul"},"sameAs":["http:"],"url":"https:\/\/oafdn.ca\/fr\/author\/tugrul\/"}]}},"_links":{"self":[{"href":"https:\/\/oafdn.ca\/fr\/wp-json\/wp\/v2\/posts\/5868","targetHints":{"allow":["GET"]}}],"collection":[{"href":"https:\/\/oafdn.ca\/fr\/wp-json\/wp\/v2\/posts"}],"about":[{"href":"https:\/\/oafdn.ca\/fr\/wp-json\/wp\/v2\/types\/post"}],"author":[{"embeddable":true,"href":"https:\/\/oafdn.ca\/fr\/wp-json\/wp\/v2\/users\/1"}],"replies":[{"embeddable":true,"href":"https:\/\/oafdn.ca\/fr\/wp-json\/wp\/v2\/comments?post=5868"}],"version-history":[{"count":10,"href":"https:\/\/oafdn.ca\/fr\/wp-json\/wp\/v2\/posts\/5868\/revisions"}],"predecessor-version":[{"id":5878,"href":"https:\/\/oafdn.ca\/fr\/wp-json\/wp\/v2\/posts\/5868\/revisions\/5878"}],"wp:attachment":[{"href":"https:\/\/oafdn.ca\/fr\/wp-json\/wp\/v2\/media?parent=5868"}],"wp:term":[{"taxonomy":"category","embeddable":true,"href":"https:\/\/oafdn.ca\/fr\/wp-json\/wp\/v2\/categories?post=5868"},{"taxonomy":"post_tag","embeddable":true,"href":"https:\/\/oafdn.ca\/fr\/wp-json\/wp\/v2\/tags?post=5868"}],"curies":[{"name":"wp","href":"https:\/\/api.w.org\/{rel}","templated":true}]}}