{"id":5559,"date":"2015-01-21T03:35:00","date_gmt":"2015-01-21T03:35:00","guid":{"rendered":"https:\/\/oafdn.ca\/?p=5559"},"modified":"2022-08-29T02:26:00","modified_gmt":"2022-08-29T02:26:00","slug":"2015-christina-and-louis-quilico-awards-vocal-competition","status":"publish","type":"post","link":"https:\/\/oafdn.ca\/fr\/2015-christina-and-louis-quilico-awards-vocal-competition\/","title":{"rendered":"Comp\u00e9tition vocale 2015 pour les prix Christina et Louis Quilico"},"content":{"rendered":"<div data-elementor-type=\"wp-post\" data-elementor-id=\"5559\" class=\"elementor elementor-5559\" wpc-filter-elementor-widget=\"1\">\n\t\t\t\t\t\t<section class=\"elementor-section elementor-top-section elementor-element elementor-element-c92e912 elementor-section-boxed elementor-section-height-default elementor-section-height-default\" data-id=\"c92e912\" data-element_type=\"section\" data-e-type=\"section\">\n\t\t\t\t\t\t<div class=\"elementor-container elementor-column-gap-default\">\n\t\t\t\t\t<div class=\"elementor-column elementor-col-100 elementor-top-column elementor-element elementor-element-95fc14d\" data-id=\"95fc14d\" data-element_type=\"column\" data-e-type=\"column\">\n\t\t\t<div class=\"elementor-widget-wrap elementor-element-populated\">\n\t\t\t\t\t\t<div class=\"elementor-element elementor-element-d32b031 elementor-widget elementor-widget-text-editor\" data-id=\"d32b031\" data-element_type=\"widget\" data-e-type=\"widget\" data-widget_type=\"text-editor.default\">\n\t\t\t\t<div class=\"elementor-widget-container\">\n\t\t\t\t\t\t\t\t\t<p class=\"translation-block\">Toronto, le 21 janvier, 2015 - La Fondation des arts de l\u2019Ontario a le plaisir d\u2019annoncer la troisi\u00e8me comp\u00e9tition vocale biennale pour les <strong>prix Christina et Louis Quilico<\/strong> avec les jeunes \u00e9toiles en devenir du Canadian Opera Company Ensemble Studio.<\/p><figure id=\"attachment_5562\" aria-describedby=\"caption-attachment-5562\" style=\"width: 1024px\" class=\"wp-caption alignnone\"><img fetchpriority=\"high\" decoding=\"async\" class=\"wp-image-5562 size-large\" src=\"https:\/\/oafdn.ca\/wp-content\/uploads\/2022\/02\/2014-10-07-COC-EnsembleGroup-008_2-1024x682.jpg\" alt=\"people around piano\" width=\"1024\" height=\"682\" srcset=\"https:\/\/oafdn.ca\/wp-content\/uploads\/2022\/02\/2014-10-07-COC-EnsembleGroup-008_2-1024x682.jpg 1024w, https:\/\/oafdn.ca\/wp-content\/uploads\/2022\/02\/2014-10-07-COC-EnsembleGroup-008_2-300x200.jpg 300w, https:\/\/oafdn.ca\/wp-content\/uploads\/2022\/02\/2014-10-07-COC-EnsembleGroup-008_2-768x511.jpg 768w, https:\/\/oafdn.ca\/wp-content\/uploads\/2022\/02\/2014-10-07-COC-EnsembleGroup-008_2-1536x1022.jpg 1536w, https:\/\/oafdn.ca\/wp-content\/uploads\/2022\/02\/2014-10-07-COC-EnsembleGroup-008_2-2048x1363.jpg 2048w, https:\/\/oafdn.ca\/wp-content\/uploads\/2022\/02\/2014-10-07-COC-EnsembleGroup-008_2-18x12.jpg 18w\" sizes=\"(max-width: 1024px) 100vw, 1024px\" \/><figcaption id=\"caption-attachment-5562\" class=\"wp-caption-text\">membres du 2012\/2013 COC Ensemble Studio (Photo: Chris Hutcheson)<\/figcaption><\/figure><p>\u00a0<\/p><p>\u00a0<\/p><p class=\"translation-block\">La comp\u00e9tition aura lieu le <strong>9 f\u00e9vrier de 17h30 \u00e0 19h30<\/strong> dans <strong>l\u2019Amphith\u00e9\u00e2tre Richard Bradshaw<\/strong> au <strong>Four Seasons Centre for the Performing Arts<\/strong>. La comp\u00e9tition sera jug\u00e9e par un panel compos\u00e9 de <strong>Alexander Neef<\/strong>, Directeur g\u00e9n\u00e9ral de la COC, <strong>John Hess<\/strong>, Head of Collaborative Piano Studies au universit\u00e9 de Western, et <strong>Stuart Hamilton<\/strong>, entraineur vocal, pianiste and auteur. Les jeunes chanteurs participants \u00e0 la comp\u00e9tition le 13 mai chanteront pour des prix en argent en interpr\u00e9tant un air de leur choix et un air choisi par les juges.<\/p><p class=\"translation-block\">\u00ab Louis avait voulu \u00e9tablir (ce prix) avant sa mort, \u00bb explique <strong>Christina Petrowska Quilico<\/strong>. \u00ab C'\u00e9tait vraiment sa vision d\u2019aider les jeunes chanteurs d'op\u00e9ra. Le lancement d'un prix a \u00e9t\u00e9 quelque chose que nous pouvions faire pour l\u00e9guer un h\u00e9ritage \u00e0 la m\u00e9moire de la r\u00e9ussite de Louis en tant que chanteur et en tant que soutien aux g\u00e9n\u00e9rations futures. \u00bb<\/p><p>Cet \u00e9v\u00e9nement est gratuit et ouvert au grand public. Les portes ouvriront \u00e0 17h. Les places sont disponibles sur la base du\u00ab premier arriv\u00e9, premier servi\u00bb et sont limit\u00e9es.<\/p><p class=\"translation-block\"><strong>A propos du COC Ensemble Studio<\/strong>\n<br>\nFond\u00e9 en 1980 par la Canadian Opera Company, l\u2019Ensemble Studio est le programme de formation pour de jeunes professionnels d\u2019op\u00e9ra de tout premier ordre au Canada. Les membres de l\u2019Ensemble Studio sont les artistes en r\u00e9sidence du COC et sont des ambassadeurs importants pour la compagnie. Depuis sa cr\u00e9ation, plus de 180 jeunes chanteurs, entraineurs d\u2019op\u00e9ra, directeur de sc\u00e8ne et chefs d\u2019orchestre professionnels canadiens ont acquis leur premi\u00e8re exp\u00e9rience op\u00e9ratique professionnelle gr\u00e2ce \u00e0 l\u2019Ensemble Studio de la Canadian Opera Company. Les anciens membres comptent parmi eux Ben Heppner, Isabel Bayrakdarian, John Fanning, Wendy Nielsen, David Pomeroy, Joseph Kaiser, Lauren Segal et Krisztina Szab\u00f3.<\/p><p>Il offre un enseignement avanc\u00e9, une exp\u00e9rience de terrain, et des opportunit\u00e9s de d\u00e9veloppement de carri\u00e8re. Les membres de l\u2019Ensemble Studio re\u00e7oivent un m\u00e9lange d'\u00e9tudes approfondies et une exp\u00e9rience pratique gr\u00e2ce \u00e0 un programme individuel sur mesure, sur plusieurs ann\u00e9es, impliquant d\u2019\u00eatre une doublure et l\u2019interpr\u00e9tation de r\u00f4les sur sc\u00e8ne, un coaching vocal intensif, des \u00e9tudes de th\u00e9\u00e2tre et linguistique, et le d\u00e9veloppement des comp\u00e9tences de carri\u00e8re, ainsi que la participation \u00e0 des ateliers de maitres avec des professionnels de l'op\u00e9ra de renomm\u00e9e internationale.<\/p><p>\u00a0<\/p><p><span class=\"plain_grey\"><strong><span class=\"blue\">A propos les prix Christina et Louis Quilico<\/span><br \/><\/strong>Christina Petrowska-Quilico a cr\u00e9\u00e9 le Fonds Christina et Louis Quilico en 2000 en hommage \u00e0 son d\u00e9funt mari, le baryton r\u00e9put\u00e9 Louis Quilico, et pour reconna\u00eetre de jeunes chanteurs et chanteuses, pianistes et compositeurs et compositrices de chant. Durant ses 45 ann\u00e9es pass\u00e9es sur la sc\u00e8ne, Louis Quilico a figur\u00e9 aux m\u00eames g\u00e9n\u00e9riques que Luciano Pavarotti, Placido Domingo, Jos\u00e9 Carreras, Joan Sutherland et Renata Tebaldi. Il a aussi contribu\u00e9 \u00e0 faire avancer la carri\u00e8re de nombreux jeunes chanteurs et chanteuses, gr\u00e2ce \u00e0 son enseignement et aux ateliers ma\u00eetres qu\u2019il donnait. La Fondation des arts de l\u2019Ontario g\u00e8re le fonds de dotations qui finance les Prix Christina et Louis Quilico.<\/span><\/p><p align=\"center\"><span class=\"plain_grey\">-30-<\/span><\/p><p><strong><em>Pour plus d'information, veuillez contacter :<\/em><\/strong>\u00a0<\/p><table border=\"0\" cellspacing=\"0\" cellpadding=\"0\"><tbody><tr><td valign=\"top\" width=\"319\"><p><span class=\"plain_grey\">Alan Walker<br \/><\/span>Directeur g\u00e9n\u00e9ral, Fondation des arts de l'Ontario<br \/>Tel: (416) 969-7413<br \/>awalker@arts.on.ca<\/p><\/td><td valign=\"top\" width=\"319\"><p><span class=\"plain_grey\">Kristin McKinnon<br \/><\/span>Publiciste adjointe, Canadian Opera Company<br \/>Tel: (416) 306-2383<br \/>kmckinnon@coc.ca<\/p><\/td><\/tr><\/tbody><\/table><p>\u00a0<\/p><p class=\"translation-block\">La <a title=\"\" href=\"http:\/\/ontarioartsfoundation.on.ca\/\" target=\"_self\">fondation ds arts de l\u2019Ontario<\/a> (FAO) travaille avec des m\u00e9c\u00e8nes pour renforcer le soutien \u00e0 long terme pour les arts en Ontario. Fond\u00e9e en 1991 comme fondation publique, la FAO administre plus de 300 fonds cr\u00e9\u00e9s par les donneurs individuels, des fondations priv\u00e9es, des entreprises et des organismes artistiques et verse plus de 2,8 millions de dollars annuellement \u00e0 l'appui des arts.<\/p><p class=\"translation-block\"><b><\/p><p align=\"center\"><span class=\"plain_grey\"><em>This document is also available in English.\u00a0<\/em><\/span><\/p>\t\t\t\t\t\t\t\t<\/div>\n\t\t\t\t<\/div>\n\t\t\t\t\t<\/div>\n\t\t<\/div>\n\t\t\t\t\t<\/div>\n\t\t<\/section>\n\t\t\t\t<\/div>","protected":false},"excerpt":{"rendered":"<p>Toronto, January 21, 2015 \u2013The Ontario Arts Foundation is pleased to announce the third biennial&nbsp;Christina and Louis Quilico Awards Vocal Competition&nbsp;featuring the rising young stars of the Canadian Opera Company Ensemble Studio. The competition will take place on&nbsp;February 9, 2015 from 5:30 p.m. to 7;30 p.m.&nbsp;in the&nbsp;Richard Bradshaw Amphitheatreat the&nbsp;Four Seasons Centre for the Performing [&hellip;]<\/p>\n","protected":false},"author":1,"featured_media":0,"comment_status":"closed","ping_status":"closed","sticky":false,"template":"","format":"standard","meta":{"_acf_changed":false,"give_campaign_id":0,"nf_dc_page":"","site-sidebar-layout":"default","site-content-layout":"","ast-site-content-layout":"default","site-content-style":"default","site-sidebar-style":"default","ast-global-header-display":"","ast-banner-title-visibility":"","ast-main-header-display":"","ast-hfb-above-header-display":"","ast-hfb-below-header-display":"","ast-hfb-mobile-header-display":"","site-post-title":"","ast-breadcrumbs-content":"","ast-featured-img":"","footer-sml-layout":"","ast-disable-related-posts":"","theme-transparent-header-meta":"","adv-header-id-meta":"","stick-header-meta":"","header-above-stick-meta":"","header-main-stick-meta":"","header-below-stick-meta":"","astra-migrate-meta-layouts":"default","ast-page-background-enabled":"default","ast-page-background-meta":{"desktop":{"background-color":"","background-image":"","background-repeat":"repeat","background-position":"center center","background-size":"auto","background-attachment":"scroll","background-type":"","background-media":"","overlay-type":"","overlay-color":"","overlay-opacity":"","overlay-gradient":""},"tablet":{"background-color":"","background-image":"","background-repeat":"repeat","background-position":"center center","background-size":"auto","background-attachment":"scroll","background-type":"","background-media":"","overlay-type":"","overlay-color":"","overlay-opacity":"","overlay-gradient":""},"mobile":{"background-color":"","background-image":"","background-repeat":"repeat","background-position":"center center","background-size":"auto","background-attachment":"scroll","background-type":"","background-media":"","overlay-type":"","overlay-color":"","overlay-opacity":"","overlay-gradient":""}},"ast-content-background-meta":{"desktop":{"background-color":"var(--ast-global-color-5)","background-image":"","background-repeat":"repeat","background-position":"center center","background-size":"auto","background-attachment":"scroll","background-type":"","background-media":"","overlay-type":"","overlay-color":"","overlay-opacity":"","overlay-gradient":""},"tablet":{"background-color":"var(--ast-global-color-5)","background-image":"","background-repeat":"repeat","background-position":"center center","background-size":"auto","background-attachment":"scroll","background-type":"","background-media":"","overlay-type":"","overlay-color":"","overlay-opacity":"","overlay-gradient":""},"mobile":{"background-color":"var(--ast-global-color-5)","background-image":"","background-repeat":"repeat","background-position":"center center","background-size":"auto","background-attachment":"scroll","background-type":"","background-media":"","overlay-type":"","overlay-color":"","overlay-opacity":"","overlay-gradient":""}},"footnotes":""},"categories":[18],"tags":[],"class_list":["post-5559","post","type-post","status-publish","format-standard","hentry","category-news-release"],"acf":[],"yoast_head":"<!-- This site is optimized with the Yoast SEO plugin v27.4 - https:\/\/yoast.com\/product\/yoast-seo-wordpress\/ -->\n<title>2015 Christina and Louis Quilico Awards Vocal Competition - Ontario Arts Foundation<\/title>\n<meta name=\"robots\" content=\"index, follow, max-snippet:-1, max-image-preview:large, max-video-preview:-1\" \/>\n<link rel=\"canonical\" href=\"https:\/\/oafdn.ca\/fr\/2015-christina-and-louis-quilico-awards-vocal-competition\/\" \/>\n<meta property=\"og:locale\" content=\"fr_CA\" \/>\n<meta property=\"og:type\" content=\"article\" \/>\n<meta property=\"og:title\" content=\"2015 Christina and Louis Quilico Awards Vocal Competition - Ontario Arts Foundation\" \/>\n<meta property=\"og:description\" content=\"Toronto, January 21, 2015 \u2013The Ontario Arts Foundation is pleased to announce the third biennial&nbsp;Christina and Louis Quilico Awards Vocal Competition&nbsp;featuring the rising young stars of the Canadian Opera Company Ensemble Studio. The competition will take place on&nbsp;February 9, 2015 from 5:30 p.m. to 7;30 p.m.&nbsp;in the&nbsp;Richard Bradshaw Amphitheatreat the&nbsp;Four Seasons Centre for the Performing [&hellip;]\" \/>\n<meta property=\"og:url\" content=\"https:\/\/oafdn.ca\/fr\/2015-christina-and-louis-quilico-awards-vocal-competition\/\" \/>\n<meta property=\"og:site_name\" content=\"Ontario Arts Foundation\" \/>\n<meta property=\"article:publisher\" content=\"https:\/\/www.facebook.com\/OntarioArtsFoundation\/\" \/>\n<meta property=\"article:published_time\" content=\"2015-01-21T03:35:00+00:00\" \/>\n<meta property=\"article:modified_time\" content=\"2022-08-29T02:26:00+00:00\" \/>\n<meta property=\"og:image\" content=\"https:\/\/oafdn.ca\/wp-content\/uploads\/2022\/02\/2014-10-07-COC-EnsembleGroup-008_2-scaled.jpg\" \/>\n\t<meta property=\"og:image:width\" content=\"2560\" \/>\n\t<meta property=\"og:image:height\" content=\"1704\" \/>\n\t<meta property=\"og:image:type\" content=\"image\/jpeg\" \/>\n<meta name=\"author\" content=\"tugrul\" \/>\n<meta name=\"twitter:card\" content=\"summary_large_image\" \/>\n<meta name=\"twitter:creator\" content=\"@OntarioArtsFdn\" \/>\n<meta name=\"twitter:site\" content=\"@OntarioArtsFdn\" \/>\n<meta name=\"twitter:label1\" content=\"\u00c9crit par\" \/>\n\t<meta name=\"twitter:data1\" content=\"tugrul\" \/>\n\t<meta name=\"twitter:label2\" content=\"Estimation du temps de lecture\" \/>\n\t<meta name=\"twitter:data2\" content=\"4 minutes\" \/>\n<script type=\"application\/ld+json\" class=\"yoast-schema-graph\">{\"@context\":\"https:\\\/\\\/schema.org\",\"@graph\":[{\"@type\":\"Article\",\"@id\":\"https:\\\/\\\/oafdn.ca\\\/2015-christina-and-louis-quilico-awards-vocal-competition\\\/#article\",\"isPartOf\":{\"@id\":\"https:\\\/\\\/oafdn.ca\\\/2015-christina-and-louis-quilico-awards-vocal-competition\\\/\"},\"author\":{\"name\":\"tugrul\",\"@id\":\"https:\\\/\\\/oafdn.ca\\\/#\\\/schema\\\/person\\\/9cf84eae88a4fa075dd8cb6ae344f0ac\"},\"headline\":\"2015 Christina and Louis Quilico Awards Vocal Competition\",\"datePublished\":\"2015-01-21T03:35:00+00:00\",\"dateModified\":\"2022-08-29T02:26:00+00:00\",\"mainEntityOfPage\":{\"@id\":\"https:\\\/\\\/oafdn.ca\\\/2015-christina-and-louis-quilico-awards-vocal-competition\\\/\"},\"wordCount\":708,\"publisher\":{\"@id\":\"https:\\\/\\\/oafdn.ca\\\/#organization\"},\"image\":{\"@id\":\"https:\\\/\\\/oafdn.ca\\\/2015-christina-and-louis-quilico-awards-vocal-competition\\\/#primaryimage\"},\"thumbnailUrl\":\"https:\\\/\\\/oafdn.ca\\\/wp-content\\\/uploads\\\/2022\\\/02\\\/2014-10-07-COC-EnsembleGroup-008_2-1024x682.jpg\",\"articleSection\":[\"News Release\"],\"inLanguage\":\"fr-CA\"},{\"@type\":\"WebPage\",\"@id\":\"https:\\\/\\\/oafdn.ca\\\/2015-christina-and-louis-quilico-awards-vocal-competition\\\/\",\"url\":\"https:\\\/\\\/oafdn.ca\\\/2015-christina-and-louis-quilico-awards-vocal-competition\\\/\",\"name\":\"2015 Christina and Louis Quilico Awards Vocal Competition - Ontario Arts Foundation\",\"isPartOf\":{\"@id\":\"https:\\\/\\\/oafdn.ca\\\/#website\"},\"primaryImageOfPage\":{\"@id\":\"https:\\\/\\\/oafdn.ca\\\/2015-christina-and-louis-quilico-awards-vocal-competition\\\/#primaryimage\"},\"image\":{\"@id\":\"https:\\\/\\\/oafdn.ca\\\/2015-christina-and-louis-quilico-awards-vocal-competition\\\/#primaryimage\"},\"thumbnailUrl\":\"https:\\\/\\\/oafdn.ca\\\/wp-content\\\/uploads\\\/2022\\\/02\\\/2014-10-07-COC-EnsembleGroup-008_2-1024x682.jpg\",\"datePublished\":\"2015-01-21T03:35:00+00:00\",\"dateModified\":\"2022-08-29T02:26:00+00:00\",\"breadcrumb\":{\"@id\":\"https:\\\/\\\/oafdn.ca\\\/2015-christina-and-louis-quilico-awards-vocal-competition\\\/#breadcrumb\"},\"inLanguage\":\"fr-CA\",\"potentialAction\":[{\"@type\":\"ReadAction\",\"target\":[\"https:\\\/\\\/oafdn.ca\\\/2015-christina-and-louis-quilico-awards-vocal-competition\\\/\"]}]},{\"@type\":\"ImageObject\",\"inLanguage\":\"fr-CA\",\"@id\":\"https:\\\/\\\/oafdn.ca\\\/2015-christina-and-louis-quilico-awards-vocal-competition\\\/#primaryimage\",\"url\":\"https:\\\/\\\/oafdn.ca\\\/wp-content\\\/uploads\\\/2022\\\/02\\\/2014-10-07-COC-EnsembleGroup-008_2-1024x682.jpg\",\"contentUrl\":\"https:\\\/\\\/oafdn.ca\\\/wp-content\\\/uploads\\\/2022\\\/02\\\/2014-10-07-COC-EnsembleGroup-008_2-1024x682.jpg\"},{\"@type\":\"BreadcrumbList\",\"@id\":\"https:\\\/\\\/oafdn.ca\\\/2015-christina-and-louis-quilico-awards-vocal-competition\\\/#breadcrumb\",\"itemListElement\":[{\"@type\":\"ListItem\",\"position\":1,\"name\":\"Home\",\"item\":\"https:\\\/\\\/oafdn.ca\\\/\"},{\"@type\":\"ListItem\",\"position\":2,\"name\":\"2015 Christina and Louis Quilico Awards Vocal Competition\"}]},{\"@type\":\"WebSite\",\"@id\":\"https:\\\/\\\/oafdn.ca\\\/#website\",\"url\":\"https:\\\/\\\/oafdn.ca\\\/\",\"name\":\"Ontario Arts Foundation\",\"description\":\"The Ontario Arts Foundation is a non-governmental not for profit organization established in 1991 under the Ontario Corporations Act to encourage and facilitate private giving to the arts in Ontario, Canada.\",\"publisher\":{\"@id\":\"https:\\\/\\\/oafdn.ca\\\/#organization\"},\"potentialAction\":[{\"@type\":\"SearchAction\",\"target\":{\"@type\":\"EntryPoint\",\"urlTemplate\":\"https:\\\/\\\/oafdn.ca\\\/?s={search_term_string}\"},\"query-input\":{\"@type\":\"PropertyValueSpecification\",\"valueRequired\":true,\"valueName\":\"search_term_string\"}}],\"inLanguage\":\"fr-CA\"},{\"@type\":\"Organization\",\"@id\":\"https:\\\/\\\/oafdn.ca\\\/#organization\",\"name\":\"Ontario Arts Foundation\",\"url\":\"https:\\\/\\\/oafdn.ca\\\/\",\"logo\":{\"@type\":\"ImageObject\",\"inLanguage\":\"fr-CA\",\"@id\":\"https:\\\/\\\/oafdn.ca\\\/#\\\/schema\\\/logo\\\/image\\\/\",\"url\":\"https:\\\/\\\/oafdn.ca\\\/wp-content\\\/uploads\\\/2022\\\/02\\\/logo1-1.png\",\"contentUrl\":\"https:\\\/\\\/oafdn.ca\\\/wp-content\\\/uploads\\\/2022\\\/02\\\/logo1-1.png\",\"width\":1761,\"height\":487,\"caption\":\"Ontario Arts Foundation\"},\"image\":{\"@id\":\"https:\\\/\\\/oafdn.ca\\\/#\\\/schema\\\/logo\\\/image\\\/\"},\"sameAs\":[\"https:\\\/\\\/www.facebook.com\\\/OntarioArtsFoundation\\\/\",\"https:\\\/\\\/x.com\\\/OntarioArtsFdn\"]},{\"@type\":\"Person\",\"@id\":\"https:\\\/\\\/oafdn.ca\\\/#\\\/schema\\\/person\\\/9cf84eae88a4fa075dd8cb6ae344f0ac\",\"name\":\"tugrul\",\"image\":{\"@type\":\"ImageObject\",\"inLanguage\":\"fr-CA\",\"@id\":\"https:\\\/\\\/secure.gravatar.com\\\/avatar\\\/4a398edccd13e67fc11228206372deb53f9dcd8d7a7fccf69e80b739c725ec52?s=96&d=mm&r=g\",\"url\":\"https:\\\/\\\/secure.gravatar.com\\\/avatar\\\/4a398edccd13e67fc11228206372deb53f9dcd8d7a7fccf69e80b739c725ec52?s=96&d=mm&r=g\",\"contentUrl\":\"https:\\\/\\\/secure.gravatar.com\\\/avatar\\\/4a398edccd13e67fc11228206372deb53f9dcd8d7a7fccf69e80b739c725ec52?s=96&d=mm&r=g\",\"caption\":\"tugrul\"},\"sameAs\":[\"http:\"],\"url\":\"https:\\\/\\\/oafdn.ca\\\/fr\\\/author\\\/tugrul\\\/\"}]}<\/script>\n<!-- \/ Yoast SEO plugin. -->","yoast_head_json":{"title":"2015 Christina and Louis Quilico Awards Vocal Competition - Ontario Arts Foundation","robots":{"index":"index","follow":"follow","max-snippet":"max-snippet:-1","max-image-preview":"max-image-preview:large","max-video-preview":"max-video-preview:-1"},"canonical":"https:\/\/oafdn.ca\/fr\/2015-christina-and-louis-quilico-awards-vocal-competition\/","og_locale":"fr_CA","og_type":"article","og_title":"2015 Christina and Louis Quilico Awards Vocal Competition - Ontario Arts Foundation","og_description":"Toronto, January 21, 2015 \u2013The Ontario Arts Foundation is pleased to announce the third biennial&nbsp;Christina and Louis Quilico Awards Vocal Competition&nbsp;featuring the rising young stars of the Canadian Opera Company Ensemble Studio. The competition will take place on&nbsp;February 9, 2015 from 5:30 p.m. to 7;30 p.m.&nbsp;in the&nbsp;Richard Bradshaw Amphitheatreat the&nbsp;Four Seasons Centre for the Performing [&hellip;]","og_url":"https:\/\/oafdn.ca\/fr\/2015-christina-and-louis-quilico-awards-vocal-competition\/","og_site_name":"Ontario Arts Foundation","article_publisher":"https:\/\/www.facebook.com\/OntarioArtsFoundation\/","article_published_time":"2015-01-21T03:35:00+00:00","article_modified_time":"2022-08-29T02:26:00+00:00","og_image":[{"width":2560,"height":1704,"url":"https:\/\/oafdn.ca\/wp-content\/uploads\/2022\/02\/2014-10-07-COC-EnsembleGroup-008_2-scaled.jpg","type":"image\/jpeg"}],"author":"tugrul","twitter_card":"summary_large_image","twitter_creator":"@OntarioArtsFdn","twitter_site":"@OntarioArtsFdn","twitter_misc":{"\u00c9crit par":"tugrul","Estimation du temps de lecture":"4 minutes"},"schema":{"@context":"https:\/\/schema.org","@graph":[{"@type":"Article","@id":"https:\/\/oafdn.ca\/2015-christina-and-louis-quilico-awards-vocal-competition\/#article","isPartOf":{"@id":"https:\/\/oafdn.ca\/2015-christina-and-louis-quilico-awards-vocal-competition\/"},"author":{"name":"tugrul","@id":"https:\/\/oafdn.ca\/#\/schema\/person\/9cf84eae88a4fa075dd8cb6ae344f0ac"},"headline":"2015 Christina and Louis Quilico Awards Vocal Competition","datePublished":"2015-01-21T03:35:00+00:00","dateModified":"2022-08-29T02:26:00+00:00","mainEntityOfPage":{"@id":"https:\/\/oafdn.ca\/2015-christina-and-louis-quilico-awards-vocal-competition\/"},"wordCount":708,"publisher":{"@id":"https:\/\/oafdn.ca\/#organization"},"image":{"@id":"https:\/\/oafdn.ca\/2015-christina-and-louis-quilico-awards-vocal-competition\/#primaryimage"},"thumbnailUrl":"https:\/\/oafdn.ca\/wp-content\/uploads\/2022\/02\/2014-10-07-COC-EnsembleGroup-008_2-1024x682.jpg","articleSection":["News Release"],"inLanguage":"fr-CA"},{"@type":"WebPage","@id":"https:\/\/oafdn.ca\/2015-christina-and-louis-quilico-awards-vocal-competition\/","url":"https:\/\/oafdn.ca\/2015-christina-and-louis-quilico-awards-vocal-competition\/","name":"2015 Christina and Louis Quilico Awards Vocal Competition - Ontario Arts Foundation","isPartOf":{"@id":"https:\/\/oafdn.ca\/#website"},"primaryImageOfPage":{"@id":"https:\/\/oafdn.ca\/2015-christina-and-louis-quilico-awards-vocal-competition\/#primaryimage"},"image":{"@id":"https:\/\/oafdn.ca\/2015-christina-and-louis-quilico-awards-vocal-competition\/#primaryimage"},"thumbnailUrl":"https:\/\/oafdn.ca\/wp-content\/uploads\/2022\/02\/2014-10-07-COC-EnsembleGroup-008_2-1024x682.jpg","datePublished":"2015-01-21T03:35:00+00:00","dateModified":"2022-08-29T02:26:00+00:00","breadcrumb":{"@id":"https:\/\/oafdn.ca\/2015-christina-and-louis-quilico-awards-vocal-competition\/#breadcrumb"},"inLanguage":"fr-CA","potentialAction":[{"@type":"ReadAction","target":["https:\/\/oafdn.ca\/2015-christina-and-louis-quilico-awards-vocal-competition\/"]}]},{"@type":"ImageObject","inLanguage":"fr-CA","@id":"https:\/\/oafdn.ca\/2015-christina-and-louis-quilico-awards-vocal-competition\/#primaryimage","url":"https:\/\/oafdn.ca\/wp-content\/uploads\/2022\/02\/2014-10-07-COC-EnsembleGroup-008_2-1024x682.jpg","contentUrl":"https:\/\/oafdn.ca\/wp-content\/uploads\/2022\/02\/2014-10-07-COC-EnsembleGroup-008_2-1024x682.jpg"},{"@type":"BreadcrumbList","@id":"https:\/\/oafdn.ca\/2015-christina-and-louis-quilico-awards-vocal-competition\/#breadcrumb","itemListElement":[{"@type":"ListItem","position":1,"name":"Home","item":"https:\/\/oafdn.ca\/"},{"@type":"ListItem","position":2,"name":"2015 Christina and Louis Quilico Awards Vocal Competition"}]},{"@type":"WebSite","@id":"https:\/\/oafdn.ca\/#website","url":"https:\/\/oafdn.ca\/","name":"Fondation des arts de l'Ontario","description":"The Ontario Arts Foundation is a non-governmental not for profit organization established in 1991 under the Ontario Corporations Act to encourage and facilitate private giving to the arts in Ontario, Canada.","publisher":{"@id":"https:\/\/oafdn.ca\/#organization"},"potentialAction":[{"@type":"SearchAction","target":{"@type":"EntryPoint","urlTemplate":"https:\/\/oafdn.ca\/?s={search_term_string}"},"query-input":{"@type":"PropertyValueSpecification","valueRequired":true,"valueName":"search_term_string"}}],"inLanguage":"fr-CA"},{"@type":"Organization","@id":"https:\/\/oafdn.ca\/#organization","name":"Fondation des arts de l'Ontario","url":"https:\/\/oafdn.ca\/","logo":{"@type":"ImageObject","inLanguage":"fr-CA","@id":"https:\/\/oafdn.ca\/#\/schema\/logo\/image\/","url":"https:\/\/oafdn.ca\/wp-content\/uploads\/2022\/02\/logo1-1.png","contentUrl":"https:\/\/oafdn.ca\/wp-content\/uploads\/2022\/02\/logo1-1.png","width":1761,"height":487,"caption":"Ontario Arts Foundation"},"image":{"@id":"https:\/\/oafdn.ca\/#\/schema\/logo\/image\/"},"sameAs":["https:\/\/www.facebook.com\/OntarioArtsFoundation\/","https:\/\/x.com\/OntarioArtsFdn"]},{"@type":"Person","@id":"https:\/\/oafdn.ca\/#\/schema\/person\/9cf84eae88a4fa075dd8cb6ae344f0ac","name":"tugrul","image":{"@type":"ImageObject","inLanguage":"fr-CA","@id":"https:\/\/secure.gravatar.com\/avatar\/4a398edccd13e67fc11228206372deb53f9dcd8d7a7fccf69e80b739c725ec52?s=96&d=mm&r=g","url":"https:\/\/secure.gravatar.com\/avatar\/4a398edccd13e67fc11228206372deb53f9dcd8d7a7fccf69e80b739c725ec52?s=96&d=mm&r=g","contentUrl":"https:\/\/secure.gravatar.com\/avatar\/4a398edccd13e67fc11228206372deb53f9dcd8d7a7fccf69e80b739c725ec52?s=96&d=mm&r=g","caption":"tugrul"},"sameAs":["http:"],"url":"https:\/\/oafdn.ca\/fr\/author\/tugrul\/"}]}},"_links":{"self":[{"href":"https:\/\/oafdn.ca\/fr\/wp-json\/wp\/v2\/posts\/5559","targetHints":{"allow":["GET"]}}],"collection":[{"href":"https:\/\/oafdn.ca\/fr\/wp-json\/wp\/v2\/posts"}],"about":[{"href":"https:\/\/oafdn.ca\/fr\/wp-json\/wp\/v2\/types\/post"}],"author":[{"embeddable":true,"href":"https:\/\/oafdn.ca\/fr\/wp-json\/wp\/v2\/users\/1"}],"replies":[{"embeddable":true,"href":"https:\/\/oafdn.ca\/fr\/wp-json\/wp\/v2\/comments?post=5559"}],"version-history":[{"count":5,"href":"https:\/\/oafdn.ca\/fr\/wp-json\/wp\/v2\/posts\/5559\/revisions"}],"predecessor-version":[{"id":120300,"href":"https:\/\/oafdn.ca\/fr\/wp-json\/wp\/v2\/posts\/5559\/revisions\/120300"}],"wp:attachment":[{"href":"https:\/\/oafdn.ca\/fr\/wp-json\/wp\/v2\/media?parent=5559"}],"wp:term":[{"taxonomy":"category","embeddable":true,"href":"https:\/\/oafdn.ca\/fr\/wp-json\/wp\/v2\/categories?post=5559"},{"taxonomy":"post_tag","embeddable":true,"href":"https:\/\/oafdn.ca\/fr\/wp-json\/wp\/v2\/tags?post=5559"}],"curies":[{"name":"wp","href":"https:\/\/api.w.org\/{rel}","templated":true}]}}