{"id":5536,"date":"2014-12-16T03:07:00","date_gmt":"2014-12-16T03:07:00","guid":{"rendered":"https:\/\/oafdn.ca\/?p=5536"},"modified":"2022-02-14T03:09:44","modified_gmt":"2022-02-14T03:09:44","slug":"composer-mychael-danna-wins-the-2014-louis-applebaum-composers-award","status":"publish","type":"post","link":"https:\/\/oafdn.ca\/fr\/composer-mychael-danna-wins-the-2014-louis-applebaum-composers-award\/","title":{"rendered":"Le compositeur Mychael Danna remporte le Prix Louis Applebaum pour les compositeurs 2014"},"content":{"rendered":"<div data-elementor-type=\"wp-post\" data-elementor-id=\"5536\" class=\"elementor elementor-5536\" wpc-filter-elementor-widget=\"1\">\n\t\t\t\t\t\t<section class=\"elementor-section elementor-top-section elementor-element elementor-element-b849bba elementor-section-boxed elementor-section-height-default elementor-section-height-default\" data-id=\"b849bba\" data-element_type=\"section\" data-e-type=\"section\">\n\t\t\t\t\t\t<div class=\"elementor-container elementor-column-gap-default\">\n\t\t\t\t\t<div class=\"elementor-column elementor-col-100 elementor-top-column elementor-element elementor-element-f394abf\" data-id=\"f394abf\" data-element_type=\"column\" data-e-type=\"column\">\n\t\t\t<div class=\"elementor-widget-wrap elementor-element-populated\">\n\t\t\t\t\t\t<div class=\"elementor-element elementor-element-58ccf42 elementor-widget elementor-widget-text-editor\" data-id=\"58ccf42\" data-element_type=\"widget\" data-e-type=\"widget\" data-widget_type=\"text-editor.default\">\n\t\t\t\t<div class=\"elementor-widget-container\">\n\t\t\t\t\t\t\t\t\t<p class=\"translation-block\"><strong>Toronto - le 16 d\u00e9cembre 2014<\/strong> \u2013 Le compositeur <strong>Mychael Danna<\/strong> est le laur\u00e9at du <strong>Prix Louis Applebaum<\/strong> pour les compositeurs 2014. La r\u00e9compense de <strong>10 000 dollars<\/strong> de cette ann\u00e9e reconnait l\u2019excellence de l\u2019ensemble d\u2019un \u0153uvre dans le domaine de la composition de la musique pour le cin\u00e9ma et la t\u00e9l\u00e9vision.<\/p><figure id=\"attachment_5538\" aria-describedby=\"caption-attachment-5538\" style=\"width: 243px\" class=\"wp-caption alignleft\"><img fetchpriority=\"high\" decoding=\"async\" class=\"size-medium wp-image-5538\" src=\"https:\/\/oafdn.ca\/wp-content\/uploads\/2022\/02\/Mychael_Danna2-243x300.jpg\" alt=\"picture of Mychael Danna,\" width=\"243\" height=\"300\" srcset=\"https:\/\/oafdn.ca\/wp-content\/uploads\/2022\/02\/Mychael_Danna2-243x300.jpg 243w, https:\/\/oafdn.ca\/wp-content\/uploads\/2022\/02\/Mychael_Danna2-10x12.jpg 10w, https:\/\/oafdn.ca\/wp-content\/uploads\/2022\/02\/Mychael_Danna2.jpg 583w\" sizes=\"(max-width: 243px) 100vw, 243px\" \/><figcaption id=\"caption-attachment-5538\" class=\"wp-caption-text\">Mychael Danna,<br \/>laur\u00e9at 2014 du Prix Louis Applebaum pour les compositeurs<\/figcaption><\/figure><p class=\"translation-block\"><strong>Mychael Danna<\/strong> est un compositeur de musique de film prim\u00e9 aux Oscars reconnu pour son m\u00e9lange \u00e9vocateur des traditions non occidentales avec la musique orchestrale et \u00e9lectronique. Il a compos\u00e9 la partition d\u2019inspiration transculturelle prim\u00e9e aux Oscars et aux Golden Globe en 2013 pour \u00ab <a title=\"\" href=\"http:\/\/www.imdb.com\/title\/tt0454876\/\" target=\"_self\">La vie de Pi<\/a> \u00bb d'Ang Lee, ainsi que de nombreux scores prim\u00e9s pour son collaborateur de longue date, Atom Egoyan. Danna a compos\u00e9 pour tous les films d\u2019Egoyan depuis <a title=\"\" href=\"http:\/\/www.imdb.com\/title\/tt0093006\/?ref_=fn_al_tt_1\" target=\"_self\">Family Viewing<\/a> en 1987, remportant le G\u00e9nie pour les films <a title=\"\" href=\"http:\/\/www.imdb.com\/title\/tt0109759\/?ref_=fn_al_tt_1\" target=\"_self\">Exotica<\/a>, <a title=\"\" href=\"http:\/\/www.imdb.com\/title\/tt0165773\/?ref_=fn_al_tt_1\" target=\"_self\">Le voyage de Felicia<\/a>, <a title=\"\" href=\"http:\/\/www.imdb.com\/title\/tt0273435\/?ref_=fn_al_tt_1\" target=\"_self\">Ararat<\/a> et <a title=\"\" href=\"http:\/\/www.imdb.com\/title\/tt0120255\/?ref_=fn_al_tt_1\" target=\"_self\">De beaux lendemains<\/a>. Son nom figure aussi au g\u00e9n\u00e9rique de films oscaris\u00e9s et nomin\u00e9s aux Oscars tels que <a title=\"\" href=\"http:\/\/www.imdb.com\/title\/tt1210166\/?ref_=fn_al_tt_1\" target=\"_self\">Moneyball<\/a>, <a title=\"\" href=\"http:\/\/www.imdb.com\/title\/tt0379725\/?ref_=fn_al_tt_1\" target=\"_self\">Capote<\/a>, <a title=\"\" href=\"http:\/\/www.imdb.com\/title\/tt1054606\/?ref_=fn_al_tt_1\" target=\"_self\">The Imaginarium of Doctor Parnassus<\/a>, <a title=\"\" href=\"http:\/\/www.imdb.com\/title\/tt0265343\/?ref_=fn_al_tt_1\" target=\"_self\">Monsoon Wedding<\/a>, <a title=\"\" href=\"http:\/\/www.imdb.com\/title\/tt0323944\/?ref_=fn_al_tt_1\" target=\"_self\">Shattered Glass<\/a>, <a title=\"\" href=\"http:\/\/www.imdb.com\/title\/tt0449059\/?ref_=fn_al_tt_1\" target=\"_self\">Little Miss Sunshine<\/a>,  <a title=\"\" href=\"http:\/\/www.imdb.com\/title\/tt1022603\/?ref_=fn_al_tt_1\" target=\"_self\">(500) Days of Summer<\/a>, <a title=\"\" href=\"http:\/\/www.imdb.com\/title\/tt0423294\/?ref_=fn_al_tt_1\" target=\"_self\">Surf\u2019s Up<\/a>, <a title=\"\" href=\"http:\/\/www.imdb.com\/title\/tt0240200\/?ref_=fn_al_tt_1\" target=\"_self\">Water<\/a>, <a title=\"\" href=\"http:\/\/www.imdb.com\/title\/tt0168786\/\" target=\"_self\">Antwone Fisher<\/a>, <a title=\"\" href=\"http:\/\/www.imdb.com\/title\/tt0340012\/?ref_=fn_al_tt_1\" target=\"_self\">Being Julia<\/a> et <a title=\"\" href=\"http:\/\/www.imdb.com\/title\/tt0172493\/?ref_=fn_al_tt_1\" target=\"_self\">Girl, Interrupted<\/a>.<\/p><p><span class=\"plain_grey\">\u00ab Les exp\u00e9riences cin\u00e9matographiques les plus gratifiantes sont celles qui demandent un effort pour \u00e9plucher les couches entourant le c\u0153ur de l'histoire afin de trouver la meilleure expression musicale de ce c\u0153ur \u00bb, dit Danna. \u00ab Ce sont toujours ces musiques de film dont je suis le plus fier. \u00bb<\/span><\/p><p class=\"translation-block\">Les membres du jury ont d\u00e9clar\u00e9 que \u00ab la musique de <strong>Mychael Danna<\/strong> est belle, sensible, raffin\u00e9e et tr\u00e8s originale. Sa musique n\u2019exprime pas seulement ce qui est vu et dit, mais cr\u00e9e une r\u00e9ponse \u00e9motionnelle plus profonde au r\u00e9cit. L'effet est pleinement engageant. La contribution de Mychael Danna \u00e0 la discipline artistique est profonde. Il est un compositeur de premier ordre \u00e0 Hollywood qui redonne \u00e0 la communaut\u00e9 et \u00e0 ses pairs, de mani\u00e8re d\u00e9sint\u00e9ress\u00e9e. \u00bb<\/p><p class=\"translation-block\">Mychael a g\u00e9n\u00e9reusement d\u00e9cid\u00e9 de faire don de ce prix \u00e0 la <strong>Facult\u00e9 de musique de l'Universit\u00e9 de Toronto<\/strong>, o\u00f9 Mychael \u00e9tait le premier visiteur distingu\u00e9 en composition de musique de film Louis Applebaum (\u00ab Louis Applebaum Distinguished Visitor in Film Composition \u00bb) \u00e0 l'Universit\u00e9 de Toronto en 2011.<\/p><p><span class=\"plain_grey\">\u00ab Je suis ravi de recevoir ce prix, nomm\u00e9 apr\u00e8s un homme qui a ouvert la voie aux compositeurs canadiens de musique de cin\u00e9ma, de la t\u00e9l\u00e9vision et du th\u00e9\u00e2tre, \u00bb dit Danna. \u00ab J\u2019ai imm\u00e9diatement pens\u00e9 \u00e0 mon alma mater la Facult\u00e9 de musique de l'Universit\u00e9 de Toronto, qui fut si importante pour le lancement de ma carri\u00e8re dans la musique de film. Louis Applebaum a inspir\u00e9 ma g\u00e9n\u00e9ration avec nos premiers pas, et je suis tr\u00e8s heureux de passer cette r\u00e9compense pour aider \u00e0 la formation de la prochaine g\u00e9n\u00e9ration de compositeurs au Canada. \u00bb<\/span><\/p><p class=\"translation-block\">Le <strong>Fonds Louis Applebaum<\/strong> pour les compositeurs a \u00e9t\u00e9 \u00e9tabli \u00e0 la Fondation des arts de l'Ontario en 1998 par <strong>Louis Applebaum<\/strong> pour reconna\u00eetre l\u2019excellence en composition musicale quant \u00e0 tout genre que se soit. Le compositeur canadien Louis Applebaum a consacr\u00e9 sa vie au r\u00e9veil culturel du Canada et cette magnifique obsession l\u2019a amen\u00e9 \u00e0 devenir un fondateur de la Ligue canadienne des compositeurs ainsi que du Centre de musique canadienne. Il a contribu\u00e9 \u00e0 la cr\u00e9ation de l\u2019Office national du film du Canada, du festival de Stratford et du Centre national des Arts, \u00e0 Ottawa.<\/p><p class=\"translation-block\">La <strong>Fondation des arts de l\u2019Ontario<\/strong> g\u00e8re le fonds de dotation qui finance le prix. Le <strong>Conseil des arts de l\u2019Ontario<\/strong> administre le processus de nomination et de s\u00e9lection. Le laur\u00e9at a \u00e9t\u00e9 s\u00e9lectionn\u00e9 par un jury compos\u00e9 de <strong>Maxime Goulet<\/strong>, compositeur (Montr\u00e9al), <strong>Paul Hoffert<\/strong>, compositeur, \u00e9ducateur, auteur et pr\u00e9sident de la Ligue canadienne des compositeurs (Toronto), et <strong>Lea Marin<\/strong>, productrice de films (Toronto).<\/p><p class=\"translation-block\">Les pr\u00e9c\u00e9dents laur\u00e9ats du Prix Louis Applebaum pour les compositeurs sont : <strong>Dean Burry<\/strong> (composition pour jeunes personnes), <strong>David Virelles<\/strong> (jazz), <strong>James Rolfe<\/strong> (th\u00e9\u00e2tre, th\u00e9\u00e2tre musical, danse ou op\u00e9ra), <strong>Alexina Louie<\/strong> et Alex Pauk (cin\u00e9ma et t\u00e9l\u00e9vision), et <strong>R. Murray Schaefer<\/strong> (pour l'ensemble de son \u0153uvre). ;<\/p><p style=\"text-align: center;\"><br \/><span class=\"plain_grey\">-30-<\/span><\/p><div><p><strong><span class=\"plain_black\">Pour plus d\u2019information, veuillez contacter:<\/span><br \/><\/strong>\u00a0<span class=\"plain_black\"><strong><br \/><\/strong><\/span>Alan Walker, Directeur g\u00e9n\u00e9ral<br \/>Fondation des arts de l'Ontario<br \/>416-969-7413 |\u00a0<a title=\"\" href=\"mailto:awalker@arts.on.ca\">awalker@arts.on.ca<\/a><\/p><p>\u00a0<\/p><p class=\"translation-block\"><em>\u00c9tablie en 1991, la <\/em><a title=\"\" href=\"https:\/\/oafdn.ca\/fr\/\" target=\"_self\"><strong>Fondation des arts de l\u2019Ontario<\/strong><\/a> (FAO) est passionn\u00e9ment engag\u00e9e \u00e0 construire un soutien \u00e0 long terme pour les arts en Ontario.  En 2013-2014, <em>la FAO a vers\u00e9 plus de <\/em>2.7 million de dollars en revenus de dotation et 200 000 <em>dollars en prix et bourses.<\/em><\/p><p class=\"translation-block\">Depuis plus de cinquante ans, le <a title=\"\" href=\"http:\/\/www.arts.on.ca\/Page11.aspx\" target=\"_self\"><strong>Consil des arts de l\u2019Ontario<\/strong><\/a> (CAO) <em>joue un r\u00f4le essentiel dans la promotion et l'aide au d\u00e9veloppement des arts pour le profit de tous les Ontariens et Ontariennes. En <\/em> 2013-2014, le CAO a financ\u00e9 1 737artistes et 1 095organisations dans 223collectivit\u00e9s de l'Ontario, <em>pour un total de 52,1 millions de dollars.<\/em><\/p><p style=\"text-align: center;\"><span class=\"plain_grey\">\u00a0<em>This document is also available in English.<\/em><\/span><\/p><\/div>\t\t\t\t\t\t\t\t<\/div>\n\t\t\t\t<\/div>\n\t\t\t\t\t<\/div>\n\t\t<\/div>\n\t\t\t\t\t<\/div>\n\t\t<\/section>\n\t\t\t\t<\/div>","protected":false},"excerpt":{"rendered":"<p>Toronto &#8211; December 16, 2014 \u2013\u00a0Composer\u00a0Mychael Danna\u00a0is the 2014 recipient of the\u00a0Louis Applebaum Composers Award. This year\u2019s\u00a0$10,000\u00a0award recognizes excellence in a body of work by an artist in the field of music composition for film and television. Mychael Danna\u00a0is an Academy Award-winning film composer recognized for his evocative blending of non-western traditions with orchestral and [&hellip;]<\/p>\n","protected":false},"author":1,"featured_media":0,"comment_status":"closed","ping_status":"closed","sticky":false,"template":"","format":"standard","meta":{"_acf_changed":false,"give_campaign_id":0,"nf_dc_page":"","site-sidebar-layout":"default","site-content-layout":"","ast-site-content-layout":"default","site-content-style":"default","site-sidebar-style":"default","ast-global-header-display":"","ast-banner-title-visibility":"","ast-main-header-display":"","ast-hfb-above-header-display":"","ast-hfb-below-header-display":"","ast-hfb-mobile-header-display":"","site-post-title":"","ast-breadcrumbs-content":"","ast-featured-img":"","footer-sml-layout":"","ast-disable-related-posts":"","theme-transparent-header-meta":"","adv-header-id-meta":"","stick-header-meta":"","header-above-stick-meta":"","header-main-stick-meta":"","header-below-stick-meta":"","astra-migrate-meta-layouts":"default","ast-page-background-enabled":"default","ast-page-background-meta":{"desktop":{"background-color":"","background-image":"","background-repeat":"repeat","background-position":"center center","background-size":"auto","background-attachment":"scroll","background-type":"","background-media":"","overlay-type":"","overlay-color":"","overlay-opacity":"","overlay-gradient":""},"tablet":{"background-color":"","background-image":"","background-repeat":"repeat","background-position":"center center","background-size":"auto","background-attachment":"scroll","background-type":"","background-media":"","overlay-type":"","overlay-color":"","overlay-opacity":"","overlay-gradient":""},"mobile":{"background-color":"","background-image":"","background-repeat":"repeat","background-position":"center center","background-size":"auto","background-attachment":"scroll","background-type":"","background-media":"","overlay-type":"","overlay-color":"","overlay-opacity":"","overlay-gradient":""}},"ast-content-background-meta":{"desktop":{"background-color":"var(--ast-global-color-5)","background-image":"","background-repeat":"repeat","background-position":"center center","background-size":"auto","background-attachment":"scroll","background-type":"","background-media":"","overlay-type":"","overlay-color":"","overlay-opacity":"","overlay-gradient":""},"tablet":{"background-color":"var(--ast-global-color-5)","background-image":"","background-repeat":"repeat","background-position":"center center","background-size":"auto","background-attachment":"scroll","background-type":"","background-media":"","overlay-type":"","overlay-color":"","overlay-opacity":"","overlay-gradient":""},"mobile":{"background-color":"var(--ast-global-color-5)","background-image":"","background-repeat":"repeat","background-position":"center center","background-size":"auto","background-attachment":"scroll","background-type":"","background-media":"","overlay-type":"","overlay-color":"","overlay-opacity":"","overlay-gradient":""}},"footnotes":""},"categories":[18],"tags":[],"class_list":["post-5536","post","type-post","status-publish","format-standard","hentry","category-news-release"],"acf":[],"yoast_head":"<!-- This site is optimized with the Yoast SEO plugin v27.4 - https:\/\/yoast.com\/product\/yoast-seo-wordpress\/ -->\n<title>Composer Mychael Danna Wins the 2014 Louis Applebaum Composers Award - Ontario Arts Foundation<\/title>\n<meta name=\"robots\" content=\"index, follow, max-snippet:-1, max-image-preview:large, max-video-preview:-1\" \/>\n<link rel=\"canonical\" href=\"https:\/\/oafdn.ca\/fr\/composer-mychael-danna-wins-the-2014-louis-applebaum-composers-award\/\" \/>\n<meta property=\"og:locale\" content=\"fr_CA\" \/>\n<meta property=\"og:type\" content=\"article\" \/>\n<meta property=\"og:title\" content=\"Composer Mychael Danna Wins the 2014 Louis Applebaum Composers Award - Ontario Arts Foundation\" \/>\n<meta property=\"og:description\" content=\"Toronto &#8211; December 16, 2014 \u2013\u00a0Composer\u00a0Mychael Danna\u00a0is the 2014 recipient of the\u00a0Louis Applebaum Composers Award. This year\u2019s\u00a0$10,000\u00a0award recognizes excellence in a body of work by an artist in the field of music composition for film and television. Mychael Danna\u00a0is an Academy Award-winning film composer recognized for his evocative blending of non-western traditions with orchestral and [&hellip;]\" \/>\n<meta property=\"og:url\" content=\"https:\/\/oafdn.ca\/fr\/composer-mychael-danna-wins-the-2014-louis-applebaum-composers-award\/\" \/>\n<meta property=\"og:site_name\" content=\"Ontario Arts Foundation\" \/>\n<meta property=\"article:publisher\" content=\"https:\/\/www.facebook.com\/OntarioArtsFoundation\/\" \/>\n<meta property=\"article:published_time\" content=\"2014-12-16T03:07:00+00:00\" \/>\n<meta property=\"article:modified_time\" content=\"2022-02-14T03:09:44+00:00\" \/>\n<meta property=\"og:image\" content=\"https:\/\/oafdn.ca\/wp-content\/uploads\/2022\/02\/Mychael_Danna2.jpg\" \/>\n\t<meta property=\"og:image:width\" content=\"583\" \/>\n\t<meta property=\"og:image:height\" content=\"719\" \/>\n\t<meta property=\"og:image:type\" content=\"image\/jpeg\" \/>\n<meta name=\"author\" content=\"tugrul\" \/>\n<meta name=\"twitter:card\" content=\"summary_large_image\" \/>\n<meta name=\"twitter:creator\" content=\"@OntarioArtsFdn\" \/>\n<meta name=\"twitter:site\" content=\"@OntarioArtsFdn\" \/>\n<meta name=\"twitter:label1\" content=\"\u00c9crit par\" \/>\n\t<meta name=\"twitter:data1\" content=\"tugrul\" \/>\n\t<meta name=\"twitter:label2\" content=\"Estimation du temps de lecture\" \/>\n\t<meta name=\"twitter:data2\" content=\"3 minutes\" \/>\n<script type=\"application\/ld+json\" class=\"yoast-schema-graph\">{\"@context\":\"https:\\\/\\\/schema.org\",\"@graph\":[{\"@type\":\"Article\",\"@id\":\"https:\\\/\\\/oafdn.ca\\\/composer-mychael-danna-wins-the-2014-louis-applebaum-composers-award\\\/#article\",\"isPartOf\":{\"@id\":\"https:\\\/\\\/oafdn.ca\\\/composer-mychael-danna-wins-the-2014-louis-applebaum-composers-award\\\/\"},\"author\":{\"name\":\"tugrul\",\"@id\":\"https:\\\/\\\/oafdn.ca\\\/#\\\/schema\\\/person\\\/9cf84eae88a4fa075dd8cb6ae344f0ac\"},\"headline\":\"Composer Mychael Danna Wins the 2014 Louis Applebaum Composers Award\",\"datePublished\":\"2014-12-16T03:07:00+00:00\",\"dateModified\":\"2022-02-14T03:09:44+00:00\",\"mainEntityOfPage\":{\"@id\":\"https:\\\/\\\/oafdn.ca\\\/composer-mychael-danna-wins-the-2014-louis-applebaum-composers-award\\\/\"},\"wordCount\":696,\"publisher\":{\"@id\":\"https:\\\/\\\/oafdn.ca\\\/#organization\"},\"image\":{\"@id\":\"https:\\\/\\\/oafdn.ca\\\/composer-mychael-danna-wins-the-2014-louis-applebaum-composers-award\\\/#primaryimage\"},\"thumbnailUrl\":\"https:\\\/\\\/oafdn.ca\\\/wp-content\\\/uploads\\\/2022\\\/02\\\/Mychael_Danna2-243x300.jpg\",\"articleSection\":[\"News Release\"],\"inLanguage\":\"fr-CA\"},{\"@type\":\"WebPage\",\"@id\":\"https:\\\/\\\/oafdn.ca\\\/composer-mychael-danna-wins-the-2014-louis-applebaum-composers-award\\\/\",\"url\":\"https:\\\/\\\/oafdn.ca\\\/composer-mychael-danna-wins-the-2014-louis-applebaum-composers-award\\\/\",\"name\":\"Composer Mychael Danna Wins the 2014 Louis Applebaum Composers Award - Ontario Arts Foundation\",\"isPartOf\":{\"@id\":\"https:\\\/\\\/oafdn.ca\\\/#website\"},\"primaryImageOfPage\":{\"@id\":\"https:\\\/\\\/oafdn.ca\\\/composer-mychael-danna-wins-the-2014-louis-applebaum-composers-award\\\/#primaryimage\"},\"image\":{\"@id\":\"https:\\\/\\\/oafdn.ca\\\/composer-mychael-danna-wins-the-2014-louis-applebaum-composers-award\\\/#primaryimage\"},\"thumbnailUrl\":\"https:\\\/\\\/oafdn.ca\\\/wp-content\\\/uploads\\\/2022\\\/02\\\/Mychael_Danna2-243x300.jpg\",\"datePublished\":\"2014-12-16T03:07:00+00:00\",\"dateModified\":\"2022-02-14T03:09:44+00:00\",\"breadcrumb\":{\"@id\":\"https:\\\/\\\/oafdn.ca\\\/composer-mychael-danna-wins-the-2014-louis-applebaum-composers-award\\\/#breadcrumb\"},\"inLanguage\":\"fr-CA\",\"potentialAction\":[{\"@type\":\"ReadAction\",\"target\":[\"https:\\\/\\\/oafdn.ca\\\/composer-mychael-danna-wins-the-2014-louis-applebaum-composers-award\\\/\"]}]},{\"@type\":\"ImageObject\",\"inLanguage\":\"fr-CA\",\"@id\":\"https:\\\/\\\/oafdn.ca\\\/composer-mychael-danna-wins-the-2014-louis-applebaum-composers-award\\\/#primaryimage\",\"url\":\"https:\\\/\\\/oafdn.ca\\\/wp-content\\\/uploads\\\/2022\\\/02\\\/Mychael_Danna2-243x300.jpg\",\"contentUrl\":\"https:\\\/\\\/oafdn.ca\\\/wp-content\\\/uploads\\\/2022\\\/02\\\/Mychael_Danna2-243x300.jpg\"},{\"@type\":\"BreadcrumbList\",\"@id\":\"https:\\\/\\\/oafdn.ca\\\/composer-mychael-danna-wins-the-2014-louis-applebaum-composers-award\\\/#breadcrumb\",\"itemListElement\":[{\"@type\":\"ListItem\",\"position\":1,\"name\":\"Home\",\"item\":\"https:\\\/\\\/oafdn.ca\\\/\"},{\"@type\":\"ListItem\",\"position\":2,\"name\":\"Composer Mychael Danna Wins the 2014 Louis Applebaum Composers Award\"}]},{\"@type\":\"WebSite\",\"@id\":\"https:\\\/\\\/oafdn.ca\\\/#website\",\"url\":\"https:\\\/\\\/oafdn.ca\\\/\",\"name\":\"Ontario Arts Foundation\",\"description\":\"The Ontario Arts Foundation is a non-governmental not for profit organization established in 1991 under the Ontario Corporations Act to encourage and facilitate private giving to the arts in Ontario, Canada.\",\"publisher\":{\"@id\":\"https:\\\/\\\/oafdn.ca\\\/#organization\"},\"potentialAction\":[{\"@type\":\"SearchAction\",\"target\":{\"@type\":\"EntryPoint\",\"urlTemplate\":\"https:\\\/\\\/oafdn.ca\\\/?s={search_term_string}\"},\"query-input\":{\"@type\":\"PropertyValueSpecification\",\"valueRequired\":true,\"valueName\":\"search_term_string\"}}],\"inLanguage\":\"fr-CA\"},{\"@type\":\"Organization\",\"@id\":\"https:\\\/\\\/oafdn.ca\\\/#organization\",\"name\":\"Ontario Arts Foundation\",\"url\":\"https:\\\/\\\/oafdn.ca\\\/\",\"logo\":{\"@type\":\"ImageObject\",\"inLanguage\":\"fr-CA\",\"@id\":\"https:\\\/\\\/oafdn.ca\\\/#\\\/schema\\\/logo\\\/image\\\/\",\"url\":\"https:\\\/\\\/oafdn.ca\\\/wp-content\\\/uploads\\\/2022\\\/02\\\/logo1-1.png\",\"contentUrl\":\"https:\\\/\\\/oafdn.ca\\\/wp-content\\\/uploads\\\/2022\\\/02\\\/logo1-1.png\",\"width\":1761,\"height\":487,\"caption\":\"Ontario Arts Foundation\"},\"image\":{\"@id\":\"https:\\\/\\\/oafdn.ca\\\/#\\\/schema\\\/logo\\\/image\\\/\"},\"sameAs\":[\"https:\\\/\\\/www.facebook.com\\\/OntarioArtsFoundation\\\/\",\"https:\\\/\\\/x.com\\\/OntarioArtsFdn\"]},{\"@type\":\"Person\",\"@id\":\"https:\\\/\\\/oafdn.ca\\\/#\\\/schema\\\/person\\\/9cf84eae88a4fa075dd8cb6ae344f0ac\",\"name\":\"tugrul\",\"image\":{\"@type\":\"ImageObject\",\"inLanguage\":\"fr-CA\",\"@id\":\"https:\\\/\\\/secure.gravatar.com\\\/avatar\\\/4a398edccd13e67fc11228206372deb53f9dcd8d7a7fccf69e80b739c725ec52?s=96&d=mm&r=g\",\"url\":\"https:\\\/\\\/secure.gravatar.com\\\/avatar\\\/4a398edccd13e67fc11228206372deb53f9dcd8d7a7fccf69e80b739c725ec52?s=96&d=mm&r=g\",\"contentUrl\":\"https:\\\/\\\/secure.gravatar.com\\\/avatar\\\/4a398edccd13e67fc11228206372deb53f9dcd8d7a7fccf69e80b739c725ec52?s=96&d=mm&r=g\",\"caption\":\"tugrul\"},\"sameAs\":[\"http:\"],\"url\":\"https:\\\/\\\/oafdn.ca\\\/fr\\\/author\\\/tugrul\\\/\"}]}<\/script>\n<!-- \/ Yoast SEO plugin. -->","yoast_head_json":{"title":"Composer Mychael Danna Wins the 2014 Louis Applebaum Composers Award - Ontario Arts Foundation","robots":{"index":"index","follow":"follow","max-snippet":"max-snippet:-1","max-image-preview":"max-image-preview:large","max-video-preview":"max-video-preview:-1"},"canonical":"https:\/\/oafdn.ca\/fr\/composer-mychael-danna-wins-the-2014-louis-applebaum-composers-award\/","og_locale":"fr_CA","og_type":"article","og_title":"Composer Mychael Danna Wins the 2014 Louis Applebaum Composers Award - Ontario Arts Foundation","og_description":"Toronto &#8211; December 16, 2014 \u2013\u00a0Composer\u00a0Mychael Danna\u00a0is the 2014 recipient of the\u00a0Louis Applebaum Composers Award. This year\u2019s\u00a0$10,000\u00a0award recognizes excellence in a body of work by an artist in the field of music composition for film and television. Mychael Danna\u00a0is an Academy Award-winning film composer recognized for his evocative blending of non-western traditions with orchestral and [&hellip;]","og_url":"https:\/\/oafdn.ca\/fr\/composer-mychael-danna-wins-the-2014-louis-applebaum-composers-award\/","og_site_name":"Ontario Arts Foundation","article_publisher":"https:\/\/www.facebook.com\/OntarioArtsFoundation\/","article_published_time":"2014-12-16T03:07:00+00:00","article_modified_time":"2022-02-14T03:09:44+00:00","og_image":[{"width":583,"height":719,"url":"https:\/\/oafdn.ca\/wp-content\/uploads\/2022\/02\/Mychael_Danna2.jpg","type":"image\/jpeg"}],"author":"tugrul","twitter_card":"summary_large_image","twitter_creator":"@OntarioArtsFdn","twitter_site":"@OntarioArtsFdn","twitter_misc":{"\u00c9crit par":"tugrul","Estimation du temps de lecture":"3 minutes"},"schema":{"@context":"https:\/\/schema.org","@graph":[{"@type":"Article","@id":"https:\/\/oafdn.ca\/composer-mychael-danna-wins-the-2014-louis-applebaum-composers-award\/#article","isPartOf":{"@id":"https:\/\/oafdn.ca\/composer-mychael-danna-wins-the-2014-louis-applebaum-composers-award\/"},"author":{"name":"tugrul","@id":"https:\/\/oafdn.ca\/#\/schema\/person\/9cf84eae88a4fa075dd8cb6ae344f0ac"},"headline":"Composer Mychael Danna Wins the 2014 Louis Applebaum Composers Award","datePublished":"2014-12-16T03:07:00+00:00","dateModified":"2022-02-14T03:09:44+00:00","mainEntityOfPage":{"@id":"https:\/\/oafdn.ca\/composer-mychael-danna-wins-the-2014-louis-applebaum-composers-award\/"},"wordCount":696,"publisher":{"@id":"https:\/\/oafdn.ca\/#organization"},"image":{"@id":"https:\/\/oafdn.ca\/composer-mychael-danna-wins-the-2014-louis-applebaum-composers-award\/#primaryimage"},"thumbnailUrl":"https:\/\/oafdn.ca\/wp-content\/uploads\/2022\/02\/Mychael_Danna2-243x300.jpg","articleSection":["News Release"],"inLanguage":"fr-CA"},{"@type":"WebPage","@id":"https:\/\/oafdn.ca\/composer-mychael-danna-wins-the-2014-louis-applebaum-composers-award\/","url":"https:\/\/oafdn.ca\/composer-mychael-danna-wins-the-2014-louis-applebaum-composers-award\/","name":"Composer Mychael Danna Wins the 2014 Louis Applebaum Composers Award - Ontario Arts Foundation","isPartOf":{"@id":"https:\/\/oafdn.ca\/#website"},"primaryImageOfPage":{"@id":"https:\/\/oafdn.ca\/composer-mychael-danna-wins-the-2014-louis-applebaum-composers-award\/#primaryimage"},"image":{"@id":"https:\/\/oafdn.ca\/composer-mychael-danna-wins-the-2014-louis-applebaum-composers-award\/#primaryimage"},"thumbnailUrl":"https:\/\/oafdn.ca\/wp-content\/uploads\/2022\/02\/Mychael_Danna2-243x300.jpg","datePublished":"2014-12-16T03:07:00+00:00","dateModified":"2022-02-14T03:09:44+00:00","breadcrumb":{"@id":"https:\/\/oafdn.ca\/composer-mychael-danna-wins-the-2014-louis-applebaum-composers-award\/#breadcrumb"},"inLanguage":"fr-CA","potentialAction":[{"@type":"ReadAction","target":["https:\/\/oafdn.ca\/composer-mychael-danna-wins-the-2014-louis-applebaum-composers-award\/"]}]},{"@type":"ImageObject","inLanguage":"fr-CA","@id":"https:\/\/oafdn.ca\/composer-mychael-danna-wins-the-2014-louis-applebaum-composers-award\/#primaryimage","url":"https:\/\/oafdn.ca\/wp-content\/uploads\/2022\/02\/Mychael_Danna2-243x300.jpg","contentUrl":"https:\/\/oafdn.ca\/wp-content\/uploads\/2022\/02\/Mychael_Danna2-243x300.jpg"},{"@type":"BreadcrumbList","@id":"https:\/\/oafdn.ca\/composer-mychael-danna-wins-the-2014-louis-applebaum-composers-award\/#breadcrumb","itemListElement":[{"@type":"ListItem","position":1,"name":"Home","item":"https:\/\/oafdn.ca\/"},{"@type":"ListItem","position":2,"name":"Composer Mychael Danna Wins the 2014 Louis Applebaum Composers Award"}]},{"@type":"WebSite","@id":"https:\/\/oafdn.ca\/#website","url":"https:\/\/oafdn.ca\/","name":"Fondation des arts de l'Ontario","description":"The Ontario Arts Foundation is a non-governmental not for profit organization established in 1991 under the Ontario Corporations Act to encourage and facilitate private giving to the arts in Ontario, Canada.","publisher":{"@id":"https:\/\/oafdn.ca\/#organization"},"potentialAction":[{"@type":"SearchAction","target":{"@type":"EntryPoint","urlTemplate":"https:\/\/oafdn.ca\/?s={search_term_string}"},"query-input":{"@type":"PropertyValueSpecification","valueRequired":true,"valueName":"search_term_string"}}],"inLanguage":"fr-CA"},{"@type":"Organization","@id":"https:\/\/oafdn.ca\/#organization","name":"Fondation des arts de l'Ontario","url":"https:\/\/oafdn.ca\/","logo":{"@type":"ImageObject","inLanguage":"fr-CA","@id":"https:\/\/oafdn.ca\/#\/schema\/logo\/image\/","url":"https:\/\/oafdn.ca\/wp-content\/uploads\/2022\/02\/logo1-1.png","contentUrl":"https:\/\/oafdn.ca\/wp-content\/uploads\/2022\/02\/logo1-1.png","width":1761,"height":487,"caption":"Ontario Arts Foundation"},"image":{"@id":"https:\/\/oafdn.ca\/#\/schema\/logo\/image\/"},"sameAs":["https:\/\/www.facebook.com\/OntarioArtsFoundation\/","https:\/\/x.com\/OntarioArtsFdn"]},{"@type":"Person","@id":"https:\/\/oafdn.ca\/#\/schema\/person\/9cf84eae88a4fa075dd8cb6ae344f0ac","name":"tugrul","image":{"@type":"ImageObject","inLanguage":"fr-CA","@id":"https:\/\/secure.gravatar.com\/avatar\/4a398edccd13e67fc11228206372deb53f9dcd8d7a7fccf69e80b739c725ec52?s=96&d=mm&r=g","url":"https:\/\/secure.gravatar.com\/avatar\/4a398edccd13e67fc11228206372deb53f9dcd8d7a7fccf69e80b739c725ec52?s=96&d=mm&r=g","contentUrl":"https:\/\/secure.gravatar.com\/avatar\/4a398edccd13e67fc11228206372deb53f9dcd8d7a7fccf69e80b739c725ec52?s=96&d=mm&r=g","caption":"tugrul"},"sameAs":["http:"],"url":"https:\/\/oafdn.ca\/fr\/author\/tugrul\/"}]}},"_links":{"self":[{"href":"https:\/\/oafdn.ca\/fr\/wp-json\/wp\/v2\/posts\/5536","targetHints":{"allow":["GET"]}}],"collection":[{"href":"https:\/\/oafdn.ca\/fr\/wp-json\/wp\/v2\/posts"}],"about":[{"href":"https:\/\/oafdn.ca\/fr\/wp-json\/wp\/v2\/types\/post"}],"author":[{"embeddable":true,"href":"https:\/\/oafdn.ca\/fr\/wp-json\/wp\/v2\/users\/1"}],"replies":[{"embeddable":true,"href":"https:\/\/oafdn.ca\/fr\/wp-json\/wp\/v2\/comments?post=5536"}],"version-history":[{"count":4,"href":"https:\/\/oafdn.ca\/fr\/wp-json\/wp\/v2\/posts\/5536\/revisions"}],"predecessor-version":[{"id":5541,"href":"https:\/\/oafdn.ca\/fr\/wp-json\/wp\/v2\/posts\/5536\/revisions\/5541"}],"wp:attachment":[{"href":"https:\/\/oafdn.ca\/fr\/wp-json\/wp\/v2\/media?parent=5536"}],"wp:term":[{"taxonomy":"category","embeddable":true,"href":"https:\/\/oafdn.ca\/fr\/wp-json\/wp\/v2\/categories?post=5536"},{"taxonomy":"post_tag","embeddable":true,"href":"https:\/\/oafdn.ca\/fr\/wp-json\/wp\/v2\/tags?post=5536"}],"curies":[{"name":"wp","href":"https:\/\/api.w.org\/{rel}","templated":true}]}}