{"id":5440,"date":"2014-05-20T00:47:00","date_gmt":"2014-05-20T00:47:00","guid":{"rendered":"https:\/\/oafdn.ca\/?p=5440"},"modified":"2022-02-14T00:50:41","modified_gmt":"2022-02-14T00:50:41","slug":"anne-villeneuve-and-teresa-toten-honoured-with-2014-ruth-and-sylvia-schwartz-childrens-book-awards","status":"publish","type":"post","link":"https:\/\/oafdn.ca\/fr\/anne-villeneuve-and-teresa-toten-honoured-with-2014-ruth-and-sylvia-schwartz-childrens-book-awards\/","title":{"rendered":"Anne Villeneuve and Teresa Toten honoured with 2014 Ruth and Sylvia Schwartz Children&#8217;s Book Awards"},"content":{"rendered":"<div data-elementor-type=\"wp-post\" data-elementor-id=\"5440\" class=\"elementor elementor-5440\" wpc-filter-elementor-widget=\"1\">\n\t\t\t\t\t\t<section class=\"elementor-section elementor-top-section elementor-element elementor-element-368fbaf elementor-section-boxed elementor-section-height-default elementor-section-height-default\" data-id=\"368fbaf\" data-element_type=\"section\" data-e-type=\"section\">\n\t\t\t\t\t\t<div class=\"elementor-container elementor-column-gap-default\">\n\t\t\t\t\t<div class=\"elementor-column elementor-col-100 elementor-top-column elementor-element elementor-element-e96646c\" data-id=\"e96646c\" data-element_type=\"column\" data-e-type=\"column\">\n\t\t\t<div class=\"elementor-widget-wrap elementor-element-populated\">\n\t\t\t\t\t\t<div class=\"elementor-element elementor-element-6b19f96 elementor-widget elementor-widget-text-editor\" data-id=\"6b19f96\" data-element_type=\"widget\" data-e-type=\"widget\" data-widget_type=\"text-editor.default\">\n\t\t\t\t<div class=\"elementor-widget-container\">\n\t\t\t\t\t\t\t\t\t<p><span class=\"plain_black\"><span class=\"plain_grey\">Markham, May 20, 2014<\/span><strong>\u00a0<\/strong><\/span>\u2013\u00a0<span class=\"plain_grey\">The\u00a02014 winners\u00a0for the<\/span><strong>\u00a0<span class=\"blue\">prix Ruth et Sylvia Schwartz de litt\u00e9rature jeunesse<\/span><\/strong><span class=\"blue\">\u00a0<\/span><span class=\"plain_grey\">were announced today at<\/span>\u00a0<a title=\"\" href=\"http:\/\/www.yrdsb.ca\/schools\/aldergrove.ps\/Pages\/default.aspx\">Aldergrove Public School<\/a><span class=\"plain_grey\">\u00a0in Markham.<\/span><\/p><p><span class=\"plain_grey\">The winners were selected by two juries of young readers from Aldergrove P.S. \u2013 five students in\u00a0<span class=\"blue\"><strong>grades 3 and 4<\/strong><\/span>\u00a0selected the recipient of the\u00a0<span class=\"blue\"><strong>Livre illustr\u00e9<\/strong><\/span>, and five students in\u00a0<span class=\"blue\"><strong>7e et 8e ann\u00e9e<\/strong><\/span>\u00a0selected the recipient of the\u00a0<span class=\"blue\"><strong>Young Adult \/ Middle Reader Aw<\/strong><\/span>ard.<\/span><\/p><p><span class=\"plain_grey\">Chacun des jeunes jur\u00e9s lit les livres s\u00e9par\u00e9ment, puis ensemble avec les autres membres de leur groupe, choisissent par consensus un laur\u00e9at. Cette d\u00e9marche rend ces prix litt\u00e9raires uniques en leur genre au Canada.<\/span><\/p><div align=\"center\"><table border=\"0\" cellspacing=\"5\" cellpadding=\"0\"><tbody><tr><td><p><img decoding=\"async\" src=\"https:\/\/www.oafdn.ca\/system\/attachments\/313\/original\/Web_Africa.gif?1397660985\" alt=\"\" \/><\/p><\/td><td>\u00a0<\/td><td align=\"left\"><p><strong><span class=\"blue\">Volet Livre illustr\u00e9<\/span><\/strong><\/p><p><span class=\"blue\"><em><strong>Loula is Leaving for Africa<\/strong><br \/><\/em><\/span><span class=\"plain_grey\">By Anne Villeneuve (Montreal, Que.)<\/span><br \/><span class=\"plain_grey\">Kids Can Press<\/span><\/p><\/td><\/tr><\/tbody><\/table><\/div><h3>\u00a0<\/h3><h3><strong>\u00c0 PROPOS DE L'AUTEUR<\/strong><\/h3><ul type=\"disc\"><li><span class=\"plain_grey\"><strong><span class=\"blue\">Anne Villeneuve\u00a0<\/span><\/strong>has written and illustrated close to 40 books.\u00a0 She has also illustrated for newspapers and created games for magazines.<\/span><\/li><li><span class=\"plain_grey\">C\u2019est la premi\u00e8re fois qu\u2019elle remporte un prix Ruth et Sylvia Schwartz de litt\u00e9rature jeunesse.<\/span><\/li><\/ul><p>\u00a0<\/p><h3><strong>CITATIONS<\/strong><\/h3><p><span class=\"plain_grey\">\u201cLoula has a great imagination,\u201d said\u00a0<span class=\"blue\"><strong>student jurors in grades 3 and 4<\/strong><\/span>. \u201cHer trip to Africa was a great way to get away from her stinky brothers. The artwork helps us travel through the story. The drawings are like music and the bright colours are cheerful.\u201d<\/span><\/p><p><span class=\"plain_grey\">\u201cThis amazing award, created in loving memory of Ruth Schwartz, bookseller extraordinaire, by her sister Sylvia, became that much more important to me when I discovered that the jury was composed of passionate young readers, the ones who inspire me every day to do what I do,\u201d said author\u00a0<a title=\"\" href=\"http:\/\/annevilleneuve.com\/\"><strong>Anne Villeneuve<\/strong><\/a>.<\/span><\/p><p>\u00a0<\/p><div align=\"center\"><table border=\"0\" cellspacing=\"5\" cellpadding=\"0\"><tbody><tr><td><p><img decoding=\"async\" src=\"https:\/\/www.oafdn.ca\/system\/attachments\/323\/original\/Web_Unlikely-Hero.gif?1397660987\" alt=\"\" \/><\/p><\/td><td>\u00a0<\/td><td align=\"left\"><p><strong><span class=\"blue\">Livre pour jeunes lecteurs<\/span><\/strong><\/p><p><span class=\"blue\"><em><strong>The Unlikely Hero in Room 13B<\/strong><br \/><\/em><\/span><span class=\"plain_grey\">By Teresa Toten (Toronto, Ont)<\/span><br \/><span class=\"plain_grey\">Doubleday Canada<\/span><\/p><\/td><\/tr><\/tbody><\/table><\/div><h3>\u00a0<\/h3><h3><strong>\u00c0 PROPOS DE L'AUTEUR<\/strong><\/h3><ul type=\"disc\"><li><span class=\"plain_grey\"><strong><span class=\"blue\">Teresa Toten\u00a0<\/span><\/strong>is the author of the acclaimed Blonde series, as well as\u00a0<em>The Game<\/em>,\u00a0<em>The Onlyhouse<\/em>\u00a0and, with Eric Walkters,\u00a0<em>The Taming<\/em>.<\/span><\/li><li><span class=\"plain_grey\">C\u2019est la premi\u00e8re fois qu\u2019elle remporte un prix Ruth et Sylvia Schwartz de litt\u00e9rature jeunesse.<\/span><\/li><\/ul><p>\u00a0<\/p><h3><strong>CITATIONS<\/strong><\/h3><p><span class=\"plain_grey\">\u201cThis book is a must read,\u201d said\u00a0<span class=\"blue\"><strong>student jurors in grades 7 and 8<\/strong><\/span>. \u201cAdam\u2019s caring makes him a hero. The book is full of real emotion. The excellent humour helps to balance the serious issues.\u201d<\/span><\/p><p><span class=\"plain_grey\">Added one juror: \u201cI loved the twists and turns in the plot. The author created several excellent characters I really cared about and I\u2019d love to read more about them all in a sequel.\u201d<\/span><\/p><p><span class=\"plain_grey\">\u201cI just can&#8217;t stop smiling,\u201d said author\u00a0<a title=\"\" href=\"http:\/\/www.teresatoten.com\/\"><strong>Teresa Toten<\/strong><\/a>. \u201cTo be on the same list with the truly prestigious past recipients of the Ruth and Sylvia Schwartz Awards fills me with an undeniable pride.&#8221;<\/span><\/p><p>\u00a0<\/p><h3><strong>\u00c0 PROPOS LES PRIX<\/strong><\/h3><ul type=\"disc\"><li class=\"translation-block\">Les <strong>deux prix<\/strong>, de <strong>6 000 $<\/strong> chacun, attibu\u00e9s chaque ann\u00e9e, rendent hommage aux auteurs et aux illustrateurs canadiens qui se sont distingu\u00e9s par leur excellence dans le domaine de la litt\u00e9rature enfantine de langue anglaise.<\/li><li><span class=\"plain_grey\">This year&#8217;s nomination committee was comprised of two librarians:\u00a0\u00a0<strong><span class=\"blue\">Margaret Kirkpatrick<\/span>\u00a0<\/strong>(Ottawa Public Library) and\u00a0<strong><span class=\"blue\">Greer Macdonnell<\/span>\u00a0<\/strong>(Lambton County Library).\u00a0<\/span><\/li><\/ul><p>\u00a0<\/p><h3><strong>POUR EN SAVOIR PLUS<\/strong><\/h3><ul type=\"disc\"><li class=\"translation-block\">Les prix Ruth et Sylvia Schwartz de litt\u00e9rature jeunesse ont \u00e9t\u00e9 cr\u00e9\u00e9s en 1976 par Sylvia Schwartz \u00e0 la m\u00e9moire de sa s\u0153ur Ruth Schwartz, libraire torontoise respect\u00e9e. En 2004, la famille a renomm\u00e9 le prix pour rendre hommage aux deux s\u0153urs. La Fondation des arts de l'Ontario administre ces prix avec l'aide du Conseil des arts de l\u2019Ontario, qui g\u00e8re le processus de mise en candidature et de s\u00e9lection par jury. Les prix sont financ\u00e9s par la Fondation Ruth Schwartz. Consultez la <a title=\"\" href=\"https:\/\/oafdn.ca\/fr\/system\/attachments\/159\/original\/Schwartz_List_of_complete_winners.pdf\/?1340982799\" target=\"_self\"><strong>liste des laur\u00e9ats pr\u00e9c\u00e9dents<\/strong><\/a>.<\/li><\/ul><div>\u00a0<\/div><div style=\"text-align: center;\"><span class=\"plain_grey\">-30-<\/span><\/div><div>\u00a0<\/div><div>\u00a0<\/div><div><p><strong><span class=\"plain_black\">RENSEIGNEMENTS MEDIAS<\/span><br \/><\/strong>Shoshanna Wasser, coordinatrice des communications, Conseil des arts de l\u00edOntario<br \/>416-969-7434\/1-800-387-0058, ext. 7434 |\u00a0<a title=\"\" href=\"mailto:swasser@arts.on.ca\">swasser@arts.on.ca<\/a><\/p><p class=\"half_line_spacing\">\u00a0<\/p><p class=\"translation-block\"><strong>Pour plus d\u2019informations, veuillez contacter :<\/strong>\n<br>\nAlan Walker, Directeur g\u00e9n\u00e9ral<\/strong><\/span><br>416-969-7413 |\u00a0<a title=\"\" href=\"mailto:awalker@arts.on.ca\" target=\"_self\">awalker@arts.on.ca<\/a><\/p><p>\u00a0<\/p><p class=\"translation-block\"><a href=\"https:\/\/oafdn.ca\/fr\/\" data-wplink-url-error=\"true\" target=\"_self\"><strong>La Fondation des arts de l'Ontario<\/strong>\u00a0<\/a>(FAO) travaille avec les m\u00e9c\u00e8nes pour \u00e9tablir un soutien durable pour les arts en Ontario.<\/p><p><span class=\"plain_grey\">Now in it&#8217;s 50th year,the\u00a0<a title=\"\" href=\"http:\/\/www.arts.on.ca\/Page11.aspx\"><strong>Conseil des arts de l'Ontario (CAO)<\/strong><\/a>\u00a0plays a vital role in promoting and assisting the development of the arts for the enjoyment and benefit of Ontarians. In 2012-2013, the\u00a0 OAC funded 1,793 individual artists and 1,076 organizations in 232 communities across Ontario for a total of $52.1 million.<\/span><\/p><p style=\"text-align: center;\"><span class=\"plain_grey\">\u00a0<em>This document is also available in English.<\/em><\/span><\/p><p>\u00a0<\/p><\/div>\t\t\t\t\t\t\t\t<\/div>\n\t\t\t\t<\/div>\n\t\t\t\t\t<\/div>\n\t\t<\/div>\n\t\t\t\t\t<\/div>\n\t\t<\/section>\n\t\t\t\t<\/div>","protected":false},"excerpt":{"rendered":"<p>Markham, May 20, 2014\u00a0\u2013\u00a0The\u00a02014 winners\u00a0for the\u00a0Ruth and Sylvia Schwartz Children\u2019s Book Awards\u00a0were announced today at\u00a0Aldergrove Public School\u00a0in Markham. The winners were selected by two juries of young readers from Aldergrove P.S. \u2013 five students in\u00a0grades 3 and 4\u00a0selected the recipient of the\u00a0Children\u2019s Picture Book Award, and five students in\u00a0grades 7 and 8\u00a0selected the recipient of [&hellip;]<\/p>\n","protected":false},"author":1,"featured_media":0,"comment_status":"closed","ping_status":"closed","sticky":false,"template":"","format":"standard","meta":{"_acf_changed":false,"give_campaign_id":0,"nf_dc_page":"","site-sidebar-layout":"default","site-content-layout":"","ast-site-content-layout":"default","site-content-style":"default","site-sidebar-style":"default","ast-global-header-display":"","ast-banner-title-visibility":"","ast-main-header-display":"","ast-hfb-above-header-display":"","ast-hfb-below-header-display":"","ast-hfb-mobile-header-display":"","site-post-title":"","ast-breadcrumbs-content":"","ast-featured-img":"","footer-sml-layout":"","ast-disable-related-posts":"","theme-transparent-header-meta":"","adv-header-id-meta":"","stick-header-meta":"","header-above-stick-meta":"","header-main-stick-meta":"","header-below-stick-meta":"","astra-migrate-meta-layouts":"default","ast-page-background-enabled":"default","ast-page-background-meta":{"desktop":{"background-color":"","background-image":"","background-repeat":"repeat","background-position":"center center","background-size":"auto","background-attachment":"scroll","background-type":"","background-media":"","overlay-type":"","overlay-color":"","overlay-opacity":"","overlay-gradient":""},"tablet":{"background-color":"","background-image":"","background-repeat":"repeat","background-position":"center center","background-size":"auto","background-attachment":"scroll","background-type":"","background-media":"","overlay-type":"","overlay-color":"","overlay-opacity":"","overlay-gradient":""},"mobile":{"background-color":"","background-image":"","background-repeat":"repeat","background-position":"center center","background-size":"auto","background-attachment":"scroll","background-type":"","background-media":"","overlay-type":"","overlay-color":"","overlay-opacity":"","overlay-gradient":""}},"ast-content-background-meta":{"desktop":{"background-color":"var(--ast-global-color-5)","background-image":"","background-repeat":"repeat","background-position":"center center","background-size":"auto","background-attachment":"scroll","background-type":"","background-media":"","overlay-type":"","overlay-color":"","overlay-opacity":"","overlay-gradient":""},"tablet":{"background-color":"var(--ast-global-color-5)","background-image":"","background-repeat":"repeat","background-position":"center center","background-size":"auto","background-attachment":"scroll","background-type":"","background-media":"","overlay-type":"","overlay-color":"","overlay-opacity":"","overlay-gradient":""},"mobile":{"background-color":"var(--ast-global-color-5)","background-image":"","background-repeat":"repeat","background-position":"center center","background-size":"auto","background-attachment":"scroll","background-type":"","background-media":"","overlay-type":"","overlay-color":"","overlay-opacity":"","overlay-gradient":""}},"footnotes":""},"categories":[18],"tags":[],"class_list":["post-5440","post","type-post","status-publish","format-standard","hentry","category-news-release"],"acf":[],"yoast_head":"<!-- This site is optimized with the Yoast SEO plugin v27.4 - https:\/\/yoast.com\/product\/yoast-seo-wordpress\/ -->\n<title>Anne Villeneuve and Teresa Toten honoured with 2014 Ruth and Sylvia Schwartz Children&#039;s Book Awards - Ontario Arts Foundation<\/title>\n<meta name=\"robots\" content=\"index, follow, max-snippet:-1, max-image-preview:large, max-video-preview:-1\" \/>\n<link rel=\"canonical\" href=\"https:\/\/oafdn.ca\/fr\/anne-villeneuve-and-teresa-toten-honoured-with-2014-ruth-and-sylvia-schwartz-childrens-book-awards\/\" \/>\n<meta property=\"og:locale\" content=\"fr_CA\" \/>\n<meta property=\"og:type\" content=\"article\" \/>\n<meta property=\"og:title\" content=\"Anne Villeneuve and Teresa Toten honoured with 2014 Ruth and Sylvia Schwartz Children&#039;s Book Awards - Ontario Arts Foundation\" \/>\n<meta property=\"og:description\" content=\"Markham, May 20, 2014\u00a0\u2013\u00a0The\u00a02014 winners\u00a0for the\u00a0Ruth and Sylvia Schwartz Children\u2019s Book Awards\u00a0were announced today at\u00a0Aldergrove Public School\u00a0in Markham. The winners were selected by two juries of young readers from Aldergrove P.S. \u2013 five students in\u00a0grades 3 and 4\u00a0selected the recipient of the\u00a0Children\u2019s Picture Book Award, and five students in\u00a0grades 7 and 8\u00a0selected the recipient of [&hellip;]\" \/>\n<meta property=\"og:url\" content=\"https:\/\/oafdn.ca\/fr\/anne-villeneuve-and-teresa-toten-honoured-with-2014-ruth-and-sylvia-schwartz-childrens-book-awards\/\" \/>\n<meta property=\"og:site_name\" content=\"Ontario Arts Foundation\" \/>\n<meta property=\"article:publisher\" content=\"https:\/\/www.facebook.com\/OntarioArtsFoundation\/\" \/>\n<meta property=\"article:published_time\" content=\"2014-05-20T00:47:00+00:00\" \/>\n<meta property=\"article:modified_time\" content=\"2022-02-14T00:50:41+00:00\" \/>\n<meta property=\"og:image\" content=\"https:\/\/www.oafdn.ca\/system\/attachments\/313\/original\/Web_Africa.gif?1397660985\" \/>\n<meta name=\"author\" content=\"tugrul\" \/>\n<meta name=\"twitter:card\" content=\"summary_large_image\" \/>\n<meta name=\"twitter:creator\" content=\"@OntarioArtsFdn\" \/>\n<meta name=\"twitter:site\" content=\"@OntarioArtsFdn\" \/>\n<meta name=\"twitter:label1\" content=\"\u00c9crit par\" \/>\n\t<meta name=\"twitter:data1\" content=\"tugrul\" \/>\n\t<meta name=\"twitter:label2\" content=\"Estimation du temps de lecture\" \/>\n\t<meta name=\"twitter:data2\" content=\"3 minutes\" \/>\n<script type=\"application\/ld+json\" class=\"yoast-schema-graph\">{\"@context\":\"https:\\\/\\\/schema.org\",\"@graph\":[{\"@type\":\"Article\",\"@id\":\"https:\\\/\\\/oafdn.ca\\\/anne-villeneuve-and-teresa-toten-honoured-with-2014-ruth-and-sylvia-schwartz-childrens-book-awards\\\/#article\",\"isPartOf\":{\"@id\":\"https:\\\/\\\/oafdn.ca\\\/anne-villeneuve-and-teresa-toten-honoured-with-2014-ruth-and-sylvia-schwartz-childrens-book-awards\\\/\"},\"author\":{\"name\":\"tugrul\",\"@id\":\"https:\\\/\\\/oafdn.ca\\\/#\\\/schema\\\/person\\\/9cf84eae88a4fa075dd8cb6ae344f0ac\"},\"headline\":\"Anne Villeneuve and Teresa Toten honoured with 2014 Ruth and Sylvia Schwartz Children&#8217;s Book Awards\",\"datePublished\":\"2014-05-20T00:47:00+00:00\",\"dateModified\":\"2022-02-14T00:50:41+00:00\",\"mainEntityOfPage\":{\"@id\":\"https:\\\/\\\/oafdn.ca\\\/anne-villeneuve-and-teresa-toten-honoured-with-2014-ruth-and-sylvia-schwartz-childrens-book-awards\\\/\"},\"wordCount\":657,\"publisher\":{\"@id\":\"https:\\\/\\\/oafdn.ca\\\/#organization\"},\"image\":{\"@id\":\"https:\\\/\\\/oafdn.ca\\\/anne-villeneuve-and-teresa-toten-honoured-with-2014-ruth-and-sylvia-schwartz-childrens-book-awards\\\/#primaryimage\"},\"thumbnailUrl\":\"https:\\\/\\\/www.oafdn.ca\\\/system\\\/attachments\\\/313\\\/original\\\/Web_Africa.gif?1397660985\",\"articleSection\":[\"News Release\"],\"inLanguage\":\"fr-CA\"},{\"@type\":\"WebPage\",\"@id\":\"https:\\\/\\\/oafdn.ca\\\/anne-villeneuve-and-teresa-toten-honoured-with-2014-ruth-and-sylvia-schwartz-childrens-book-awards\\\/\",\"url\":\"https:\\\/\\\/oafdn.ca\\\/anne-villeneuve-and-teresa-toten-honoured-with-2014-ruth-and-sylvia-schwartz-childrens-book-awards\\\/\",\"name\":\"Anne Villeneuve and Teresa Toten honoured with 2014 Ruth and Sylvia Schwartz Children's Book Awards - Ontario Arts Foundation\",\"isPartOf\":{\"@id\":\"https:\\\/\\\/oafdn.ca\\\/#website\"},\"primaryImageOfPage\":{\"@id\":\"https:\\\/\\\/oafdn.ca\\\/anne-villeneuve-and-teresa-toten-honoured-with-2014-ruth-and-sylvia-schwartz-childrens-book-awards\\\/#primaryimage\"},\"image\":{\"@id\":\"https:\\\/\\\/oafdn.ca\\\/anne-villeneuve-and-teresa-toten-honoured-with-2014-ruth-and-sylvia-schwartz-childrens-book-awards\\\/#primaryimage\"},\"thumbnailUrl\":\"https:\\\/\\\/www.oafdn.ca\\\/system\\\/attachments\\\/313\\\/original\\\/Web_Africa.gif?1397660985\",\"datePublished\":\"2014-05-20T00:47:00+00:00\",\"dateModified\":\"2022-02-14T00:50:41+00:00\",\"breadcrumb\":{\"@id\":\"https:\\\/\\\/oafdn.ca\\\/anne-villeneuve-and-teresa-toten-honoured-with-2014-ruth-and-sylvia-schwartz-childrens-book-awards\\\/#breadcrumb\"},\"inLanguage\":\"fr-CA\",\"potentialAction\":[{\"@type\":\"ReadAction\",\"target\":[\"https:\\\/\\\/oafdn.ca\\\/anne-villeneuve-and-teresa-toten-honoured-with-2014-ruth-and-sylvia-schwartz-childrens-book-awards\\\/\"]}]},{\"@type\":\"ImageObject\",\"inLanguage\":\"fr-CA\",\"@id\":\"https:\\\/\\\/oafdn.ca\\\/anne-villeneuve-and-teresa-toten-honoured-with-2014-ruth-and-sylvia-schwartz-childrens-book-awards\\\/#primaryimage\",\"url\":\"https:\\\/\\\/www.oafdn.ca\\\/system\\\/attachments\\\/313\\\/original\\\/Web_Africa.gif?1397660985\",\"contentUrl\":\"https:\\\/\\\/www.oafdn.ca\\\/system\\\/attachments\\\/313\\\/original\\\/Web_Africa.gif?1397660985\"},{\"@type\":\"BreadcrumbList\",\"@id\":\"https:\\\/\\\/oafdn.ca\\\/anne-villeneuve-and-teresa-toten-honoured-with-2014-ruth-and-sylvia-schwartz-childrens-book-awards\\\/#breadcrumb\",\"itemListElement\":[{\"@type\":\"ListItem\",\"position\":1,\"name\":\"Home\",\"item\":\"https:\\\/\\\/oafdn.ca\\\/\"},{\"@type\":\"ListItem\",\"position\":2,\"name\":\"Anne Villeneuve and Teresa Toten honoured with 2014 Ruth and Sylvia Schwartz Children&#8217;s Book Awards\"}]},{\"@type\":\"WebSite\",\"@id\":\"https:\\\/\\\/oafdn.ca\\\/#website\",\"url\":\"https:\\\/\\\/oafdn.ca\\\/\",\"name\":\"Ontario Arts Foundation\",\"description\":\"The Ontario Arts Foundation is a non-governmental not for profit organization established in 1991 under the Ontario Corporations Act to encourage and facilitate private giving to the arts in Ontario, Canada.\",\"publisher\":{\"@id\":\"https:\\\/\\\/oafdn.ca\\\/#organization\"},\"potentialAction\":[{\"@type\":\"SearchAction\",\"target\":{\"@type\":\"EntryPoint\",\"urlTemplate\":\"https:\\\/\\\/oafdn.ca\\\/?s={search_term_string}\"},\"query-input\":{\"@type\":\"PropertyValueSpecification\",\"valueRequired\":true,\"valueName\":\"search_term_string\"}}],\"inLanguage\":\"fr-CA\"},{\"@type\":\"Organization\",\"@id\":\"https:\\\/\\\/oafdn.ca\\\/#organization\",\"name\":\"Ontario Arts Foundation\",\"url\":\"https:\\\/\\\/oafdn.ca\\\/\",\"logo\":{\"@type\":\"ImageObject\",\"inLanguage\":\"fr-CA\",\"@id\":\"https:\\\/\\\/oafdn.ca\\\/#\\\/schema\\\/logo\\\/image\\\/\",\"url\":\"https:\\\/\\\/oafdn.ca\\\/wp-content\\\/uploads\\\/2022\\\/02\\\/logo1-1.png\",\"contentUrl\":\"https:\\\/\\\/oafdn.ca\\\/wp-content\\\/uploads\\\/2022\\\/02\\\/logo1-1.png\",\"width\":1761,\"height\":487,\"caption\":\"Ontario Arts Foundation\"},\"image\":{\"@id\":\"https:\\\/\\\/oafdn.ca\\\/#\\\/schema\\\/logo\\\/image\\\/\"},\"sameAs\":[\"https:\\\/\\\/www.facebook.com\\\/OntarioArtsFoundation\\\/\",\"https:\\\/\\\/x.com\\\/OntarioArtsFdn\"]},{\"@type\":\"Person\",\"@id\":\"https:\\\/\\\/oafdn.ca\\\/#\\\/schema\\\/person\\\/9cf84eae88a4fa075dd8cb6ae344f0ac\",\"name\":\"tugrul\",\"image\":{\"@type\":\"ImageObject\",\"inLanguage\":\"fr-CA\",\"@id\":\"https:\\\/\\\/secure.gravatar.com\\\/avatar\\\/4a398edccd13e67fc11228206372deb53f9dcd8d7a7fccf69e80b739c725ec52?s=96&d=mm&r=g\",\"url\":\"https:\\\/\\\/secure.gravatar.com\\\/avatar\\\/4a398edccd13e67fc11228206372deb53f9dcd8d7a7fccf69e80b739c725ec52?s=96&d=mm&r=g\",\"contentUrl\":\"https:\\\/\\\/secure.gravatar.com\\\/avatar\\\/4a398edccd13e67fc11228206372deb53f9dcd8d7a7fccf69e80b739c725ec52?s=96&d=mm&r=g\",\"caption\":\"tugrul\"},\"sameAs\":[\"http:\"],\"url\":\"https:\\\/\\\/oafdn.ca\\\/fr\\\/author\\\/tugrul\\\/\"}]}<\/script>\n<!-- \/ Yoast SEO plugin. -->","yoast_head_json":{"title":"Anne Villeneuve and Teresa Toten honoured with 2014 Ruth and Sylvia Schwartz Children's Book Awards - Ontario Arts Foundation","robots":{"index":"index","follow":"follow","max-snippet":"max-snippet:-1","max-image-preview":"max-image-preview:large","max-video-preview":"max-video-preview:-1"},"canonical":"https:\/\/oafdn.ca\/fr\/anne-villeneuve-and-teresa-toten-honoured-with-2014-ruth-and-sylvia-schwartz-childrens-book-awards\/","og_locale":"fr_CA","og_type":"article","og_title":"Anne Villeneuve and Teresa Toten honoured with 2014 Ruth and Sylvia Schwartz Children's Book Awards - Ontario Arts Foundation","og_description":"Markham, May 20, 2014\u00a0\u2013\u00a0The\u00a02014 winners\u00a0for the\u00a0Ruth and Sylvia Schwartz Children\u2019s Book Awards\u00a0were announced today at\u00a0Aldergrove Public School\u00a0in Markham. The winners were selected by two juries of young readers from Aldergrove P.S. \u2013 five students in\u00a0grades 3 and 4\u00a0selected the recipient of the\u00a0Children\u2019s Picture Book Award, and five students in\u00a0grades 7 and 8\u00a0selected the recipient of [&hellip;]","og_url":"https:\/\/oafdn.ca\/fr\/anne-villeneuve-and-teresa-toten-honoured-with-2014-ruth-and-sylvia-schwartz-childrens-book-awards\/","og_site_name":"Ontario Arts Foundation","article_publisher":"https:\/\/www.facebook.com\/OntarioArtsFoundation\/","article_published_time":"2014-05-20T00:47:00+00:00","article_modified_time":"2022-02-14T00:50:41+00:00","og_image":[{"url":"https:\/\/www.oafdn.ca\/system\/attachments\/313\/original\/Web_Africa.gif?1397660985","type":"","width":"","height":""}],"author":"tugrul","twitter_card":"summary_large_image","twitter_creator":"@OntarioArtsFdn","twitter_site":"@OntarioArtsFdn","twitter_misc":{"\u00c9crit par":"tugrul","Estimation du temps de lecture":"3 minutes"},"schema":{"@context":"https:\/\/schema.org","@graph":[{"@type":"Article","@id":"https:\/\/oafdn.ca\/anne-villeneuve-and-teresa-toten-honoured-with-2014-ruth-and-sylvia-schwartz-childrens-book-awards\/#article","isPartOf":{"@id":"https:\/\/oafdn.ca\/anne-villeneuve-and-teresa-toten-honoured-with-2014-ruth-and-sylvia-schwartz-childrens-book-awards\/"},"author":{"name":"tugrul","@id":"https:\/\/oafdn.ca\/#\/schema\/person\/9cf84eae88a4fa075dd8cb6ae344f0ac"},"headline":"Anne Villeneuve and Teresa Toten honoured with 2014 Ruth and Sylvia Schwartz Children&#8217;s Book Awards","datePublished":"2014-05-20T00:47:00+00:00","dateModified":"2022-02-14T00:50:41+00:00","mainEntityOfPage":{"@id":"https:\/\/oafdn.ca\/anne-villeneuve-and-teresa-toten-honoured-with-2014-ruth-and-sylvia-schwartz-childrens-book-awards\/"},"wordCount":657,"publisher":{"@id":"https:\/\/oafdn.ca\/#organization"},"image":{"@id":"https:\/\/oafdn.ca\/anne-villeneuve-and-teresa-toten-honoured-with-2014-ruth-and-sylvia-schwartz-childrens-book-awards\/#primaryimage"},"thumbnailUrl":"https:\/\/www.oafdn.ca\/system\/attachments\/313\/original\/Web_Africa.gif?1397660985","articleSection":["News Release"],"inLanguage":"fr-CA"},{"@type":"WebPage","@id":"https:\/\/oafdn.ca\/anne-villeneuve-and-teresa-toten-honoured-with-2014-ruth-and-sylvia-schwartz-childrens-book-awards\/","url":"https:\/\/oafdn.ca\/anne-villeneuve-and-teresa-toten-honoured-with-2014-ruth-and-sylvia-schwartz-childrens-book-awards\/","name":"Anne Villeneuve and Teresa Toten honoured with 2014 Ruth and Sylvia Schwartz Children's Book Awards - Ontario Arts Foundation","isPartOf":{"@id":"https:\/\/oafdn.ca\/#website"},"primaryImageOfPage":{"@id":"https:\/\/oafdn.ca\/anne-villeneuve-and-teresa-toten-honoured-with-2014-ruth-and-sylvia-schwartz-childrens-book-awards\/#primaryimage"},"image":{"@id":"https:\/\/oafdn.ca\/anne-villeneuve-and-teresa-toten-honoured-with-2014-ruth-and-sylvia-schwartz-childrens-book-awards\/#primaryimage"},"thumbnailUrl":"https:\/\/www.oafdn.ca\/system\/attachments\/313\/original\/Web_Africa.gif?1397660985","datePublished":"2014-05-20T00:47:00+00:00","dateModified":"2022-02-14T00:50:41+00:00","breadcrumb":{"@id":"https:\/\/oafdn.ca\/anne-villeneuve-and-teresa-toten-honoured-with-2014-ruth-and-sylvia-schwartz-childrens-book-awards\/#breadcrumb"},"inLanguage":"fr-CA","potentialAction":[{"@type":"ReadAction","target":["https:\/\/oafdn.ca\/anne-villeneuve-and-teresa-toten-honoured-with-2014-ruth-and-sylvia-schwartz-childrens-book-awards\/"]}]},{"@type":"ImageObject","inLanguage":"fr-CA","@id":"https:\/\/oafdn.ca\/anne-villeneuve-and-teresa-toten-honoured-with-2014-ruth-and-sylvia-schwartz-childrens-book-awards\/#primaryimage","url":"https:\/\/www.oafdn.ca\/system\/attachments\/313\/original\/Web_Africa.gif?1397660985","contentUrl":"https:\/\/www.oafdn.ca\/system\/attachments\/313\/original\/Web_Africa.gif?1397660985"},{"@type":"BreadcrumbList","@id":"https:\/\/oafdn.ca\/anne-villeneuve-and-teresa-toten-honoured-with-2014-ruth-and-sylvia-schwartz-childrens-book-awards\/#breadcrumb","itemListElement":[{"@type":"ListItem","position":1,"name":"Home","item":"https:\/\/oafdn.ca\/"},{"@type":"ListItem","position":2,"name":"Anne Villeneuve and Teresa Toten honoured with 2014 Ruth and Sylvia Schwartz Children&#8217;s Book Awards"}]},{"@type":"WebSite","@id":"https:\/\/oafdn.ca\/#website","url":"https:\/\/oafdn.ca\/","name":"Fondation des arts de l'Ontario","description":"The Ontario Arts Foundation is a non-governmental not for profit organization established in 1991 under the Ontario Corporations Act to encourage and facilitate private giving to the arts in Ontario, Canada.","publisher":{"@id":"https:\/\/oafdn.ca\/#organization"},"potentialAction":[{"@type":"SearchAction","target":{"@type":"EntryPoint","urlTemplate":"https:\/\/oafdn.ca\/?s={search_term_string}"},"query-input":{"@type":"PropertyValueSpecification","valueRequired":true,"valueName":"search_term_string"}}],"inLanguage":"fr-CA"},{"@type":"Organization","@id":"https:\/\/oafdn.ca\/#organization","name":"Fondation des arts de l'Ontario","url":"https:\/\/oafdn.ca\/","logo":{"@type":"ImageObject","inLanguage":"fr-CA","@id":"https:\/\/oafdn.ca\/#\/schema\/logo\/image\/","url":"https:\/\/oafdn.ca\/wp-content\/uploads\/2022\/02\/logo1-1.png","contentUrl":"https:\/\/oafdn.ca\/wp-content\/uploads\/2022\/02\/logo1-1.png","width":1761,"height":487,"caption":"Ontario Arts Foundation"},"image":{"@id":"https:\/\/oafdn.ca\/#\/schema\/logo\/image\/"},"sameAs":["https:\/\/www.facebook.com\/OntarioArtsFoundation\/","https:\/\/x.com\/OntarioArtsFdn"]},{"@type":"Person","@id":"https:\/\/oafdn.ca\/#\/schema\/person\/9cf84eae88a4fa075dd8cb6ae344f0ac","name":"tugrul","image":{"@type":"ImageObject","inLanguage":"fr-CA","@id":"https:\/\/secure.gravatar.com\/avatar\/4a398edccd13e67fc11228206372deb53f9dcd8d7a7fccf69e80b739c725ec52?s=96&d=mm&r=g","url":"https:\/\/secure.gravatar.com\/avatar\/4a398edccd13e67fc11228206372deb53f9dcd8d7a7fccf69e80b739c725ec52?s=96&d=mm&r=g","contentUrl":"https:\/\/secure.gravatar.com\/avatar\/4a398edccd13e67fc11228206372deb53f9dcd8d7a7fccf69e80b739c725ec52?s=96&d=mm&r=g","caption":"tugrul"},"sameAs":["http:"],"url":"https:\/\/oafdn.ca\/fr\/author\/tugrul\/"}]}},"_links":{"self":[{"href":"https:\/\/oafdn.ca\/fr\/wp-json\/wp\/v2\/posts\/5440","targetHints":{"allow":["GET"]}}],"collection":[{"href":"https:\/\/oafdn.ca\/fr\/wp-json\/wp\/v2\/posts"}],"about":[{"href":"https:\/\/oafdn.ca\/fr\/wp-json\/wp\/v2\/types\/post"}],"author":[{"embeddable":true,"href":"https:\/\/oafdn.ca\/fr\/wp-json\/wp\/v2\/users\/1"}],"replies":[{"embeddable":true,"href":"https:\/\/oafdn.ca\/fr\/wp-json\/wp\/v2\/comments?post=5440"}],"version-history":[{"count":7,"href":"https:\/\/oafdn.ca\/fr\/wp-json\/wp\/v2\/posts\/5440\/revisions"}],"predecessor-version":[{"id":5448,"href":"https:\/\/oafdn.ca\/fr\/wp-json\/wp\/v2\/posts\/5440\/revisions\/5448"}],"wp:attachment":[{"href":"https:\/\/oafdn.ca\/fr\/wp-json\/wp\/v2\/media?parent=5440"}],"wp:term":[{"taxonomy":"category","embeddable":true,"href":"https:\/\/oafdn.ca\/fr\/wp-json\/wp\/v2\/categories?post=5440"},{"taxonomy":"post_tag","embeddable":true,"href":"https:\/\/oafdn.ca\/fr\/wp-json\/wp\/v2\/tags?post=5440"}],"curies":[{"name":"wp","href":"https:\/\/api.w.org\/{rel}","templated":true}]}}