{"id":5117,"date":"2013-03-11T00:31:00","date_gmt":"2013-03-11T00:31:00","guid":{"rendered":"https:\/\/oafdn.ca\/?p=5117"},"modified":"2022-02-13T00:35:44","modified_gmt":"2022-02-13T00:35:44","slug":"ginas-prize-recipient-2013","status":"publish","type":"post","link":"https:\/\/oafdn.ca\/fr\/ginas-prize-recipient-2013\/","title":{"rendered":"Laureate du prix Gina Wilkinson 2013"},"content":{"rendered":"<div data-elementor-type=\"wp-post\" data-elementor-id=\"5117\" class=\"elementor elementor-5117\" wpc-filter-elementor-widget=\"1\">\n\t\t\t\t\t\t<section class=\"elementor-section elementor-top-section elementor-element elementor-element-8dde174 elementor-section-boxed elementor-section-height-default elementor-section-height-default\" data-id=\"8dde174\" data-element_type=\"section\" data-e-type=\"section\">\n\t\t\t\t\t\t<div class=\"elementor-container elementor-column-gap-default\">\n\t\t\t\t\t<div class=\"elementor-column elementor-col-100 elementor-top-column elementor-element elementor-element-68d53c8\" data-id=\"68d53c8\" data-element_type=\"column\" data-e-type=\"column\">\n\t\t\t<div class=\"elementor-widget-wrap elementor-element-populated\">\n\t\t\t\t\t\t<div class=\"elementor-element elementor-element-3b94d9b elementor-widget elementor-widget-text-editor\" data-id=\"3b94d9b\" data-element_type=\"widget\" data-e-type=\"widget\" data-widget_type=\"text-editor.default\">\n\t\t\t\t<div class=\"elementor-widget-container\">\n\t\t\t\t\t\t\t\t\t<p class=\"translation-block\">Toronto  \u2013 le 11 mars, 2013 \u2013Le comit\u00e9 du <strong>Prix Gina Wilkinson<\/strong> a le plaisir d\u2019annoncer que la seconde laur\u00e9ate du Prix annuel pour 2013 est <strong>Krista Jackson<\/strong> de Winnipeg, Manitoba. Cette annonce a eu lieu le 10 mars, qui aurait \u00e9t\u00e9 le jour de l\u2019anniversaire de Gina. Mme Jackson a \u00e9t\u00e9 choisie parmi une liste de 19 nomin\u00e9es venant de partout au Canada.<\/p><p><img fetchpriority=\"high\" decoding=\"async\" class=\"size-medium wp-image-5119 alignleft\" src=\"https:\/\/oafdn.ca\/wp-content\/uploads\/2022\/02\/Krista_Jackson-200x300.jpg\" alt=\"Krista Jackson's picture\" width=\"200\" height=\"300\" srcset=\"https:\/\/oafdn.ca\/wp-content\/uploads\/2022\/02\/Krista_Jackson-200x300.jpg 200w, https:\/\/oafdn.ca\/wp-content\/uploads\/2022\/02\/Krista_Jackson-683x1024.jpg 683w, https:\/\/oafdn.ca\/wp-content\/uploads\/2022\/02\/Krista_Jackson-768x1152.jpg 768w, https:\/\/oafdn.ca\/wp-content\/uploads\/2022\/02\/Krista_Jackson-1024x1536.jpg 1024w, https:\/\/oafdn.ca\/wp-content\/uploads\/2022\/02\/Krista_Jackson-1365x2048.jpg 1365w, https:\/\/oafdn.ca\/wp-content\/uploads\/2022\/02\/Krista_Jackson-8x12.jpg 8w, https:\/\/oafdn.ca\/wp-content\/uploads\/2022\/02\/Krista_Jackson-scaled.jpg 1707w\" sizes=\"(max-width: 200px) 100vw, 200px\" \/><\/p><p class=\"translation-block\"><strong>Krista Jackson<\/strong> a pass\u00e9 la saison derni\u00e8re avec le Shaw Festival au sein du projet Neil Munro pour metteur en sc\u00e8ne stagiaire o\u00f9 elle a \u00e9t\u00e9 assistante pour \u00ab Misalliance \u00bb, \u00ab His Girl Friday \u00bb, et \u00ab Hedda Gabler \u00bb et mis en sc\u00e8ne des membres de l\u2019ensemble dans \u00ab FourPlay \u00bb, une combinaison de deux courtes pi\u00e8ces du mandat de son projet pour metteur en sc\u00e8ne. Elle est la directrice artistique du th\u00e9\u00e2tre zone41 theatre \u00e0 Winnipeg pour lequel elle va diriger la com\u00e9die de Carolyn Gray inspir\u00e9e de \u00ab L\u2019Avare \u00bb de Moli\u00e8re dans une coproduction avec Theatre Projects Manitoba cet automne. Krista mettra en sc\u00e8ne la production principale du MTC de \u00ab La Mouette \u00bb pour le \u00ab Master Playwright Festival: ChekhovFest \u00bb. Elle vient \u00e0 la mise en sc\u00e8ne depuis une carri\u00e8re d\u2019actrice qui a commenc\u00e9 avec la production de \u00ab Brighton Beach Memoirs \u00bb au MTC en 1986.<\/p><p class=\"translation-block\">En acceptant le prix, Krista a not\u00e9 : \u00ab Gina a \u00e9t\u00e9 une tr\u00e8s grande inspiration pour moi en tant que jeune actrice quand nous avons serr\u00e9 nos corsets ensemble pour la production de \u00ab Quills \u00bb au MTC en 1997. Dans une loge que nous avons drap\u00e9 du sol au plafond avec du tissu de garde-robe et orn\u00e9 de meubles du 19e si\u00e8cle venant des accessoires, elle m'a appris \u00e0 suivre mon instinct et \u00eatre courageuse dans mon travail. En 2010, nous nous sommes retrouv\u00e9es au MTC mais cette fois-ci Gina mettait en sc\u00e8ne \u00ab The Seafarer \u00bb et j\u2019\u00e9tais son assistante. Quand elle est tomb\u00e9e malade, Gina m\u2019a demand\u00e9 de prendre en charge la mise en sc\u00e8ne pour son spectacle et cela a compl\u00e8tement chang\u00e9 ma vie. Je la porte dans mon c\u0153ur et j\u2019esp\u00e8re pouvoir exprimer la gratitude que je ressens \u00e0 recevoir ce prix dans mon travail, \u00e9tant donn\u00e9 que je ne pourrais jamais l'exprimer avec des mots. Son esprit indomptable est un rappel constant pour moi d'\u00e9couter mon c\u0153ur et porter des chaussures comme vous l'entendez. \u00bb<\/p><p class=\"translation-block\"><strong>Le Prix Gina Wilkinson<\/strong> honore une femme metteur en sc\u00e8ne de th\u00e9\u00e2tre qui effectue une transition d\u2019une discipline th\u00e9\u00e2trale (actrice, sc\u00e9nographe, dramaturge, administration, etc.) vers la mise en sc\u00e8ne. Le Prix rend hommage \u00e0 l\u2019actrice, dramaturge, metteur en sc\u00e8ne Gina Wilkinson dont le d\u00e9vouement, la vision et l\u2019esprit indomptable ont impr\u00e9gn\u00e9 sa vie et son travail. Une actrice pour plus de vingt ans, Mme Wilkinson a commenc\u00e9 \u00e0 tourner son attention vers l'\u00e9criture et la mise en sc\u00e8ne et, dans les derni\u00e8res ann\u00e9es de sa trop courte vie, elle s'est \u00e9tablie comme une collaboratrice et metteur en sc\u00e8ne pleine d\u2019audace, forte et inventive dans le milieu du th\u00e9\u00e2tre canadien. Dans l\u2019esprit de l\u2019app\u00e9tit pour la vie de Mme Wilkinson, ce Prix de 2 000 dollars est un cadeau que la laur\u00e9ate peut utiliser de la mani\u00e8re qu\u2019elle le souhaite.<\/p><p class=\"normal_line_spacing\"><span class=\"plain_grey\">Le jury voudrait remercier toutes les personnes ayant sugg\u00e9r\u00e9 des noms et les nomin\u00e9es. La liste \u00e9tait particuli\u00e8rement impressionnante et merveilleusement vari\u00e9e.<\/span><\/p><p class=\"normal_line_spacing translation-block\">Le Prix Gina Wilkinson a \u00e9t\u00e9 cr\u00e9\u00e9 gr\u00e2ce au g\u00e9n\u00e9reux soutien des coll\u00e8gues et admirateurs de Gina \u00e0 travers le pays et le comit\u00e9 \u00e9tend ses remerciements les plus sinc\u00e8res. Gr\u00e2ce \u00e0 cette g\u00e9n\u00e9rosit\u00e9, l'esprit de Gina continue de vivre.<\/p><p class=\"normal_line_spacing translation-block\">Le jury voudrait aussi remercier Alan Walker et la Fondation des arts de l\u2019Ontario pour leur gestion du Prix Gina Wilkinson. Toute personne souhaitant faire un don peut le faire \u00e0 <a href=\"https:\/\/oafdn.ca\/fr\/art-organizations\/private-funds-and-awards\/private-funds-awards-and-programs\/\" data-wplink-url-error=\"true\" target=\"_self\">www.ontarioartsfoundation.on.ca<\/a>.<\/p><p><span class=\"plain_grey\"><strong>Pour plus d'information, veuillez contacter:<\/strong><\/span><\/p><table border=\"0\" cellspacing=\"0\" cellpadding=\"0\"><tbody><tr><td valign=\"top\" width=\"319\"><p class=\"translation-block\">Alan Walker<br>Directeur g\u00e9n\u00e9ral<br>Fondation des arts de l'Ontario<br>T. 416-969-7413<br><a title=\"\" href=\"mailto:awalker@arts.on.ca\" target=\"_self\">awalker@arts.on.ca<\/a><\/p><\/td><\/tr><\/tbody><\/table><p style=\"text-align: center;\"><em>This document is also available in English.<\/em><\/p>\t\t\t\t\t\t\t\t<\/div>\n\t\t\t\t<\/div>\n\t\t\t\t\t<\/div>\n\t\t<\/div>\n\t\t\t\t\t<\/div>\n\t\t<\/section>\n\t\t\t\t<\/div>","protected":false},"excerpt":{"rendered":"<p>Toronto\u00a0\u00a0\u2013 March 11, 2013 \u2013The committee of the\u00a0Gina Wilkinson Prize\u00a0is pleased to announce that the 2013 second annual prize recipient is\u00a0Krista Jackson\u00a0of Winnipeg, Manitoba. The announcement came on March 10 &#8211; what would have been Gina&#8217;s birthday. Ms. Jackson was chosen from a list of 19 nominees from across Canada. Krista Jackson\u00a0spent last season withThe [&hellip;]<\/p>\n","protected":false},"author":1,"featured_media":0,"comment_status":"closed","ping_status":"closed","sticky":false,"template":"","format":"standard","meta":{"_acf_changed":false,"give_campaign_id":0,"nf_dc_page":"","site-sidebar-layout":"default","site-content-layout":"","ast-site-content-layout":"default","site-content-style":"default","site-sidebar-style":"default","ast-global-header-display":"","ast-banner-title-visibility":"","ast-main-header-display":"","ast-hfb-above-header-display":"","ast-hfb-below-header-display":"","ast-hfb-mobile-header-display":"","site-post-title":"","ast-breadcrumbs-content":"","ast-featured-img":"","footer-sml-layout":"","ast-disable-related-posts":"","theme-transparent-header-meta":"","adv-header-id-meta":"","stick-header-meta":"","header-above-stick-meta":"","header-main-stick-meta":"","header-below-stick-meta":"","astra-migrate-meta-layouts":"default","ast-page-background-enabled":"default","ast-page-background-meta":{"desktop":{"background-color":"","background-image":"","background-repeat":"repeat","background-position":"center center","background-size":"auto","background-attachment":"scroll","background-type":"","background-media":"","overlay-type":"","overlay-color":"","overlay-opacity":"","overlay-gradient":""},"tablet":{"background-color":"","background-image":"","background-repeat":"repeat","background-position":"center center","background-size":"auto","background-attachment":"scroll","background-type":"","background-media":"","overlay-type":"","overlay-color":"","overlay-opacity":"","overlay-gradient":""},"mobile":{"background-color":"","background-image":"","background-repeat":"repeat","background-position":"center center","background-size":"auto","background-attachment":"scroll","background-type":"","background-media":"","overlay-type":"","overlay-color":"","overlay-opacity":"","overlay-gradient":""}},"ast-content-background-meta":{"desktop":{"background-color":"var(--ast-global-color-5)","background-image":"","background-repeat":"repeat","background-position":"center center","background-size":"auto","background-attachment":"scroll","background-type":"","background-media":"","overlay-type":"","overlay-color":"","overlay-opacity":"","overlay-gradient":""},"tablet":{"background-color":"var(--ast-global-color-5)","background-image":"","background-repeat":"repeat","background-position":"center center","background-size":"auto","background-attachment":"scroll","background-type":"","background-media":"","overlay-type":"","overlay-color":"","overlay-opacity":"","overlay-gradient":""},"mobile":{"background-color":"var(--ast-global-color-5)","background-image":"","background-repeat":"repeat","background-position":"center center","background-size":"auto","background-attachment":"scroll","background-type":"","background-media":"","overlay-type":"","overlay-color":"","overlay-opacity":"","overlay-gradient":""}},"footnotes":""},"categories":[18],"tags":[],"class_list":["post-5117","post","type-post","status-publish","format-standard","hentry","category-news-release"],"acf":[],"yoast_head":"<!-- This site is optimized with the Yoast SEO plugin v27.4 - https:\/\/yoast.com\/product\/yoast-seo-wordpress\/ -->\n<title>Gina&#039;s Prize Recipient 2013 - Ontario Arts Foundation<\/title>\n<meta name=\"robots\" content=\"index, follow, max-snippet:-1, max-image-preview:large, max-video-preview:-1\" \/>\n<link rel=\"canonical\" href=\"https:\/\/oafdn.ca\/fr\/ginas-prize-recipient-2013\/\" \/>\n<meta property=\"og:locale\" content=\"fr_CA\" \/>\n<meta property=\"og:type\" content=\"article\" \/>\n<meta property=\"og:title\" content=\"Gina&#039;s Prize Recipient 2013 - Ontario Arts Foundation\" \/>\n<meta property=\"og:description\" content=\"Toronto\u00a0\u00a0\u2013 March 11, 2013 \u2013The committee of the\u00a0Gina Wilkinson Prize\u00a0is pleased to announce that the 2013 second annual prize recipient is\u00a0Krista Jackson\u00a0of Winnipeg, Manitoba. The announcement came on March 10 &#8211; what would have been Gina&#8217;s birthday. Ms. Jackson was chosen from a list of 19 nominees from across Canada. Krista Jackson\u00a0spent last season withThe [&hellip;]\" \/>\n<meta property=\"og:url\" content=\"https:\/\/oafdn.ca\/fr\/ginas-prize-recipient-2013\/\" \/>\n<meta property=\"og:site_name\" content=\"Ontario Arts Foundation\" \/>\n<meta property=\"article:publisher\" content=\"https:\/\/www.facebook.com\/OntarioArtsFoundation\/\" \/>\n<meta property=\"article:published_time\" content=\"2013-03-11T00:31:00+00:00\" \/>\n<meta property=\"article:modified_time\" content=\"2022-02-13T00:35:44+00:00\" \/>\n<meta property=\"og:image\" content=\"https:\/\/oafdn.ca\/wp-content\/uploads\/2022\/02\/Krista_Jackson-scaled.jpg\" \/>\n\t<meta property=\"og:image:width\" content=\"1707\" \/>\n\t<meta property=\"og:image:height\" content=\"2560\" \/>\n\t<meta property=\"og:image:type\" content=\"image\/jpeg\" \/>\n<meta name=\"author\" content=\"tugrul\" \/>\n<meta name=\"twitter:card\" content=\"summary_large_image\" \/>\n<meta name=\"twitter:creator\" content=\"@OntarioArtsFdn\" \/>\n<meta name=\"twitter:site\" content=\"@OntarioArtsFdn\" \/>\n<meta name=\"twitter:label1\" content=\"\u00c9crit par\" \/>\n\t<meta name=\"twitter:data1\" content=\"tugrul\" \/>\n\t<meta name=\"twitter:label2\" content=\"Estimation du temps de lecture\" \/>\n\t<meta name=\"twitter:data2\" content=\"3 minutes\" \/>\n<script type=\"application\/ld+json\" class=\"yoast-schema-graph\">{\"@context\":\"https:\\\/\\\/schema.org\",\"@graph\":[{\"@type\":\"Article\",\"@id\":\"https:\\\/\\\/oafdn.ca\\\/ginas-prize-recipient-2013\\\/#article\",\"isPartOf\":{\"@id\":\"https:\\\/\\\/oafdn.ca\\\/ginas-prize-recipient-2013\\\/\"},\"author\":{\"name\":\"tugrul\",\"@id\":\"https:\\\/\\\/oafdn.ca\\\/#\\\/schema\\\/person\\\/9cf84eae88a4fa075dd8cb6ae344f0ac\"},\"headline\":\"Gina&#8217;s Prize Recipient 2013\",\"datePublished\":\"2013-03-11T00:31:00+00:00\",\"dateModified\":\"2022-02-13T00:35:44+00:00\",\"mainEntityOfPage\":{\"@id\":\"https:\\\/\\\/oafdn.ca\\\/ginas-prize-recipient-2013\\\/\"},\"wordCount\":539,\"publisher\":{\"@id\":\"https:\\\/\\\/oafdn.ca\\\/#organization\"},\"image\":{\"@id\":\"https:\\\/\\\/oafdn.ca\\\/ginas-prize-recipient-2013\\\/#primaryimage\"},\"thumbnailUrl\":\"https:\\\/\\\/oafdn.ca\\\/wp-content\\\/uploads\\\/2022\\\/02\\\/Krista_Jackson-200x300.jpg\",\"articleSection\":[\"News Release\"],\"inLanguage\":\"fr-CA\"},{\"@type\":\"WebPage\",\"@id\":\"https:\\\/\\\/oafdn.ca\\\/ginas-prize-recipient-2013\\\/\",\"url\":\"https:\\\/\\\/oafdn.ca\\\/ginas-prize-recipient-2013\\\/\",\"name\":\"Gina's Prize Recipient 2013 - Ontario Arts Foundation\",\"isPartOf\":{\"@id\":\"https:\\\/\\\/oafdn.ca\\\/#website\"},\"primaryImageOfPage\":{\"@id\":\"https:\\\/\\\/oafdn.ca\\\/ginas-prize-recipient-2013\\\/#primaryimage\"},\"image\":{\"@id\":\"https:\\\/\\\/oafdn.ca\\\/ginas-prize-recipient-2013\\\/#primaryimage\"},\"thumbnailUrl\":\"https:\\\/\\\/oafdn.ca\\\/wp-content\\\/uploads\\\/2022\\\/02\\\/Krista_Jackson-200x300.jpg\",\"datePublished\":\"2013-03-11T00:31:00+00:00\",\"dateModified\":\"2022-02-13T00:35:44+00:00\",\"breadcrumb\":{\"@id\":\"https:\\\/\\\/oafdn.ca\\\/ginas-prize-recipient-2013\\\/#breadcrumb\"},\"inLanguage\":\"fr-CA\",\"potentialAction\":[{\"@type\":\"ReadAction\",\"target\":[\"https:\\\/\\\/oafdn.ca\\\/ginas-prize-recipient-2013\\\/\"]}]},{\"@type\":\"ImageObject\",\"inLanguage\":\"fr-CA\",\"@id\":\"https:\\\/\\\/oafdn.ca\\\/ginas-prize-recipient-2013\\\/#primaryimage\",\"url\":\"https:\\\/\\\/oafdn.ca\\\/wp-content\\\/uploads\\\/2022\\\/02\\\/Krista_Jackson-200x300.jpg\",\"contentUrl\":\"https:\\\/\\\/oafdn.ca\\\/wp-content\\\/uploads\\\/2022\\\/02\\\/Krista_Jackson-200x300.jpg\"},{\"@type\":\"BreadcrumbList\",\"@id\":\"https:\\\/\\\/oafdn.ca\\\/ginas-prize-recipient-2013\\\/#breadcrumb\",\"itemListElement\":[{\"@type\":\"ListItem\",\"position\":1,\"name\":\"Home\",\"item\":\"https:\\\/\\\/oafdn.ca\\\/\"},{\"@type\":\"ListItem\",\"position\":2,\"name\":\"Gina&#8217;s Prize Recipient 2013\"}]},{\"@type\":\"WebSite\",\"@id\":\"https:\\\/\\\/oafdn.ca\\\/#website\",\"url\":\"https:\\\/\\\/oafdn.ca\\\/\",\"name\":\"Ontario Arts Foundation\",\"description\":\"The Ontario Arts Foundation is a non-governmental not for profit organization established in 1991 under the Ontario Corporations Act to encourage and facilitate private giving to the arts in Ontario, Canada.\",\"publisher\":{\"@id\":\"https:\\\/\\\/oafdn.ca\\\/#organization\"},\"potentialAction\":[{\"@type\":\"SearchAction\",\"target\":{\"@type\":\"EntryPoint\",\"urlTemplate\":\"https:\\\/\\\/oafdn.ca\\\/?s={search_term_string}\"},\"query-input\":{\"@type\":\"PropertyValueSpecification\",\"valueRequired\":true,\"valueName\":\"search_term_string\"}}],\"inLanguage\":\"fr-CA\"},{\"@type\":\"Organization\",\"@id\":\"https:\\\/\\\/oafdn.ca\\\/#organization\",\"name\":\"Ontario Arts Foundation\",\"url\":\"https:\\\/\\\/oafdn.ca\\\/\",\"logo\":{\"@type\":\"ImageObject\",\"inLanguage\":\"fr-CA\",\"@id\":\"https:\\\/\\\/oafdn.ca\\\/#\\\/schema\\\/logo\\\/image\\\/\",\"url\":\"https:\\\/\\\/oafdn.ca\\\/wp-content\\\/uploads\\\/2022\\\/02\\\/logo1-1.png\",\"contentUrl\":\"https:\\\/\\\/oafdn.ca\\\/wp-content\\\/uploads\\\/2022\\\/02\\\/logo1-1.png\",\"width\":1761,\"height\":487,\"caption\":\"Ontario Arts Foundation\"},\"image\":{\"@id\":\"https:\\\/\\\/oafdn.ca\\\/#\\\/schema\\\/logo\\\/image\\\/\"},\"sameAs\":[\"https:\\\/\\\/www.facebook.com\\\/OntarioArtsFoundation\\\/\",\"https:\\\/\\\/x.com\\\/OntarioArtsFdn\"]},{\"@type\":\"Person\",\"@id\":\"https:\\\/\\\/oafdn.ca\\\/#\\\/schema\\\/person\\\/9cf84eae88a4fa075dd8cb6ae344f0ac\",\"name\":\"tugrul\",\"image\":{\"@type\":\"ImageObject\",\"inLanguage\":\"fr-CA\",\"@id\":\"https:\\\/\\\/secure.gravatar.com\\\/avatar\\\/4a398edccd13e67fc11228206372deb53f9dcd8d7a7fccf69e80b739c725ec52?s=96&d=mm&r=g\",\"url\":\"https:\\\/\\\/secure.gravatar.com\\\/avatar\\\/4a398edccd13e67fc11228206372deb53f9dcd8d7a7fccf69e80b739c725ec52?s=96&d=mm&r=g\",\"contentUrl\":\"https:\\\/\\\/secure.gravatar.com\\\/avatar\\\/4a398edccd13e67fc11228206372deb53f9dcd8d7a7fccf69e80b739c725ec52?s=96&d=mm&r=g\",\"caption\":\"tugrul\"},\"sameAs\":[\"http:\"],\"url\":\"https:\\\/\\\/oafdn.ca\\\/fr\\\/author\\\/tugrul\\\/\"}]}<\/script>\n<!-- \/ Yoast SEO plugin. -->","yoast_head_json":{"title":"Gina's Prize Recipient 2013 - Ontario Arts Foundation","robots":{"index":"index","follow":"follow","max-snippet":"max-snippet:-1","max-image-preview":"max-image-preview:large","max-video-preview":"max-video-preview:-1"},"canonical":"https:\/\/oafdn.ca\/fr\/ginas-prize-recipient-2013\/","og_locale":"fr_CA","og_type":"article","og_title":"Gina's Prize Recipient 2013 - Ontario Arts Foundation","og_description":"Toronto\u00a0\u00a0\u2013 March 11, 2013 \u2013The committee of the\u00a0Gina Wilkinson Prize\u00a0is pleased to announce that the 2013 second annual prize recipient is\u00a0Krista Jackson\u00a0of Winnipeg, Manitoba. The announcement came on March 10 &#8211; what would have been Gina&#8217;s birthday. Ms. Jackson was chosen from a list of 19 nominees from across Canada. Krista Jackson\u00a0spent last season withThe [&hellip;]","og_url":"https:\/\/oafdn.ca\/fr\/ginas-prize-recipient-2013\/","og_site_name":"Ontario Arts Foundation","article_publisher":"https:\/\/www.facebook.com\/OntarioArtsFoundation\/","article_published_time":"2013-03-11T00:31:00+00:00","article_modified_time":"2022-02-13T00:35:44+00:00","og_image":[{"width":1707,"height":2560,"url":"https:\/\/oafdn.ca\/wp-content\/uploads\/2022\/02\/Krista_Jackson-scaled.jpg","type":"image\/jpeg"}],"author":"tugrul","twitter_card":"summary_large_image","twitter_creator":"@OntarioArtsFdn","twitter_site":"@OntarioArtsFdn","twitter_misc":{"\u00c9crit par":"tugrul","Estimation du temps de lecture":"3 minutes"},"schema":{"@context":"https:\/\/schema.org","@graph":[{"@type":"Article","@id":"https:\/\/oafdn.ca\/ginas-prize-recipient-2013\/#article","isPartOf":{"@id":"https:\/\/oafdn.ca\/ginas-prize-recipient-2013\/"},"author":{"name":"tugrul","@id":"https:\/\/oafdn.ca\/#\/schema\/person\/9cf84eae88a4fa075dd8cb6ae344f0ac"},"headline":"Gina&#8217;s Prize Recipient 2013","datePublished":"2013-03-11T00:31:00+00:00","dateModified":"2022-02-13T00:35:44+00:00","mainEntityOfPage":{"@id":"https:\/\/oafdn.ca\/ginas-prize-recipient-2013\/"},"wordCount":539,"publisher":{"@id":"https:\/\/oafdn.ca\/#organization"},"image":{"@id":"https:\/\/oafdn.ca\/ginas-prize-recipient-2013\/#primaryimage"},"thumbnailUrl":"https:\/\/oafdn.ca\/wp-content\/uploads\/2022\/02\/Krista_Jackson-200x300.jpg","articleSection":["News Release"],"inLanguage":"fr-CA"},{"@type":"WebPage","@id":"https:\/\/oafdn.ca\/ginas-prize-recipient-2013\/","url":"https:\/\/oafdn.ca\/ginas-prize-recipient-2013\/","name":"Gina's Prize Recipient 2013 - Ontario Arts Foundation","isPartOf":{"@id":"https:\/\/oafdn.ca\/#website"},"primaryImageOfPage":{"@id":"https:\/\/oafdn.ca\/ginas-prize-recipient-2013\/#primaryimage"},"image":{"@id":"https:\/\/oafdn.ca\/ginas-prize-recipient-2013\/#primaryimage"},"thumbnailUrl":"https:\/\/oafdn.ca\/wp-content\/uploads\/2022\/02\/Krista_Jackson-200x300.jpg","datePublished":"2013-03-11T00:31:00+00:00","dateModified":"2022-02-13T00:35:44+00:00","breadcrumb":{"@id":"https:\/\/oafdn.ca\/ginas-prize-recipient-2013\/#breadcrumb"},"inLanguage":"fr-CA","potentialAction":[{"@type":"ReadAction","target":["https:\/\/oafdn.ca\/ginas-prize-recipient-2013\/"]}]},{"@type":"ImageObject","inLanguage":"fr-CA","@id":"https:\/\/oafdn.ca\/ginas-prize-recipient-2013\/#primaryimage","url":"https:\/\/oafdn.ca\/wp-content\/uploads\/2022\/02\/Krista_Jackson-200x300.jpg","contentUrl":"https:\/\/oafdn.ca\/wp-content\/uploads\/2022\/02\/Krista_Jackson-200x300.jpg"},{"@type":"BreadcrumbList","@id":"https:\/\/oafdn.ca\/ginas-prize-recipient-2013\/#breadcrumb","itemListElement":[{"@type":"ListItem","position":1,"name":"Home","item":"https:\/\/oafdn.ca\/"},{"@type":"ListItem","position":2,"name":"Gina&#8217;s Prize Recipient 2013"}]},{"@type":"WebSite","@id":"https:\/\/oafdn.ca\/#website","url":"https:\/\/oafdn.ca\/","name":"Fondation des arts de l'Ontario","description":"The Ontario Arts Foundation is a non-governmental not for profit organization established in 1991 under the Ontario Corporations Act to encourage and facilitate private giving to the arts in Ontario, Canada.","publisher":{"@id":"https:\/\/oafdn.ca\/#organization"},"potentialAction":[{"@type":"SearchAction","target":{"@type":"EntryPoint","urlTemplate":"https:\/\/oafdn.ca\/?s={search_term_string}"},"query-input":{"@type":"PropertyValueSpecification","valueRequired":true,"valueName":"search_term_string"}}],"inLanguage":"fr-CA"},{"@type":"Organization","@id":"https:\/\/oafdn.ca\/#organization","name":"Fondation des arts de l'Ontario","url":"https:\/\/oafdn.ca\/","logo":{"@type":"ImageObject","inLanguage":"fr-CA","@id":"https:\/\/oafdn.ca\/#\/schema\/logo\/image\/","url":"https:\/\/oafdn.ca\/wp-content\/uploads\/2022\/02\/logo1-1.png","contentUrl":"https:\/\/oafdn.ca\/wp-content\/uploads\/2022\/02\/logo1-1.png","width":1761,"height":487,"caption":"Ontario Arts Foundation"},"image":{"@id":"https:\/\/oafdn.ca\/#\/schema\/logo\/image\/"},"sameAs":["https:\/\/www.facebook.com\/OntarioArtsFoundation\/","https:\/\/x.com\/OntarioArtsFdn"]},{"@type":"Person","@id":"https:\/\/oafdn.ca\/#\/schema\/person\/9cf84eae88a4fa075dd8cb6ae344f0ac","name":"tugrul","image":{"@type":"ImageObject","inLanguage":"fr-CA","@id":"https:\/\/secure.gravatar.com\/avatar\/4a398edccd13e67fc11228206372deb53f9dcd8d7a7fccf69e80b739c725ec52?s=96&d=mm&r=g","url":"https:\/\/secure.gravatar.com\/avatar\/4a398edccd13e67fc11228206372deb53f9dcd8d7a7fccf69e80b739c725ec52?s=96&d=mm&r=g","contentUrl":"https:\/\/secure.gravatar.com\/avatar\/4a398edccd13e67fc11228206372deb53f9dcd8d7a7fccf69e80b739c725ec52?s=96&d=mm&r=g","caption":"tugrul"},"sameAs":["http:"],"url":"https:\/\/oafdn.ca\/fr\/author\/tugrul\/"}]}},"_links":{"self":[{"href":"https:\/\/oafdn.ca\/fr\/wp-json\/wp\/v2\/posts\/5117","targetHints":{"allow":["GET"]}}],"collection":[{"href":"https:\/\/oafdn.ca\/fr\/wp-json\/wp\/v2\/posts"}],"about":[{"href":"https:\/\/oafdn.ca\/fr\/wp-json\/wp\/v2\/types\/post"}],"author":[{"embeddable":true,"href":"https:\/\/oafdn.ca\/fr\/wp-json\/wp\/v2\/users\/1"}],"replies":[{"embeddable":true,"href":"https:\/\/oafdn.ca\/fr\/wp-json\/wp\/v2\/comments?post=5117"}],"version-history":[{"count":4,"href":"https:\/\/oafdn.ca\/fr\/wp-json\/wp\/v2\/posts\/5117\/revisions"}],"predecessor-version":[{"id":5122,"href":"https:\/\/oafdn.ca\/fr\/wp-json\/wp\/v2\/posts\/5117\/revisions\/5122"}],"wp:attachment":[{"href":"https:\/\/oafdn.ca\/fr\/wp-json\/wp\/v2\/media?parent=5117"}],"wp:term":[{"taxonomy":"category","embeddable":true,"href":"https:\/\/oafdn.ca\/fr\/wp-json\/wp\/v2\/categories?post=5117"},{"taxonomy":"post_tag","embeddable":true,"href":"https:\/\/oafdn.ca\/fr\/wp-json\/wp\/v2\/tags?post=5117"}],"curies":[{"name":"wp","href":"https:\/\/api.w.org\/{rel}","templated":true}]}}