{"id":4970,"date":"2011-04-01T23:09:00","date_gmt":"2011-04-01T23:09:00","guid":{"rendered":"https:\/\/oafdn.ca\/?p=4970"},"modified":"2022-02-12T23:11:24","modified_gmt":"2022-02-12T23:11:24","slug":"2011-christina-and-louis-quilico-awards-for-vocal-competition-announced","status":"publish","type":"post","link":"https:\/\/oafdn.ca\/fr\/2011-christina-and-louis-quilico-awards-for-vocal-competition-announced\/","title":{"rendered":"Le Prix Christina et Louis Quilico 2011"},"content":{"rendered":"<div data-elementor-type=\"wp-post\" data-elementor-id=\"4970\" class=\"elementor elementor-4970\" wpc-filter-elementor-widget=\"1\">\n\t\t\t\t\t\t<section class=\"elementor-section elementor-top-section elementor-element elementor-element-ee8365e elementor-section-boxed elementor-section-height-default elementor-section-height-default\" data-id=\"ee8365e\" data-element_type=\"section\" data-e-type=\"section\">\n\t\t\t\t\t\t<div class=\"elementor-container elementor-column-gap-default\">\n\t\t\t\t\t<div class=\"elementor-column elementor-col-100 elementor-top-column elementor-element elementor-element-5753d58\" data-id=\"5753d58\" data-element_type=\"column\" data-e-type=\"column\">\n\t\t\t<div class=\"elementor-widget-wrap elementor-element-populated\">\n\t\t\t\t\t\t<div class=\"elementor-element elementor-element-56bb0fd elementor-widget elementor-widget-text-editor\" data-id=\"56bb0fd\" data-element_type=\"widget\" data-e-type=\"widget\" data-widget_type=\"text-editor.default\">\n\t\t\t\t<div class=\"elementor-widget-container\">\n\t\t\t\t\t\t\t\t\t<p><strong>Sous l'\u00e9gide de la Fondation des arts de l'Ontario, le Prix Christina et Louis Quilico 2011 pr\u00e9sente les membres du Studio Ensemble de la Compagnie d'op\u00e9ra canadienne dans un concours de chant.<\/strong><br \/><br \/>Toronto, le 1 avril 2011 \u2013 La Fondation des arts de l'Ontario est heureuse d'organiser le concours de chant pour les prix Christina et Louis Quilico, qui pr\u00e9sente les jeunes \u00e9toiles de demain de\u00a0<a title=\"\" href=\"http:\/\/coc.ca\/AboutTheCOC\/CompanyMembers\/EnsembleStudio.aspx\" target=\"_blank\" rel=\"noopener\">l'Ensemble Studio de la Compagnie d'op\u00e9ra canadienne.<\/a><br \/><br \/>Le 20 avril 2011 \u00e0 17h30 au Four Seasons Centre for the Performing Arts, les membres du COC Ensemble Studio vont concourir en chantant des airs d'op\u00e9ra devant les juges Alexander Neef, directeur g\u00e9n\u00e9ral du COC, David Speers, directeur artistique de Opera Hamilton, et John Hess, co-directeur artistique de Queen of Puddings Music Theatre.\u00a0<br \/><br \/>\u00a0\u00b4 La Compagnie d'op\u00e9ra canadienne est ravie d'\u00cdtre le partenaire de la Fondation des arts de l'Ontario pour les Prix Christina et Louis Quilico 2011. L'initiative de cette ann\u00e9e va offrir une exp\u00e9rience pr\u00e9cieuse aux jeunes chanteurs de notre Ensemble Studio, qui sont en plein d\u00e9veloppement de leurs talents en tant qu'artistes professionnels aux portes de carri\u00cbres op\u00e9ratiques majeures \u00aa dit Alexander Neef, directeur g\u00e9n\u00e9ral du COC.<br \/><br \/>Le concours 2011 aura lieu dans l'amphith\u00e9\u201atre Richard Bradshaw au Centre Four Seasons, 145 rue Queen ouest \u00e0 Toronto. Cet \u00e9v\u00e9nement est gratuit et ouvert au grand public. Les portes ouvriront \u00e0 17h le 20 avril. Les places sont disponibles sur la base du\u00b4 premier arriv\u00e9, premier servi\u00aa et sont limit\u00e9es.<br \/><br \/><a href=\"https:\/\/oafdn.ca\/fr\/art-organizations\/private-funds-and-awards\/private-funds-awards-and-programs\/\" data-wplink-url-error=\"true\">A propos les prix Christina et Louis Quilico<\/a><br \/>Christina Petrowska-Quilico a cr\u00e9\u00e9 le Fonds Christina et Louis Quilico en 2000 en hommage \u00e0 son d\u00e9funt mari, le baryton r\u00e9put\u00e9 Louis Quilico, et pour reconna\u00d3tre de jeunes chanteurs et chanteuses, pianistes, et compositeurs et compositrices de chant qui font preuve d'un talent exceptionnel. Durant ses 45 ann\u00e9es pass\u00e9es sur la sc\u00cbne, Louis Quilico a figur\u00e9 aux m\u00cdmes g\u00e9n\u00e9riques que Luciano Pavarotti, Placido Domingo, Jos\u00e9 Carreras, Joan Sutherland et Renata Tebaldi. Il a aussi contribu\u00e9 \u00e0 faire avancer la carri\u00cbre de nombreux jeunes chanteurs et chanteuses, gr\u201ace \u00e0 son enseignement et aux ateliers ma\u00d3tres qu'il donnait. La Fondation des arts de l'Ontario g\u00cbre le fonds de dotations qui finance les Prix Christina et Louis Quilico.\u00a0<br \/><br \/>A propos de la Fondation des arts de l'Ontario<br \/>\u2026tablie \u00e0 titre de fondation publique et sans but lucratif en 1991, la Fondation d\u00e9tient plus de 300 fonds de dotation totalisant au-del\u00e0 de 56 millions de dollars et elle verse plus de deux millions et demi de dollars par ann\u00e9e en soutien au secteur des arts en Ontario.\u00a0<br \/><br \/><a title=\"\" href=\"http:\/\/coc.ca\/AboutTheCOC\/CompanyMembers\/EnsembleStudio.aspx\" target=\"_blank\" rel=\"noopener\">A propos de L\u2019Ensemble Studio<\/a><br \/>Le COC Ensemble Studio est un programme de formation pour de jeunes professionnels d'op\u00e9ra de tout premier ordre au Canada. Il offre un enseignement avanc\u00e9, une exp\u00e9rience de terrain, et des opportunit\u00e9s de d\u00e9veloppement de carri\u00cbre. L'Ensemble Studio est soutenu g\u00e9n\u00e9reusement par le gouvernement du Canada au travers de Patrimoine Canada, ARIAS (anciennement Canadian Opera Volunteer Committee), \u00e0 la m\u00e9moire de M. George R. Bishop, de la part de sa famille et amis, le Fonds John A. Cook de d\u00e9veloppement des jeunes artistes, en hommage \u00e0 Earlaine Collins, en hommage \u00e0 Ninalee Craig, la succession Horst Dantz et Don Quick, Michael &amp; Lora Gibbens, Ethel Harris, la Fondation caritative Audrey S. Hellyer, Peter &amp; H\u00e9l\u00cbne Hunt, Patrick &amp; Barbara Keenan, le Fonds Hal Jackman \u00e0 la Fondation des arts de l'Ontario, Jo Lander, le Fonds Ruby Mercer, la Fondation George Cedric Metcalf, le Fonds de dotations Roger D. Moore pour l'Ensemble Studio, la Fondation RBC, Katalin Sch\u2030fer, en hommage \u00e0 Colleen Sexsmith, la famille Slaight, la Fiducie Stratton, William &amp; Phyllis Waters, et un donneur anonyme.<br \/><br \/>-30-<br \/><br \/>Pour plus d'information, veuillez contacter :<br \/>Alan Walker, Directeur g\u00e9n\u00e9ral, Fondation des arts de l'Ontario<br \/>Tel: (416) 969-7413<br \/>awalker@arts.on.ca\u00a0<\/p>\t\t\t\t\t\t\t\t<\/div>\n\t\t\t\t<\/div>\n\t\t\t\t\t<\/div>\n\t\t<\/div>\n\t\t\t\t\t<\/div>\n\t\t<\/section>\n\t\t\t\t<\/div>","protected":false},"excerpt":{"rendered":"<p>Hosted by the Ontario Arts Foundation, the 2011 Christina and Louis Quilico Awards features the Canadian Opera Company Ensemble Studio Members in a vocal competition Toronto, April 1, 2011 &#8211; The Ontario Arts Foundation is pleased to host this year&#8217;s Christina and Louis Quilico Awards in vocal competition, which will feature the rising young stars [&hellip;]<\/p>\n","protected":false},"author":1,"featured_media":0,"comment_status":"closed","ping_status":"closed","sticky":false,"template":"","format":"standard","meta":{"_acf_changed":false,"give_campaign_id":0,"nf_dc_page":"","site-sidebar-layout":"default","site-content-layout":"","ast-site-content-layout":"default","site-content-style":"default","site-sidebar-style":"default","ast-global-header-display":"","ast-banner-title-visibility":"","ast-main-header-display":"","ast-hfb-above-header-display":"","ast-hfb-below-header-display":"","ast-hfb-mobile-header-display":"","site-post-title":"","ast-breadcrumbs-content":"","ast-featured-img":"","footer-sml-layout":"","ast-disable-related-posts":"","theme-transparent-header-meta":"","adv-header-id-meta":"","stick-header-meta":"","header-above-stick-meta":"","header-main-stick-meta":"","header-below-stick-meta":"","astra-migrate-meta-layouts":"default","ast-page-background-enabled":"default","ast-page-background-meta":{"desktop":{"background-color":"","background-image":"","background-repeat":"repeat","background-position":"center center","background-size":"auto","background-attachment":"scroll","background-type":"","background-media":"","overlay-type":"","overlay-color":"","overlay-opacity":"","overlay-gradient":""},"tablet":{"background-color":"","background-image":"","background-repeat":"repeat","background-position":"center center","background-size":"auto","background-attachment":"scroll","background-type":"","background-media":"","overlay-type":"","overlay-color":"","overlay-opacity":"","overlay-gradient":""},"mobile":{"background-color":"","background-image":"","background-repeat":"repeat","background-position":"center center","background-size":"auto","background-attachment":"scroll","background-type":"","background-media":"","overlay-type":"","overlay-color":"","overlay-opacity":"","overlay-gradient":""}},"ast-content-background-meta":{"desktop":{"background-color":"var(--ast-global-color-5)","background-image":"","background-repeat":"repeat","background-position":"center center","background-size":"auto","background-attachment":"scroll","background-type":"","background-media":"","overlay-type":"","overlay-color":"","overlay-opacity":"","overlay-gradient":""},"tablet":{"background-color":"var(--ast-global-color-5)","background-image":"","background-repeat":"repeat","background-position":"center center","background-size":"auto","background-attachment":"scroll","background-type":"","background-media":"","overlay-type":"","overlay-color":"","overlay-opacity":"","overlay-gradient":""},"mobile":{"background-color":"var(--ast-global-color-5)","background-image":"","background-repeat":"repeat","background-position":"center center","background-size":"auto","background-attachment":"scroll","background-type":"","background-media":"","overlay-type":"","overlay-color":"","overlay-opacity":"","overlay-gradient":""}},"footnotes":""},"categories":[18],"tags":[],"class_list":["post-4970","post","type-post","status-publish","format-standard","hentry","category-news-release"],"acf":[],"yoast_head":"<!-- This site is optimized with the Yoast SEO plugin v27.4 - https:\/\/yoast.com\/product\/yoast-seo-wordpress\/ -->\n<title>2011 Christina and Louis Quilico Awards for vocal competition announced - Ontario Arts Foundation<\/title>\n<meta name=\"robots\" content=\"index, follow, max-snippet:-1, max-image-preview:large, max-video-preview:-1\" \/>\n<link rel=\"canonical\" href=\"https:\/\/oafdn.ca\/fr\/2011-christina-and-louis-quilico-awards-for-vocal-competition-announced\/\" \/>\n<meta property=\"og:locale\" content=\"fr_CA\" \/>\n<meta property=\"og:type\" content=\"article\" \/>\n<meta property=\"og:title\" content=\"2011 Christina and Louis Quilico Awards for vocal competition announced - Ontario Arts Foundation\" \/>\n<meta property=\"og:description\" content=\"Hosted by the Ontario Arts Foundation, the 2011 Christina and Louis Quilico Awards features the Canadian Opera Company Ensemble Studio Members in a vocal competition Toronto, April 1, 2011 &#8211; The Ontario Arts Foundation is pleased to host this year&#8217;s Christina and Louis Quilico Awards in vocal competition, which will feature the rising young stars [&hellip;]\" \/>\n<meta property=\"og:url\" content=\"https:\/\/oafdn.ca\/fr\/2011-christina-and-louis-quilico-awards-for-vocal-competition-announced\/\" \/>\n<meta property=\"og:site_name\" content=\"Ontario Arts Foundation\" \/>\n<meta property=\"article:publisher\" content=\"https:\/\/www.facebook.com\/OntarioArtsFoundation\/\" \/>\n<meta property=\"article:published_time\" content=\"2011-04-01T23:09:00+00:00\" \/>\n<meta property=\"article:modified_time\" content=\"2022-02-12T23:11:24+00:00\" \/>\n<meta name=\"author\" content=\"tugrul\" \/>\n<meta name=\"twitter:card\" content=\"summary_large_image\" \/>\n<meta name=\"twitter:creator\" content=\"@OntarioArtsFdn\" \/>\n<meta name=\"twitter:site\" content=\"@OntarioArtsFdn\" \/>\n<meta name=\"twitter:label1\" content=\"\u00c9crit par\" \/>\n\t<meta name=\"twitter:data1\" content=\"tugrul\" \/>\n\t<meta name=\"twitter:label2\" content=\"Estimation du temps de lecture\" \/>\n\t<meta name=\"twitter:data2\" content=\"3 minutes\" \/>\n<script type=\"application\/ld+json\" class=\"yoast-schema-graph\">{\"@context\":\"https:\\\/\\\/schema.org\",\"@graph\":[{\"@type\":\"Article\",\"@id\":\"https:\\\/\\\/oafdn.ca\\\/2011-christina-and-louis-quilico-awards-for-vocal-competition-announced\\\/#article\",\"isPartOf\":{\"@id\":\"https:\\\/\\\/oafdn.ca\\\/2011-christina-and-louis-quilico-awards-for-vocal-competition-announced\\\/\"},\"author\":{\"name\":\"tugrul\",\"@id\":\"https:\\\/\\\/oafdn.ca\\\/#\\\/schema\\\/person\\\/9cf84eae88a4fa075dd8cb6ae344f0ac\"},\"headline\":\"2011 Christina and Louis Quilico Awards for vocal competition announced\",\"datePublished\":\"2011-04-01T23:09:00+00:00\",\"dateModified\":\"2022-02-12T23:11:24+00:00\",\"mainEntityOfPage\":{\"@id\":\"https:\\\/\\\/oafdn.ca\\\/2011-christina-and-louis-quilico-awards-for-vocal-competition-announced\\\/\"},\"wordCount\":537,\"publisher\":{\"@id\":\"https:\\\/\\\/oafdn.ca\\\/#organization\"},\"articleSection\":[\"News Release\"],\"inLanguage\":\"fr-CA\"},{\"@type\":\"WebPage\",\"@id\":\"https:\\\/\\\/oafdn.ca\\\/2011-christina-and-louis-quilico-awards-for-vocal-competition-announced\\\/\",\"url\":\"https:\\\/\\\/oafdn.ca\\\/2011-christina-and-louis-quilico-awards-for-vocal-competition-announced\\\/\",\"name\":\"2011 Christina and Louis Quilico Awards for vocal competition announced - Ontario Arts Foundation\",\"isPartOf\":{\"@id\":\"https:\\\/\\\/oafdn.ca\\\/#website\"},\"datePublished\":\"2011-04-01T23:09:00+00:00\",\"dateModified\":\"2022-02-12T23:11:24+00:00\",\"breadcrumb\":{\"@id\":\"https:\\\/\\\/oafdn.ca\\\/2011-christina-and-louis-quilico-awards-for-vocal-competition-announced\\\/#breadcrumb\"},\"inLanguage\":\"fr-CA\",\"potentialAction\":[{\"@type\":\"ReadAction\",\"target\":[\"https:\\\/\\\/oafdn.ca\\\/2011-christina-and-louis-quilico-awards-for-vocal-competition-announced\\\/\"]}]},{\"@type\":\"BreadcrumbList\",\"@id\":\"https:\\\/\\\/oafdn.ca\\\/2011-christina-and-louis-quilico-awards-for-vocal-competition-announced\\\/#breadcrumb\",\"itemListElement\":[{\"@type\":\"ListItem\",\"position\":1,\"name\":\"Home\",\"item\":\"https:\\\/\\\/oafdn.ca\\\/\"},{\"@type\":\"ListItem\",\"position\":2,\"name\":\"2011 Christina and Louis Quilico Awards for vocal competition announced\"}]},{\"@type\":\"WebSite\",\"@id\":\"https:\\\/\\\/oafdn.ca\\\/#website\",\"url\":\"https:\\\/\\\/oafdn.ca\\\/\",\"name\":\"Ontario Arts Foundation\",\"description\":\"The Ontario Arts Foundation is a non-governmental not for profit organization established in 1991 under the Ontario Corporations Act to encourage and facilitate private giving to the arts in Ontario, Canada.\",\"publisher\":{\"@id\":\"https:\\\/\\\/oafdn.ca\\\/#organization\"},\"potentialAction\":[{\"@type\":\"SearchAction\",\"target\":{\"@type\":\"EntryPoint\",\"urlTemplate\":\"https:\\\/\\\/oafdn.ca\\\/?s={search_term_string}\"},\"query-input\":{\"@type\":\"PropertyValueSpecification\",\"valueRequired\":true,\"valueName\":\"search_term_string\"}}],\"inLanguage\":\"fr-CA\"},{\"@type\":\"Organization\",\"@id\":\"https:\\\/\\\/oafdn.ca\\\/#organization\",\"name\":\"Ontario Arts Foundation\",\"url\":\"https:\\\/\\\/oafdn.ca\\\/\",\"logo\":{\"@type\":\"ImageObject\",\"inLanguage\":\"fr-CA\",\"@id\":\"https:\\\/\\\/oafdn.ca\\\/#\\\/schema\\\/logo\\\/image\\\/\",\"url\":\"https:\\\/\\\/oafdn.ca\\\/wp-content\\\/uploads\\\/2022\\\/02\\\/logo1-1.png\",\"contentUrl\":\"https:\\\/\\\/oafdn.ca\\\/wp-content\\\/uploads\\\/2022\\\/02\\\/logo1-1.png\",\"width\":1761,\"height\":487,\"caption\":\"Ontario Arts Foundation\"},\"image\":{\"@id\":\"https:\\\/\\\/oafdn.ca\\\/#\\\/schema\\\/logo\\\/image\\\/\"},\"sameAs\":[\"https:\\\/\\\/www.facebook.com\\\/OntarioArtsFoundation\\\/\",\"https:\\\/\\\/x.com\\\/OntarioArtsFdn\"]},{\"@type\":\"Person\",\"@id\":\"https:\\\/\\\/oafdn.ca\\\/#\\\/schema\\\/person\\\/9cf84eae88a4fa075dd8cb6ae344f0ac\",\"name\":\"tugrul\",\"image\":{\"@type\":\"ImageObject\",\"inLanguage\":\"fr-CA\",\"@id\":\"https:\\\/\\\/secure.gravatar.com\\\/avatar\\\/4a398edccd13e67fc11228206372deb53f9dcd8d7a7fccf69e80b739c725ec52?s=96&d=mm&r=g\",\"url\":\"https:\\\/\\\/secure.gravatar.com\\\/avatar\\\/4a398edccd13e67fc11228206372deb53f9dcd8d7a7fccf69e80b739c725ec52?s=96&d=mm&r=g\",\"contentUrl\":\"https:\\\/\\\/secure.gravatar.com\\\/avatar\\\/4a398edccd13e67fc11228206372deb53f9dcd8d7a7fccf69e80b739c725ec52?s=96&d=mm&r=g\",\"caption\":\"tugrul\"},\"sameAs\":[\"http:\"],\"url\":\"https:\\\/\\\/oafdn.ca\\\/fr\\\/author\\\/tugrul\\\/\"}]}<\/script>\n<!-- \/ Yoast SEO plugin. -->","yoast_head_json":{"title":"2011 Christina and Louis Quilico Awards for vocal competition announced - Ontario Arts Foundation","robots":{"index":"index","follow":"follow","max-snippet":"max-snippet:-1","max-image-preview":"max-image-preview:large","max-video-preview":"max-video-preview:-1"},"canonical":"https:\/\/oafdn.ca\/fr\/2011-christina-and-louis-quilico-awards-for-vocal-competition-announced\/","og_locale":"fr_CA","og_type":"article","og_title":"2011 Christina and Louis Quilico Awards for vocal competition announced - Ontario Arts Foundation","og_description":"Hosted by the Ontario Arts Foundation, the 2011 Christina and Louis Quilico Awards features the Canadian Opera Company Ensemble Studio Members in a vocal competition Toronto, April 1, 2011 &#8211; The Ontario Arts Foundation is pleased to host this year&#8217;s Christina and Louis Quilico Awards in vocal competition, which will feature the rising young stars [&hellip;]","og_url":"https:\/\/oafdn.ca\/fr\/2011-christina-and-louis-quilico-awards-for-vocal-competition-announced\/","og_site_name":"Ontario Arts Foundation","article_publisher":"https:\/\/www.facebook.com\/OntarioArtsFoundation\/","article_published_time":"2011-04-01T23:09:00+00:00","article_modified_time":"2022-02-12T23:11:24+00:00","author":"tugrul","twitter_card":"summary_large_image","twitter_creator":"@OntarioArtsFdn","twitter_site":"@OntarioArtsFdn","twitter_misc":{"\u00c9crit par":"tugrul","Estimation du temps de lecture":"3 minutes"},"schema":{"@context":"https:\/\/schema.org","@graph":[{"@type":"Article","@id":"https:\/\/oafdn.ca\/2011-christina-and-louis-quilico-awards-for-vocal-competition-announced\/#article","isPartOf":{"@id":"https:\/\/oafdn.ca\/2011-christina-and-louis-quilico-awards-for-vocal-competition-announced\/"},"author":{"name":"tugrul","@id":"https:\/\/oafdn.ca\/#\/schema\/person\/9cf84eae88a4fa075dd8cb6ae344f0ac"},"headline":"2011 Christina and Louis Quilico Awards for vocal competition announced","datePublished":"2011-04-01T23:09:00+00:00","dateModified":"2022-02-12T23:11:24+00:00","mainEntityOfPage":{"@id":"https:\/\/oafdn.ca\/2011-christina-and-louis-quilico-awards-for-vocal-competition-announced\/"},"wordCount":537,"publisher":{"@id":"https:\/\/oafdn.ca\/#organization"},"articleSection":["News Release"],"inLanguage":"fr-CA"},{"@type":"WebPage","@id":"https:\/\/oafdn.ca\/2011-christina-and-louis-quilico-awards-for-vocal-competition-announced\/","url":"https:\/\/oafdn.ca\/2011-christina-and-louis-quilico-awards-for-vocal-competition-announced\/","name":"2011 Christina and Louis Quilico Awards for vocal competition announced - Ontario Arts Foundation","isPartOf":{"@id":"https:\/\/oafdn.ca\/#website"},"datePublished":"2011-04-01T23:09:00+00:00","dateModified":"2022-02-12T23:11:24+00:00","breadcrumb":{"@id":"https:\/\/oafdn.ca\/2011-christina-and-louis-quilico-awards-for-vocal-competition-announced\/#breadcrumb"},"inLanguage":"fr-CA","potentialAction":[{"@type":"ReadAction","target":["https:\/\/oafdn.ca\/2011-christina-and-louis-quilico-awards-for-vocal-competition-announced\/"]}]},{"@type":"BreadcrumbList","@id":"https:\/\/oafdn.ca\/2011-christina-and-louis-quilico-awards-for-vocal-competition-announced\/#breadcrumb","itemListElement":[{"@type":"ListItem","position":1,"name":"Home","item":"https:\/\/oafdn.ca\/"},{"@type":"ListItem","position":2,"name":"2011 Christina and Louis Quilico Awards for vocal competition announced"}]},{"@type":"WebSite","@id":"https:\/\/oafdn.ca\/#website","url":"https:\/\/oafdn.ca\/","name":"Fondation des arts de l'Ontario","description":"The Ontario Arts Foundation is a non-governmental not for profit organization established in 1991 under the Ontario Corporations Act to encourage and facilitate private giving to the arts in Ontario, Canada.","publisher":{"@id":"https:\/\/oafdn.ca\/#organization"},"potentialAction":[{"@type":"SearchAction","target":{"@type":"EntryPoint","urlTemplate":"https:\/\/oafdn.ca\/?s={search_term_string}"},"query-input":{"@type":"PropertyValueSpecification","valueRequired":true,"valueName":"search_term_string"}}],"inLanguage":"fr-CA"},{"@type":"Organization","@id":"https:\/\/oafdn.ca\/#organization","name":"Fondation des arts de l'Ontario","url":"https:\/\/oafdn.ca\/","logo":{"@type":"ImageObject","inLanguage":"fr-CA","@id":"https:\/\/oafdn.ca\/#\/schema\/logo\/image\/","url":"https:\/\/oafdn.ca\/wp-content\/uploads\/2022\/02\/logo1-1.png","contentUrl":"https:\/\/oafdn.ca\/wp-content\/uploads\/2022\/02\/logo1-1.png","width":1761,"height":487,"caption":"Ontario Arts Foundation"},"image":{"@id":"https:\/\/oafdn.ca\/#\/schema\/logo\/image\/"},"sameAs":["https:\/\/www.facebook.com\/OntarioArtsFoundation\/","https:\/\/x.com\/OntarioArtsFdn"]},{"@type":"Person","@id":"https:\/\/oafdn.ca\/#\/schema\/person\/9cf84eae88a4fa075dd8cb6ae344f0ac","name":"tugrul","image":{"@type":"ImageObject","inLanguage":"fr-CA","@id":"https:\/\/secure.gravatar.com\/avatar\/4a398edccd13e67fc11228206372deb53f9dcd8d7a7fccf69e80b739c725ec52?s=96&d=mm&r=g","url":"https:\/\/secure.gravatar.com\/avatar\/4a398edccd13e67fc11228206372deb53f9dcd8d7a7fccf69e80b739c725ec52?s=96&d=mm&r=g","contentUrl":"https:\/\/secure.gravatar.com\/avatar\/4a398edccd13e67fc11228206372deb53f9dcd8d7a7fccf69e80b739c725ec52?s=96&d=mm&r=g","caption":"tugrul"},"sameAs":["http:"],"url":"https:\/\/oafdn.ca\/fr\/author\/tugrul\/"}]}},"_links":{"self":[{"href":"https:\/\/oafdn.ca\/fr\/wp-json\/wp\/v2\/posts\/4970","targetHints":{"allow":["GET"]}}],"collection":[{"href":"https:\/\/oafdn.ca\/fr\/wp-json\/wp\/v2\/posts"}],"about":[{"href":"https:\/\/oafdn.ca\/fr\/wp-json\/wp\/v2\/types\/post"}],"author":[{"embeddable":true,"href":"https:\/\/oafdn.ca\/fr\/wp-json\/wp\/v2\/users\/1"}],"replies":[{"embeddable":true,"href":"https:\/\/oafdn.ca\/fr\/wp-json\/wp\/v2\/comments?post=4970"}],"version-history":[{"count":7,"href":"https:\/\/oafdn.ca\/fr\/wp-json\/wp\/v2\/posts\/4970\/revisions"}],"predecessor-version":[{"id":4977,"href":"https:\/\/oafdn.ca\/fr\/wp-json\/wp\/v2\/posts\/4970\/revisions\/4977"}],"wp:attachment":[{"href":"https:\/\/oafdn.ca\/fr\/wp-json\/wp\/v2\/media?parent=4970"}],"wp:term":[{"taxonomy":"category","embeddable":true,"href":"https:\/\/oafdn.ca\/fr\/wp-json\/wp\/v2\/categories?post=4970"},{"taxonomy":"post_tag","embeddable":true,"href":"https:\/\/oafdn.ca\/fr\/wp-json\/wp\/v2\/tags?post=4970"}],"curies":[{"name":"wp","href":"https:\/\/api.w.org\/{rel}","templated":true}]}}