{"id":46702,"date":"2021-06-21T04:04:00","date_gmt":"2021-06-21T04:04:00","guid":{"rendered":"https:\/\/oafdn.ca\/?p=46702"},"modified":"2022-03-28T04:05:52","modified_gmt":"2022-03-28T04:05:52","slug":"recipients-announced-for-the-fourth-annual-indigenous-voices-awards","status":"publish","type":"post","link":"https:\/\/oafdn.ca\/fr\/recipients-announced-for-the-fourth-annual-indigenous-voices-awards\/","title":{"rendered":"Annonce des laur\u00e9at-.es de la quatri\u00e8me \u00e9dition annuelle des Prix Voix Autochtones"},"content":{"rendered":"<div data-elementor-type=\"wp-post\" data-elementor-id=\"46702\" class=\"elementor elementor-46702\" wpc-filter-elementor-widget=\"1\">\n\t\t\t\t\t\t<section class=\"elementor-section elementor-top-section elementor-element elementor-element-5dc5c51f elementor-section-boxed elementor-section-height-default elementor-section-height-default\" data-id=\"5dc5c51f\" data-element_type=\"section\" data-e-type=\"section\">\n\t\t\t\t\t\t<div class=\"elementor-container elementor-column-gap-default\">\n\t\t\t\t\t<div class=\"elementor-column elementor-col-100 elementor-top-column elementor-element elementor-element-7382db2d\" data-id=\"7382db2d\" data-element_type=\"column\" data-e-type=\"column\">\n\t\t\t<div class=\"elementor-widget-wrap elementor-element-populated\">\n\t\t\t\t\t\t<div class=\"elementor-element elementor-element-f890647 elementor-widget elementor-widget-text-editor\" data-id=\"f890647\" data-element_type=\"widget\" data-e-type=\"widget\" data-widget_type=\"text-editor.default\">\n\t\t\t\t<div class=\"elementor-widget-container\">\n\t\t\t\t\t\t\t\t\t<p class=\"translation-block\">Le 21 juin 2021 : La liste des laur\u00e9at\u00b7es de la quatri\u00e8me \u00e9dition annuelle des <strong>Prix Voix Autochtones (IVAs)<\/strong> a \u00e9t\u00e9 annonc\u00e9e aujourd\u2019hui, \u00e0 l\u2019occasion de la Journ\u00e9e des peuples autochtones, lors d\u2019une c\u00e9l\u00e9bration en ligne. Les prix d\u2019une valeur de 39\u2009000 $ canadiens, attribu\u00e9s dans neuf cat\u00e9gories, soulignent le travail exceptionnel d\u2019\u00e9crivain\u00b7es autochtones \u00e9mergent\u00b7es en anglais, en fran\u00e7ais et en langues autochtones.<\/p>\n<p class=\"translation-block\"><b><\/p>\n<p><span style=\"color: #636466; font-family: helvetica;\"><br \/><b><span class=\"blue\">Le ou la gagnant\u00b7e de 5\u2009000 $ pour les textes en prose publi\u00e9s en anglais (fiction) :<\/span><\/b><br \/><\/span><b>Nathan Adler (Ojibwe\/Jewish, Lac Des Milles Lacs First Nation),\u00a0<i>Ghost Lake<\/i>\u00a0(Kegedonce Press)<\/b><\/p>\n<p><span style=\"color: #636466; font-family: helvetica;\">\u201cWe love these stories! Interconnected horror stories based on traditional Anishinaabeg stories\u00a0<\/span>and all set on an eerie reserve aptly named Ghost Lake? Yes please. Every story surprises. An absolute page-turner, deeply engaging horror stories that leave you breathless. The sheer breadth and range of what Adler has accomplished here is impressive.\u201d (Citation du jury)<\/p>\n<p><span style=\"color: #636466; font-family: helvetica;\">Les nomin\u00e9\u00b7es dans cette cat\u00e9gorie incluaient :<\/span><\/p>\n<ul>\n<li><span style=\"color: #636466; font-family: helvetica;\">Jenn Ashton (Squamish),\u00a0<i>People Like Frank\u00a0<\/i>(Tidewater Press);<\/span><\/li>\n<li><span style=\"color: #636466; font-family: helvetica;\">Michelle Good (Cree &#8212; Red Pheasant Cree Nation),<i>\u00a0Five Little Indians<\/i>\u00a0(Harper Perennial);<\/span><\/li>\n<li><span style=\"color: #636466; font-family: helvetica;\">Michael Hutchinson (Cree\/Metis, Misipawistik Cree Nation),\u00a0<i>The Case of the Missing Auntie<\/i>\u00a0<\/span>(Second Story Press);<\/li>\n<li><span style=\"color: #636466; font-family: helvetica;\">Kat\u0142\u012f\u00e0 (Catherine) Lafferty (Yellowknives Dene First Nation, Somba K\u2019e Northwest Territories),\u00a0<\/span><i>Land-Water-Sky \/ Nd\u00e8-T\u0131-Yat\u2019a<\/i>\u00a0(Fernwood Publishing).<\/li>\n<\/ul>\n<p><span style=\"color: #636466; font-family: helvetica;\"><b><span class=\"blue\">Le ou la gagnant\u00b7e de 5\u2009000 $ pour les textes en prose publi\u00e9s en anglais (\u0153uvres cr\u00e9atrices non-romanesque et r\u00e9cits de vie) :<\/span><\/b><br \/><\/span><b>Bevann Fox (Pasqua First Nation),\u00a0<i>Genocidal Love: A Life After Residential School\u00a0<\/i>(University of Regina Press)<\/b><\/p>\n<p><span style=\"color: #636466; font-family: helvetica;\">\u201cBevann Fox writes herself through trauma while articulating just how far-reaching the damage\u00a0<\/span>of childhood abuse can be. Writing out the pain on scraps of paper helped Myrtle, the central character of this fictionalized autobiography, to cope and to remember, and now Fox\u2019s writing will help others understand the power of early trauma to lure people into what can only be labelled \u201cgenocidal love\u201d. And it will also give them hope that they can come through\u201d (citation du jury).<\/p>\n<p><span style=\"color: #636466; font-family: helvetica;\">Les nomin\u00e9\u00b7es dans cette cat\u00e9gorie incluaient :<\/span><\/p>\n<ul>\n<li><span style=\"color: #636466; font-family: helvetica;\">Karen Pheasant-Neganigwane (Anishinaabe),\u00a0<i>Powwow: A Celebration through Song and Dance\u00a0<\/i><\/span>(Orca Book Publishers);<\/li>\n<li><span style=\"color: #636466; font-family: helvetica;\">Michelle Porter (M\u00e9tis),\u00a0<i>Approaching Fire<\/i>\u00a0(Breakwater Books).\u00a0<\/span><\/li>\n<\/ul>\n<p><span style=\"color: #636466; font-family: helvetica;\"><b><span class=\"blue\">Le ou la gagnant\u00b7e de 2\u2009000 $ pour les textes en prose in\u00e9dits en anglais :<\/span><\/b><br \/><\/span><b>Amanda Peters (Mi\u2019kmaq\/L\u2019nu, Glooscap First Nation), \u201cWaiting for the Long Night Moon\u201d<\/b><\/p>\n<p class=\"translation-block\"><b><\/p>\n<p><span style=\"color: #636466; font-family: helvetica;\">Les nomin\u00e9\u00b7es dans cette cat\u00e9gorie incluaient :<\/span><\/p>\n<ul>\n<li><span style=\"color: #636466; font-family: helvetica;\">Deanna Marie Jacobson (I\u00f1uvialuit), \u201cHockey and Hot Chocolate\u201d<\/span><\/li>\n<li><span style=\"color: #636466; font-family: helvetica;\">Troy Sebastian (Ktunaxa), \u201cThe Mission\u201d<\/span><\/li>\n<\/ul>\n<p><span style=\"color: #636466; font-family: helvetica;\"><b><span class=\"blue\">Le ou la gagnant\u00b7e de 5\u2009000 $ pour la po\u00e9sie publi\u00e9e en anglais :<\/span><\/b><br \/><\/span><b>jaye simpson (Oji-Cree Saulteaux, Sapotaweyak Cree Nation),\u00a0<i>It Was Never Going to Be Okay<\/i>\u00a0(Nightwood Editions)<\/b><\/p>\n<p><span style=\"color: #636466; font-family: helvetica;\">\u201c<i>It Was Never Going to Be Okay<\/i>\u00a0is an astonishing debut collection of poetry. jaye simpson&#8217;s\u00a0<\/span>work is a deeply heartfelt and powerful love letter to NDN kids in care, trans youth, Indigiqueer\u00a0kin, and many many more.\u00a0<i>It Was Never Going to Be Okay<\/i>\u00a0is an important book that will continue to resonate for years to come\u201d (citation du jury).<\/p>\n<p><span style=\"color: #636466; font-family: helvetica;\">Les nomin\u00e9\u00b7es dans cette cat\u00e9gorie incluaient :<\/span><\/p>\n<ul>\n<li><span style=\"color: #636466; font-family: helvetica;\">Dr Norma Dunning (Padlei Inuit\/Nunavut),\u00a0<i>Eskimo Pie: A Poetics of Inuit Identity<\/i>\u00a0(Bookland\u00a0<\/span>Press);<\/li>\n<li><span style=\"color: #636466; font-family: helvetica;\">shalan joudry (Mi\u2019kmaw\/L\u2019nu),\u00a0<i>Waking Ground<\/i>\u00a0(Gaspereau Press);<\/span><\/li>\n<li><span style=\"color: #636466; font-family: helvetica;\">Tyler Pennock (Cree and M\u00e9tis),\u00a0<i>Bones<\/i>\u00a0(Brick Books).<\/span><\/li>\n<\/ul>\n<p><span style=\"color: #636466; font-family: helvetica;\"><b><span class=\"blue\">Le ou la gagnant\u00b7e de 2\u2009000 $ pour la po\u00e9sie in\u00e9dite en anglais :<\/span><\/b><br \/><\/span><b>Samantha Martin-Bird (Peguis First Nation), \u201cthe indian (adultery) act &amp; other poems\u201d<\/b><\/p>\n<p><span style=\"color: #636466; font-family: helvetica;\">\u201cWe enjoyed the humour and sharp language in these poems, along with the rumbling rant elements.\u00a0<\/span>Skillful blending and celebration of Cree, Ojibwe, English, and of politics, love, resentment. The writing is concise and clear and the voice is strong, with a specific point of view: we\u2019d be happy to read the opinionated works of this poet on any conceivable topic\u201d (citation du jury).<\/p>\n<p><span style=\"color: #636466; font-family: helvetica;\">Les nomin\u00e9\u00b7es dans cette cat\u00e9gorie incluaient :<\/span><\/p>\n<ul>\n<li><span style=\"color: #636466; font-family: helvetica;\">Brandi Bird (Peguis First Nation), \u201cOde to Diabetes\u201d;<\/span><\/li>\n<li><span style=\"color: #636466; font-family: helvetica;\">Erica Violet Lee (Saskatoon and Thunderchild First Nation), \u201cA Manifesto for the Morning and\u00a0<\/span>Forever After\u201d;<\/li>\n<li><span style=\"color: #636466; font-family: helvetica;\">Shaya MacDonald (Mi\u2019kmaq\/L\u2019nu, Benoit First Nation), \u201cShe Said to Me\u201d.<\/span><\/li>\n<\/ul>\n<p><span style=\"color: #636466; font-family: helvetica;\"><b><span class=\"blue\">Le ou la gagnant\u00b7e de 5\u2009000 $ pour les textes en prose publi\u00e9s en fran\u00e7ais :<\/span><\/b><br \/><\/span><b>\u00c9milie Monnet (Anishinaabe),\u00a0<i>Okinum<\/i>\u00a0(\u00c9ditions Les Herbes Rouges)<\/b><\/p>\n<p class=\"translation-block\">\u201cLe r\u00eave et la r\u00e9f\u00e9rence \u00e0 la nature protectrice et reconstructrice sont des moyens de gu\u00e9rison et de r\u00e9appropriation de soi qu\u2019\u00c9milie Monnet met ici en sc\u00e8ne de fa\u00e7on douce et parlante\u201d (citation du jury).<\/p>\n<p class=\"translation-block\"><b><\/p>\n<p><span style=\"color: #636466; font-family: helvetica;\">Les nomin\u00e9\u00b7es dans cette cat\u00e9gorie incluaient :<\/span><\/p>\n<p>\u00a0<\/p>\n<ul>\n<li><span style=\"color: #636466; font-family: helvetica;\">Jocelyn Sioui (Wendat),\u00a0<i>Mononk Jules<\/i>\u00a0(\u00c9ditions Hannenorak)<\/span><\/li>\n<\/ul>\n<p><span style=\"color: #636466; font-family: helvetica;\"><b><span class=\"blue\">Le ou la gagnant\u00b7e de 5\u2009000 $ pour la po\u00e9sie publi\u00e9e en fran\u00e7ais :\u00a0<\/span><\/b><br \/><\/span><b>Shayne Michael (Wolastoqiyik, Madawaska Maliseet First Nation),\u00a0<i>Fif et sauvage<\/i>\u00a0(\u00c9ditions Perce-Neige)<\/b><\/p>\n<p><span style=\"color: #636466; font-family: helvetica;\">\u201cDans ce premier recueil fort, Shayne Michael entre en litt\u00e9rature en retournant l\u2019insulte \u00e0\u00a0<\/span>l\u2019exp\u00e9diteur. Dans\u00a0<i>Fif et Sauvage<\/i>, le po\u00e8te emprunte tour \u00e0 tour la posture et la voix du fils, celle\u00a0de la m\u00e8re, et ensuite celle de l\u2019amant, afin de rejouer sa naissance, afin d\u2019habiter ce corps, et\u00a0afin surtout d\u2019affirmer, \u00e0 l\u2019aide m\u00eame de ce corps insult\u00e9, la souverainet\u00e9 de ce corps, la s\u00fbret\u00e9\u00a0de son d\u00e9sir.\u201d (citation des jur\u00e9s)<\/p>\n<p class=\"translation-block\"><b><\/p>\n<p><span style=\"color: #636466; font-family: helvetica;\">Les nomin\u00e9\u00b7es dans cette cat\u00e9gorie incluaient :<\/span><\/p>\n<p>\u00a0<\/p>\n<ul>\n<li><span style=\"color: #636466; font-family: helvetica;\">F\u00e9lix Perkins (Huron-Wendat),\u00a0<i>Boiteur des bois<\/i>\u00a0(\u00c9ditions Perce-Neige).<\/span><\/li>\n<\/ul>\n<p><span style=\"color: #636466; font-family: helvetica;\"><b><span class=\"blue\">Le ou la gagnant\u00b7e de 5\u2009000 $ pour les romans graphiques, bandes dessin\u00e9es et livres illustr\u00e9s dans n\u2019importe quelle langue :<\/span><\/b><br \/><\/span><b>Brianna Jonnie (Ojibwe), avec Nahanni Shingoose (Ojibwe), illustr\u00e9 par Neal Shannacappo (Nakawe, Rolling River First Nation),\u00a0<i>If I Go Missing<\/i>\u00a0(James Lorimer)<\/b><\/p>\n<p><span style=\"color: #636466; font-family: helvetica;\">\u201cBrianna Jonnie was just fourteen years old when she wrote an open letter to the Winnipeg\u00a0<\/span>Police Service calling out their inaction when Indigenous women and girls go missing. The letter\u00a0became\u00a0<i>If I Go Missing<\/i>, a graphic novel told in searing words and striking images, commanding\u00a0the police and the media to \u201cdo better,\u201d while stealing the heart of the reader with Jonnie\u2019s\u00a0unique brilliance, her creative intelligence, her tender dreams, and her hopes for her future.\u201d<\/p>\n<p><span style=\"color: #636466; font-family: helvetica;\">Les nomin\u00e9\u00b7es dans cette cat\u00e9gorie incluaient :<\/span><\/p>\n<ul>\n<li><span style=\"color: #636466; font-family: helvetica;\">Lisa Boivin (Denesulin\u00e9, Deninu K\u2019ue First Nation),\u00a0<i>I Will See You Again<\/i>\u00a0(HighWater Press);<\/span><\/li>\n<li><span style=\"color: #636466; font-family: helvetica;\">Tasha Spillett (Inninewak), illustrated by Natasha Donovan (M\u00e9tis),\u00a0<i>From the Roots Up:\u00a0<\/i><\/span><i>Surviving the City Vol. 2,<\/i>\u00a0(HighWater Press)<\/li>\n<\/ul>\n<p><span style=\"color: #636466; font-family: helvetica;\"><b><span class=\"blue\">Le ou la gagnant\u00b7e de 5\u2009000 $ pour les \u0153uvres publi\u00e9s dans une langue autochtone :<\/span><\/b><br \/><\/span><b>Zacharias Kunuk (Inuit), illustr\u00e9 par Megan Kyak-Monteith (Inuit), The Shaman\u2019s Apprentice: Inuktitut (Inhabit Media)<\/b><\/p>\n<p><span style=\"color: #636466; font-family: helvetica;\">\u201cZacharias Kunuk, with help from the evocative images by illustrator Megan Kyak-Monteith, retells an\u00a0<\/span>Inuit traditional story about a young shaman faced with a daunting task to visit \u201cthe One Below\u201d in\u00a0search of help to heal an ill community member. A wonderful contribution to Inuit storytelling\u00a0traditions in Inuktitut for all ages.\u201d<\/p>\n<p class=\"translation-block\">Ce concours litt\u00e9raire vise \u00e0 honorer la souverainet\u00e9 des voix cr\u00e9atives autochtones et \u00e0 soutenir et nourrir le travail des \u00e9crivain\u00b7es autochtones sur les terres revendiqu\u00e9es par le Canada. Au cours des quatre derni\u00e8res ann\u00e9es, les IVAs ont attribu\u00e9 pr\u00e8s de 110\u2009000 $ \u00e0 des \u00e9crivain\u00b7es autochtones \u00e9mergent\u00b7es. \n\nDans le but de transcender l\u2019individualisme de la culture des prix et d\u2019encourager la cr\u00e9ation d\u2019une communaut\u00e9, tous les candidat\u00b7es admissibles et les finalistes sont invit\u00e9\u00b7es \u00e0 participer \u00e0 des initiatives de mentorat, con\u00e7ues pour cultiver les relations entre les \u00e9crivain\u00b7es autochtones \u00e9mergent\u00b7es et \u00e9tabli\u00b7es et pour fournir un soutien pratique en mati\u00e8re de carri\u00e8re et de cr\u00e9ation. Cette ann\u00e9e, ce programme de mentorat a \u00e9t\u00e9 soutenu par Penguin Random House Canada.<\/p>\n<p class=\"translation-block\">Les jur\u00e9\u00b7es des IVAs 2021 sont : Jordan Abel, Joanne Arnott, Carleigh Baker, Billy-Ray Belcourt, Michelle Coupal, Margery Fee, Marie-Andr\u00e9e Gill, Francis Langevin, Otoniya Juliane Okot Bitek, Katherena Vermette et Michael Nicoll Yahgulanaas.<\/p>\n<p><span style=\"color: #636466; font-family: helvetica;\">Les Prix Voix Autochtones 2021 sont administr\u00e9s par ses copr\u00e9sidentes, la Dre Deanna Reder (Crie-M\u00e9tis) et les chercheuses alli\u00e9es, la Dre Sophie McCall et la Dre Sarah Henzi, de l\u2019Universit\u00e9 Simon Fraser.<\/span><\/p>\n<p><span style=\"color: #636466; font-family: helvetica;\">Les IVAs aimeraient souligner le soutien g\u00e9n\u00e9reux de Pamela Dillon, de Penguin Random House Canada et de la Fondation Giller, ainsi que de l\u2019Association des \u00e9tudes litt\u00e9raires autochtones. De plus, les pr\u00e9sidentes des IVAs reconnaissent avec gratitude le soutien de Scholastic Canada, du Centre for Equitable Library Access et des innombrables contributions re\u00e7ues en dons au fonds participatif des IVAs au cours des quatre derni\u00e8res ann\u00e9es. Les dons du public sont toujours les bienvenus et fortement appr\u00e9ci\u00e9s : veuillez visiter IndigenousVoicesAwards.org pour plus d\u2019informations.<\/span><\/p>\n<p><span style=\"color: #636466; font-family: helvetica;\"><b><span class=\"blue\">Pour vous connecter et partager :<\/span><\/b><br \/>Twitter\u00a0<a title=\"\" href=\"https:\/\/twitter.com\/IndigenousVAs\">@IndigenousVAs<\/a><br \/>Facebook\u00a0<a title=\"\" href=\"https:\/\/www.facebook.com\/IndigenousVoicesAwards\">@IndigenousVoicesAwards<\/a><br \/>Instagram\u00a0<a title=\"\" href=\"https:\/\/www.instagram.com\/indigenousvoicesawards\/\">@IndigenousVoicesAwards<\/a><br \/><\/span><a title=\"\" href=\"https:\/\/indigenousvoicesawards.org\/\">IndigenousVoicesAwards.org<\/a><\/p>\n<p>Lisez les voix autochtones\u2009! D\u00e9couvrez les ouvrages publi\u00e9s par les jur\u00e9\u00b7es, les nomin\u00e9\u00b7es et les laur\u00e9at\u00b7es des IVAs :\u00a0<a title=\"\" href=\"https:\/\/indigenousvoicesawards.org\/read-indigenous\">indigenousvoicesawards.org\/read-indigenous<\/a><\/p>\n<p><span style=\"color: #636466; font-family: helvetica;\">-30-<\/span><\/p>\n<p><span style=\"color: #636466; font-family: helvetica;\"><br \/><b>Pour des entrevues ou plus d\u2019informations, veuillez contacter :<\/b><br \/>Katie Saunoris, IVAs publicist,<a title=\"\" href=\"mailto:katiesaunoris@gmail.com\">\u00a0katiesaunoris@gmail.com<\/a>\u00a0<br \/><\/span>Dr. Deanna Reder, IVAs Co-Chair,\u00a0<a title=\"\" href=\"mailto:dhr@sfu.ca\">dhr@sfu.ca<\/a>\u00a0<br \/>Visitez la\u00a0<a title=\"\" href=\"https:\/\/drive.google.com\/drive\/folders\/1C-YLn4xxSDK4hzqM4rRgfjbli6jMk3bk\">Gallerie<\/a>\u00a0pour des images et les bios.<\/p>\n<p><b>For Ontario Arts Foundation inquiries:<\/b><br \/>Bruce Bennett,  directeur g\u00e9n\u00e9ral\u00a0\u00a0<a title=\"\" href=\"mailto:bbennett@oafdn.ca\">bbennett@oafdn.ca\u00a0<\/a><br \/><br \/><\/p>\n<p><span style=\"color: #636466; font-family: helvetica;\"><i>This document is also available in English.<\/i><\/span><\/p>\t\t\t\t\t\t\t\t<\/div>\n\t\t\t\t<\/div>\n\t\t\t\t<div class=\"elementor-element elementor-element-ea826c1 elementor-widget elementor-widget-text-editor\" data-id=\"ea826c1\" data-element_type=\"widget\" data-e-type=\"widget\" data-widget_type=\"text-editor.default\">\n\t\t\t\t<div class=\"elementor-widget-container\">\n\t\t\t\t\t\t\t\t\t\n<p><a><\/a><\/p>\n\t\t\t\t\t\t\t\t<\/div>\n\t\t\t\t<\/div>\n\t\t\t\t\t<\/div>\n\t\t<\/div>\n\t\t\t\t\t<\/div>\n\t\t<\/section>\n\t\t\t\t<\/div>","protected":false},"excerpt":{"rendered":"<p>June 21, 2021: Recipients for the fourth annual&nbsp;Indigenous Voices Awards (IVAs)&nbsp;were announced today,&nbsp;Indigenous Peoples Day. During an online celebration, $39,000 CAD was awarded across nine categories in&nbsp;recognition of exceptional emerging Indigenous writers working in English, French, and Indigenous languages. \u201cAs Co-Chairs of the fourth annual celebrations of the Indigenous Voices Awards, we are thrilled to&nbsp;announce [&hellip;]<\/p>\n","protected":false},"author":1,"featured_media":0,"comment_status":"closed","ping_status":"closed","sticky":false,"template":"","format":"standard","meta":{"_acf_changed":false,"give_campaign_id":0,"nf_dc_page":"","site-sidebar-layout":"default","site-content-layout":"","ast-site-content-layout":"default","site-content-style":"default","site-sidebar-style":"default","ast-global-header-display":"","ast-banner-title-visibility":"","ast-main-header-display":"","ast-hfb-above-header-display":"","ast-hfb-below-header-display":"","ast-hfb-mobile-header-display":"","site-post-title":"","ast-breadcrumbs-content":"","ast-featured-img":"","footer-sml-layout":"","ast-disable-related-posts":"","theme-transparent-header-meta":"","adv-header-id-meta":"","stick-header-meta":"","header-above-stick-meta":"","header-main-stick-meta":"","header-below-stick-meta":"","astra-migrate-meta-layouts":"default","ast-page-background-enabled":"default","ast-page-background-meta":{"desktop":{"background-color":"","background-image":"","background-repeat":"repeat","background-position":"center center","background-size":"auto","background-attachment":"scroll","background-type":"","background-media":"","overlay-type":"","overlay-color":"","overlay-opacity":"","overlay-gradient":""},"tablet":{"background-color":"","background-image":"","background-repeat":"repeat","background-position":"center center","background-size":"auto","background-attachment":"scroll","background-type":"","background-media":"","overlay-type":"","overlay-color":"","overlay-opacity":"","overlay-gradient":""},"mobile":{"background-color":"","background-image":"","background-repeat":"repeat","background-position":"center center","background-size":"auto","background-attachment":"scroll","background-type":"","background-media":"","overlay-type":"","overlay-color":"","overlay-opacity":"","overlay-gradient":""}},"ast-content-background-meta":{"desktop":{"background-color":"var(--ast-global-color-5)","background-image":"","background-repeat":"repeat","background-position":"center center","background-size":"auto","background-attachment":"scroll","background-type":"","background-media":"","overlay-type":"","overlay-color":"","overlay-opacity":"","overlay-gradient":""},"tablet":{"background-color":"var(--ast-global-color-5)","background-image":"","background-repeat":"repeat","background-position":"center center","background-size":"auto","background-attachment":"scroll","background-type":"","background-media":"","overlay-type":"","overlay-color":"","overlay-opacity":"","overlay-gradient":""},"mobile":{"background-color":"var(--ast-global-color-5)","background-image":"","background-repeat":"repeat","background-position":"center center","background-size":"auto","background-attachment":"scroll","background-type":"","background-media":"","overlay-type":"","overlay-color":"","overlay-opacity":"","overlay-gradient":""}},"footnotes":""},"categories":[18],"tags":[],"class_list":["post-46702","post","type-post","status-publish","format-standard","hentry","category-news-release"],"acf":[],"yoast_head":"<!-- This site is optimized with the Yoast SEO plugin v27.4 - https:\/\/yoast.com\/product\/yoast-seo-wordpress\/ -->\n<title>Recipients announced for the fourth annual Indigenous Voices Awards - Ontario Arts Foundation<\/title>\n<meta name=\"robots\" content=\"index, follow, max-snippet:-1, max-image-preview:large, max-video-preview:-1\" \/>\n<link rel=\"canonical\" href=\"https:\/\/oafdn.ca\/fr\/recipients-announced-for-the-fourth-annual-indigenous-voices-awards\/\" \/>\n<meta property=\"og:locale\" content=\"fr_CA\" \/>\n<meta property=\"og:type\" content=\"article\" \/>\n<meta property=\"og:title\" content=\"Recipients announced for the fourth annual Indigenous Voices Awards - Ontario Arts Foundation\" \/>\n<meta property=\"og:description\" content=\"June 21, 2021: Recipients for the fourth annual&nbsp;Indigenous Voices Awards (IVAs)&nbsp;were announced today,&nbsp;Indigenous Peoples Day. During an online celebration, $39,000 CAD was awarded across nine categories in&nbsp;recognition of exceptional emerging Indigenous writers working in English, French, and Indigenous languages. \u201cAs Co-Chairs of the fourth annual celebrations of the Indigenous Voices Awards, we are thrilled to&nbsp;announce [&hellip;]\" \/>\n<meta property=\"og:url\" content=\"https:\/\/oafdn.ca\/fr\/recipients-announced-for-the-fourth-annual-indigenous-voices-awards\/\" \/>\n<meta property=\"og:site_name\" content=\"Ontario Arts Foundation\" \/>\n<meta property=\"article:publisher\" content=\"https:\/\/www.facebook.com\/OntarioArtsFoundation\/\" \/>\n<meta property=\"article:published_time\" content=\"2021-06-21T04:04:00+00:00\" \/>\n<meta property=\"article:modified_time\" content=\"2022-03-28T04:05:52+00:00\" \/>\n<meta name=\"author\" content=\"tugrul\" \/>\n<meta name=\"twitter:card\" content=\"summary_large_image\" \/>\n<meta name=\"twitter:creator\" content=\"@OntarioArtsFdn\" \/>\n<meta name=\"twitter:site\" content=\"@OntarioArtsFdn\" \/>\n<meta name=\"twitter:label1\" content=\"\u00c9crit par\" \/>\n\t<meta name=\"twitter:data1\" content=\"tugrul\" \/>\n\t<meta name=\"twitter:label2\" content=\"Estimation du temps de lecture\" \/>\n\t<meta name=\"twitter:data2\" content=\"9 minutes\" \/>\n<script type=\"application\/ld+json\" class=\"yoast-schema-graph\">{\"@context\":\"https:\\\/\\\/schema.org\",\"@graph\":[{\"@type\":\"Article\",\"@id\":\"https:\\\/\\\/oafdn.ca\\\/recipients-announced-for-the-fourth-annual-indigenous-voices-awards\\\/#article\",\"isPartOf\":{\"@id\":\"https:\\\/\\\/oafdn.ca\\\/recipients-announced-for-the-fourth-annual-indigenous-voices-awards\\\/\"},\"author\":{\"name\":\"tugrul\",\"@id\":\"https:\\\/\\\/oafdn.ca\\\/#\\\/schema\\\/person\\\/9cf84eae88a4fa075dd8cb6ae344f0ac\"},\"headline\":\"Recipients announced for the fourth annual Indigenous Voices Awards\",\"datePublished\":\"2021-06-21T04:04:00+00:00\",\"dateModified\":\"2022-03-28T04:05:52+00:00\",\"mainEntityOfPage\":{\"@id\":\"https:\\\/\\\/oafdn.ca\\\/recipients-announced-for-the-fourth-annual-indigenous-voices-awards\\\/\"},\"wordCount\":1726,\"publisher\":{\"@id\":\"https:\\\/\\\/oafdn.ca\\\/#organization\"},\"articleSection\":[\"News Release\"],\"inLanguage\":\"fr-CA\"},{\"@type\":\"WebPage\",\"@id\":\"https:\\\/\\\/oafdn.ca\\\/recipients-announced-for-the-fourth-annual-indigenous-voices-awards\\\/\",\"url\":\"https:\\\/\\\/oafdn.ca\\\/recipients-announced-for-the-fourth-annual-indigenous-voices-awards\\\/\",\"name\":\"Recipients announced for the fourth annual Indigenous Voices Awards - Ontario Arts Foundation\",\"isPartOf\":{\"@id\":\"https:\\\/\\\/oafdn.ca\\\/#website\"},\"datePublished\":\"2021-06-21T04:04:00+00:00\",\"dateModified\":\"2022-03-28T04:05:52+00:00\",\"breadcrumb\":{\"@id\":\"https:\\\/\\\/oafdn.ca\\\/recipients-announced-for-the-fourth-annual-indigenous-voices-awards\\\/#breadcrumb\"},\"inLanguage\":\"fr-CA\",\"potentialAction\":[{\"@type\":\"ReadAction\",\"target\":[\"https:\\\/\\\/oafdn.ca\\\/recipients-announced-for-the-fourth-annual-indigenous-voices-awards\\\/\"]}]},{\"@type\":\"BreadcrumbList\",\"@id\":\"https:\\\/\\\/oafdn.ca\\\/recipients-announced-for-the-fourth-annual-indigenous-voices-awards\\\/#breadcrumb\",\"itemListElement\":[{\"@type\":\"ListItem\",\"position\":1,\"name\":\"Home\",\"item\":\"https:\\\/\\\/oafdn.ca\\\/\"},{\"@type\":\"ListItem\",\"position\":2,\"name\":\"Recipients announced for the fourth annual Indigenous Voices Awards\"}]},{\"@type\":\"WebSite\",\"@id\":\"https:\\\/\\\/oafdn.ca\\\/#website\",\"url\":\"https:\\\/\\\/oafdn.ca\\\/\",\"name\":\"Ontario Arts Foundation\",\"description\":\"The Ontario Arts Foundation is a non-governmental not for profit organization established in 1991 under the Ontario Corporations Act to encourage and facilitate private giving to the arts in Ontario, Canada.\",\"publisher\":{\"@id\":\"https:\\\/\\\/oafdn.ca\\\/#organization\"},\"potentialAction\":[{\"@type\":\"SearchAction\",\"target\":{\"@type\":\"EntryPoint\",\"urlTemplate\":\"https:\\\/\\\/oafdn.ca\\\/?s={search_term_string}\"},\"query-input\":{\"@type\":\"PropertyValueSpecification\",\"valueRequired\":true,\"valueName\":\"search_term_string\"}}],\"inLanguage\":\"fr-CA\"},{\"@type\":\"Organization\",\"@id\":\"https:\\\/\\\/oafdn.ca\\\/#organization\",\"name\":\"Ontario Arts Foundation\",\"url\":\"https:\\\/\\\/oafdn.ca\\\/\",\"logo\":{\"@type\":\"ImageObject\",\"inLanguage\":\"fr-CA\",\"@id\":\"https:\\\/\\\/oafdn.ca\\\/#\\\/schema\\\/logo\\\/image\\\/\",\"url\":\"https:\\\/\\\/oafdn.ca\\\/wp-content\\\/uploads\\\/2022\\\/02\\\/logo1-1.png\",\"contentUrl\":\"https:\\\/\\\/oafdn.ca\\\/wp-content\\\/uploads\\\/2022\\\/02\\\/logo1-1.png\",\"width\":1761,\"height\":487,\"caption\":\"Ontario Arts Foundation\"},\"image\":{\"@id\":\"https:\\\/\\\/oafdn.ca\\\/#\\\/schema\\\/logo\\\/image\\\/\"},\"sameAs\":[\"https:\\\/\\\/www.facebook.com\\\/OntarioArtsFoundation\\\/\",\"https:\\\/\\\/x.com\\\/OntarioArtsFdn\"]},{\"@type\":\"Person\",\"@id\":\"https:\\\/\\\/oafdn.ca\\\/#\\\/schema\\\/person\\\/9cf84eae88a4fa075dd8cb6ae344f0ac\",\"name\":\"tugrul\",\"image\":{\"@type\":\"ImageObject\",\"inLanguage\":\"fr-CA\",\"@id\":\"https:\\\/\\\/secure.gravatar.com\\\/avatar\\\/4a398edccd13e67fc11228206372deb53f9dcd8d7a7fccf69e80b739c725ec52?s=96&d=mm&r=g\",\"url\":\"https:\\\/\\\/secure.gravatar.com\\\/avatar\\\/4a398edccd13e67fc11228206372deb53f9dcd8d7a7fccf69e80b739c725ec52?s=96&d=mm&r=g\",\"contentUrl\":\"https:\\\/\\\/secure.gravatar.com\\\/avatar\\\/4a398edccd13e67fc11228206372deb53f9dcd8d7a7fccf69e80b739c725ec52?s=96&d=mm&r=g\",\"caption\":\"tugrul\"},\"sameAs\":[\"http:\"],\"url\":\"https:\\\/\\\/oafdn.ca\\\/fr\\\/author\\\/tugrul\\\/\"}]}<\/script>\n<!-- \/ Yoast SEO plugin. -->","yoast_head_json":{"title":"Recipients announced for the fourth annual Indigenous Voices Awards - Ontario Arts Foundation","robots":{"index":"index","follow":"follow","max-snippet":"max-snippet:-1","max-image-preview":"max-image-preview:large","max-video-preview":"max-video-preview:-1"},"canonical":"https:\/\/oafdn.ca\/fr\/recipients-announced-for-the-fourth-annual-indigenous-voices-awards\/","og_locale":"fr_CA","og_type":"article","og_title":"Recipients announced for the fourth annual Indigenous Voices Awards - Ontario Arts Foundation","og_description":"June 21, 2021: Recipients for the fourth annual&nbsp;Indigenous Voices Awards (IVAs)&nbsp;were announced today,&nbsp;Indigenous Peoples Day. During an online celebration, $39,000 CAD was awarded across nine categories in&nbsp;recognition of exceptional emerging Indigenous writers working in English, French, and Indigenous languages. \u201cAs Co-Chairs of the fourth annual celebrations of the Indigenous Voices Awards, we are thrilled to&nbsp;announce [&hellip;]","og_url":"https:\/\/oafdn.ca\/fr\/recipients-announced-for-the-fourth-annual-indigenous-voices-awards\/","og_site_name":"Ontario Arts Foundation","article_publisher":"https:\/\/www.facebook.com\/OntarioArtsFoundation\/","article_published_time":"2021-06-21T04:04:00+00:00","article_modified_time":"2022-03-28T04:05:52+00:00","author":"tugrul","twitter_card":"summary_large_image","twitter_creator":"@OntarioArtsFdn","twitter_site":"@OntarioArtsFdn","twitter_misc":{"\u00c9crit par":"tugrul","Estimation du temps de lecture":"9 minutes"},"schema":{"@context":"https:\/\/schema.org","@graph":[{"@type":"Article","@id":"https:\/\/oafdn.ca\/recipients-announced-for-the-fourth-annual-indigenous-voices-awards\/#article","isPartOf":{"@id":"https:\/\/oafdn.ca\/recipients-announced-for-the-fourth-annual-indigenous-voices-awards\/"},"author":{"name":"tugrul","@id":"https:\/\/oafdn.ca\/#\/schema\/person\/9cf84eae88a4fa075dd8cb6ae344f0ac"},"headline":"Recipients announced for the fourth annual Indigenous Voices Awards","datePublished":"2021-06-21T04:04:00+00:00","dateModified":"2022-03-28T04:05:52+00:00","mainEntityOfPage":{"@id":"https:\/\/oafdn.ca\/recipients-announced-for-the-fourth-annual-indigenous-voices-awards\/"},"wordCount":1726,"publisher":{"@id":"https:\/\/oafdn.ca\/#organization"},"articleSection":["News Release"],"inLanguage":"fr-CA"},{"@type":"WebPage","@id":"https:\/\/oafdn.ca\/recipients-announced-for-the-fourth-annual-indigenous-voices-awards\/","url":"https:\/\/oafdn.ca\/recipients-announced-for-the-fourth-annual-indigenous-voices-awards\/","name":"Recipients announced for the fourth annual Indigenous Voices Awards - Ontario Arts Foundation","isPartOf":{"@id":"https:\/\/oafdn.ca\/#website"},"datePublished":"2021-06-21T04:04:00+00:00","dateModified":"2022-03-28T04:05:52+00:00","breadcrumb":{"@id":"https:\/\/oafdn.ca\/recipients-announced-for-the-fourth-annual-indigenous-voices-awards\/#breadcrumb"},"inLanguage":"fr-CA","potentialAction":[{"@type":"ReadAction","target":["https:\/\/oafdn.ca\/recipients-announced-for-the-fourth-annual-indigenous-voices-awards\/"]}]},{"@type":"BreadcrumbList","@id":"https:\/\/oafdn.ca\/recipients-announced-for-the-fourth-annual-indigenous-voices-awards\/#breadcrumb","itemListElement":[{"@type":"ListItem","position":1,"name":"Home","item":"https:\/\/oafdn.ca\/"},{"@type":"ListItem","position":2,"name":"Recipients announced for the fourth annual Indigenous Voices Awards"}]},{"@type":"WebSite","@id":"https:\/\/oafdn.ca\/#website","url":"https:\/\/oafdn.ca\/","name":"Fondation des arts de l'Ontario","description":"The Ontario Arts Foundation is a non-governmental not for profit organization established in 1991 under the Ontario Corporations Act to encourage and facilitate private giving to the arts in Ontario, Canada.","publisher":{"@id":"https:\/\/oafdn.ca\/#organization"},"potentialAction":[{"@type":"SearchAction","target":{"@type":"EntryPoint","urlTemplate":"https:\/\/oafdn.ca\/?s={search_term_string}"},"query-input":{"@type":"PropertyValueSpecification","valueRequired":true,"valueName":"search_term_string"}}],"inLanguage":"fr-CA"},{"@type":"Organization","@id":"https:\/\/oafdn.ca\/#organization","name":"Fondation des arts de l'Ontario","url":"https:\/\/oafdn.ca\/","logo":{"@type":"ImageObject","inLanguage":"fr-CA","@id":"https:\/\/oafdn.ca\/#\/schema\/logo\/image\/","url":"https:\/\/oafdn.ca\/wp-content\/uploads\/2022\/02\/logo1-1.png","contentUrl":"https:\/\/oafdn.ca\/wp-content\/uploads\/2022\/02\/logo1-1.png","width":1761,"height":487,"caption":"Ontario Arts Foundation"},"image":{"@id":"https:\/\/oafdn.ca\/#\/schema\/logo\/image\/"},"sameAs":["https:\/\/www.facebook.com\/OntarioArtsFoundation\/","https:\/\/x.com\/OntarioArtsFdn"]},{"@type":"Person","@id":"https:\/\/oafdn.ca\/#\/schema\/person\/9cf84eae88a4fa075dd8cb6ae344f0ac","name":"tugrul","image":{"@type":"ImageObject","inLanguage":"fr-CA","@id":"https:\/\/secure.gravatar.com\/avatar\/4a398edccd13e67fc11228206372deb53f9dcd8d7a7fccf69e80b739c725ec52?s=96&d=mm&r=g","url":"https:\/\/secure.gravatar.com\/avatar\/4a398edccd13e67fc11228206372deb53f9dcd8d7a7fccf69e80b739c725ec52?s=96&d=mm&r=g","contentUrl":"https:\/\/secure.gravatar.com\/avatar\/4a398edccd13e67fc11228206372deb53f9dcd8d7a7fccf69e80b739c725ec52?s=96&d=mm&r=g","caption":"tugrul"},"sameAs":["http:"],"url":"https:\/\/oafdn.ca\/fr\/author\/tugrul\/"}]}},"_links":{"self":[{"href":"https:\/\/oafdn.ca\/fr\/wp-json\/wp\/v2\/posts\/46702","targetHints":{"allow":["GET"]}}],"collection":[{"href":"https:\/\/oafdn.ca\/fr\/wp-json\/wp\/v2\/posts"}],"about":[{"href":"https:\/\/oafdn.ca\/fr\/wp-json\/wp\/v2\/types\/post"}],"author":[{"embeddable":true,"href":"https:\/\/oafdn.ca\/fr\/wp-json\/wp\/v2\/users\/1"}],"replies":[{"embeddable":true,"href":"https:\/\/oafdn.ca\/fr\/wp-json\/wp\/v2\/comments?post=46702"}],"version-history":[{"count":5,"href":"https:\/\/oafdn.ca\/fr\/wp-json\/wp\/v2\/posts\/46702\/revisions"}],"predecessor-version":[{"id":46707,"href":"https:\/\/oafdn.ca\/fr\/wp-json\/wp\/v2\/posts\/46702\/revisions\/46707"}],"wp:attachment":[{"href":"https:\/\/oafdn.ca\/fr\/wp-json\/wp\/v2\/media?parent=46702"}],"wp:term":[{"taxonomy":"category","embeddable":true,"href":"https:\/\/oafdn.ca\/fr\/wp-json\/wp\/v2\/categories?post=46702"},{"taxonomy":"post_tag","embeddable":true,"href":"https:\/\/oafdn.ca\/fr\/wp-json\/wp\/v2\/tags?post=46702"}],"curies":[{"name":"wp","href":"https:\/\/api.w.org\/{rel}","templated":true}]}}