{"id":46591,"date":"2020-12-17T01:32:00","date_gmt":"2020-12-17T01:32:00","guid":{"rendered":"https:\/\/oafdn.ca\/?p=46591"},"modified":"2022-09-14T16:35:24","modified_gmt":"2022-09-14T16:35:24","slug":"eleanor-daley-awarded-the-louis-applebaum-composers-award","status":"publish","type":"post","link":"https:\/\/oafdn.ca\/fr\/eleanor-daley-awarded-the-louis-applebaum-composers-award\/","title":{"rendered":"Eleanor Daley remporte le Prix Louis Applebaum pour les compositeurs"},"content":{"rendered":"<div data-elementor-type=\"wp-post\" data-elementor-id=\"46591\" class=\"elementor elementor-46591\" wpc-filter-elementor-widget=\"1\">\n\t\t\t\t\t\t<section class=\"elementor-section elementor-top-section elementor-element elementor-element-11450772 elementor-section-boxed elementor-section-height-default elementor-section-height-default\" data-id=\"11450772\" data-element_type=\"section\" data-e-type=\"section\">\n\t\t\t\t\t\t<div class=\"elementor-container elementor-column-gap-default\">\n\t\t\t\t\t<div class=\"elementor-column elementor-col-100 elementor-top-column elementor-element elementor-element-566b895\" data-id=\"566b895\" data-element_type=\"column\" data-e-type=\"column\">\n\t\t\t<div class=\"elementor-widget-wrap elementor-element-populated\">\n\t\t\t\t\t\t<div class=\"elementor-element elementor-element-c9133a7 elementor-widget elementor-widget-text-editor\" data-id=\"c9133a7\" data-element_type=\"widget\" data-e-type=\"widget\" data-widget_type=\"text-editor.default\">\n\t\t\t\t<div class=\"elementor-widget-container\">\n\t\t\t\t\t\t\t\t\t<p class=\"translation-block\">Toronto - le 17 d\u00e9cembre 2020 \u2013 N\u00e9e \u00e0 Parry Sound <strong>Eleanor Daley<\/strong> est la laur\u00e9ate du <a href=\"https:\/\/oafdn.ca\/fr\/programs\/awards\/louis-applebaum-composers-award\/\" target=\"_self\">Prix Louis Applebaum pour les compositeurs<\/a>. Le prix de 15 000 $ de cette ann\u00e9e, r\u00e9compensant l'excellence d'une \u0153uvre d'un artiste pour la composition pour jeunes personnes.<\/p>\n<p><img fetchpriority=\"high\" decoding=\"async\" class=\"size-medium wp-image-46593 alignleft\" src=\"https:\/\/oafdn.ca\/wp-content\/uploads\/2022\/03\/Eleanor_Daley-225x300.jpg\" alt=\"Eleanor Daley \" width=\"225\" height=\"300\" srcset=\"https:\/\/oafdn.ca\/wp-content\/uploads\/2022\/03\/Eleanor_Daley-225x300.jpg 225w, https:\/\/oafdn.ca\/wp-content\/uploads\/2022\/03\/Eleanor_Daley-768x1024.jpg 768w, https:\/\/oafdn.ca\/wp-content\/uploads\/2022\/03\/Eleanor_Daley-1152x1536.jpg 1152w, https:\/\/oafdn.ca\/wp-content\/uploads\/2022\/03\/Eleanor_Daley-1535x2048.jpg 1535w, https:\/\/oafdn.ca\/wp-content\/uploads\/2022\/03\/Eleanor_Daley-9x12.jpg 9w, https:\/\/oafdn.ca\/wp-content\/uploads\/2022\/03\/Eleanor_Daley-scaled.jpg 1919w\" sizes=\"(max-width: 225px) 100vw, 225px\" \/><\/p>\n<p><span class=\"blue\"><strong>A propos de Eleanor Daley<\/strong><\/span>\u00a0<\/p>\n<p><span class=\"plain_grey\">Compositrice prolifique, Daley a un don remarquable pour la m\u00e9lodie. Ses \u0153uvres sont surtout remarquables pour leur entrelacement sensible de texte et de musique. Elle a publi\u00e9 plus de cent cinquante compositions chorales et a re\u00e7u de nombreuses commandes dans toute l'Am\u00e9rique du Nord. Ses \u0153uvres chorales non publi\u00e9es comprennent des dizaines d'hymnes, douze Missae Breves, quatre spectacles et des centaines de d\u00e9chants, d'introits et de psaume. Ses compositions ont \u00e9t\u00e9 largement interpr\u00e9t\u00e9es, enregistr\u00e9es et diffus\u00e9es en Am\u00e9rique du Nord, en Grande-Bretagne, en Europe, en Afrique du Sud et en Asie.<\/span><\/p>\n<p><span class=\"plain_grey\">Les \u0153uvres command\u00e9es pour les chorales canadiennes comprennent les Elmer Iseler Singers, l'Amadeus Choir, le Bach Children's Chorus, le Toronto Children's Chorus, les Amabile Youth Singers, le St. Marys Children's Choir et les Cantabile Singers de Kingston, ainsi que de nombreuses autres ch\u0153urs communautaires et d'\u00e9glises. Eleanor a \u00e9t\u00e9 mandat\u00e9e par l'American Choral Directors Association en 2008 pour \u00e9crire une \u0153uvre chorale pour les Conventions r\u00e9gionales - la premi\u00e8re compositrice canadienne \u00e0 avoir re\u00e7u cet honneur. Ses autres commandes am\u00e9ricaines incluent le Master Choral de Tampa Bay, Floride, l'Alliance World Festival of Women\u2019s Singing de Salt Lake City et Texas Choral Directors Association. Ses commandes europ\u00e9ennes comprennent le Festival Norbusang \u00e0 Bod\u00f8, Norway, le Touch the Future Festival en Allemagne et Oxford University Press \u00e0 Cambridge, Angleterre. Eleanor a \u00e9t\u00e9 invit\u00e9e \u00e0 \u00eatre la premi\u00e8re Compositrice en r\u00e9sidence au festival de chorales international, FESTIVAL 500, en juillet 2005, \u00e0 St. John\u2019s, Terre Neuve.<\/span><\/p>\n<p><span class=\"plain_grey\">Eleanor est la directrice musicale de longue date de la Fairlawn Avenue United Church \u00e0 Toronto et y dirige trois chorales. Elle a obtenu son baccalaur\u00e9at en musique en interpr\u00e9tation d\u2019orgue de l\u2019Universit\u00e9 Queen\u2019s \u00e0 Kingston, en Ontario, et d\u00e9tient des dipl\u00f4mes d\u2019orgue et de piano du Royal Conservatory of Music de Toronto et du Trinity College en Angleterre.<\/span><\/p>\n<p>\u00a0<\/p>\t\t\t\t\t\t\t\t<\/div>\n\t\t\t\t<\/div>\n\t\t\t\t<div class=\"elementor-element elementor-element-63ca2d8 elementor-widget elementor-widget-video\" data-id=\"63ca2d8\" data-element_type=\"widget\" data-e-type=\"widget\" data-settings=\"{&quot;youtube_url&quot;:&quot;https:\\\/\\\/youtu.be\\\/LpEPuVG9y8g&quot;,&quot;video_type&quot;:&quot;youtube&quot;,&quot;controls&quot;:&quot;yes&quot;}\" data-widget_type=\"video.default\">\n\t\t\t\t<div class=\"elementor-widget-container\">\n\t\t\t\t\t\t\t<div class=\"elementor-wrapper elementor-open-inline\">\n\t\t\t<div class=\"elementor-video\"><\/div>\t\t<\/div>\n\t\t\t\t\t\t<\/div>\n\t\t\t\t<\/div>\n\t\t\t\t<div class=\"elementor-element elementor-element-2f59aee1 elementor-widget elementor-widget-text-editor\" data-id=\"2f59aee1\" data-element_type=\"widget\" data-e-type=\"widget\" data-widget_type=\"text-editor.default\">\n\t\t\t\t<div class=\"elementor-widget-container\">\n\t\t\t\t\t\t\t\t\t\n<p><i><span lang=\"EN-US\"><span class=\"plain_grey\">\u00ab Lake Isle of Innisfree \u00bb par Eleanor Daley, dirig\u00e9e par Janet Galvan et interpr\u00e9t\u00e9 par la High School SSA Choir au 2013 Alabama All State Choral Festival.<\/span><\/span><\/i><\/p>\n\t\t\t\t\t\t\t\t<\/div>\n\t\t\t\t<\/div>\n\t\t\t\t<div class=\"elementor-element elementor-element-d5a3d3e elementor-widget elementor-widget-text-editor\" data-id=\"d5a3d3e\" data-element_type=\"widget\" data-e-type=\"widget\" data-widget_type=\"text-editor.default\">\n\t\t\t\t<div class=\"elementor-widget-container\">\n\t\t\t\t\t\t\t\t\t<p class=\"translation-block\"><strong>Commentaires du Jury<\/strong><br>\nLe jury a \u00e9t\u00e9 unanime dans son choix et a d\u00e9clar\u00e9 \u00ab Compositrice prolifique dans de nombreux domaines, le d\u00e9vouement d'Eleanor Daley \u00e0 son travail avec les jeunes personnes comprend l'interpr\u00e9tation de musique par, l'\u00e9ducation de, et le pur plaisir des jeunes. Ses nombreuses \u0153uvres publi\u00e9es ont une port\u00e9e nationale et internationale et sont jou\u00e9es dans le monde entier. Les compositions d'Eleanor t\u00e9moignent d'un profond respect pour la capacit\u00e9 des jeunes, reconnaissant leur intelligence et leur potentiel; les amenant \u00e0 explorer et \u00e0 grandir musicalement. \u00bb<\/p>\n<p class=\"translation-block\">Le jury de cette ann\u00e9e consistait de <strong>Dean Burry<\/strong>, compositeur, \u00e9ducateur, laur\u00e9at du prix Applebaum en 2011 (Elginburg); <strong>Elise Bradley<\/strong>, <strong>MNZM<\/strong>, Directrice artistique, Toronto Children's Chorus, conductrice, \u00e9ducatrice (Toronto); et <strong>Lynda Hill<\/strong>, Directrice artistique, Wee Festival, ancienne directrice artistique, Theatre Direct, programmatrice, pr\u00e9sentatrice (Toronto).<\/p>\n<p class=\"translation-block\"><strong>Le Fonds Louis Applebaum<\/strong><br>\nLe Fonds Louis Applebaum pour les compositeurs a \u00e9t\u00e9 \u00e9tabli \u00e0 la Fondation des arts de l'Ontario en 1998 par Louis Applebaum pour reconna\u00eetre l\u2019excellence en composition musicale quant \u00e0 tout genre que ce soit. Le prix est d\u00e9cern\u00e9 tous les deux ans dans les genres alternatifs suivants: cin\u00e9ma et t\u00e9l\u00e9vision; th\u00e9\u00e2tre, th\u00e9\u00e2tre musical, danse ou op\u00e9ra; le jazz; et composition pour les jeunes. La Fondation des arts de l'Ontario g\u00e8re le fonds de dotation qui finance le Prix. Le Conseil des arts de l\u2019Ontario g\u00e8re le processus de nomination et de s\u00e9lection pour le prix.<\/p>\n<p class=\"translation-block\">Les pr\u00e9c\u00e9dents laur\u00e9ats et laur\u00e9ates incluent <strong>Hilario Dur\u00e1n<\/strong> (2018), <strong>Alice Ping Yee Ho<\/strong> (2016), et <strong>Mychael Danna<\/strong> (2014). <a href=\"https:\/\/oafdn.ca\/fr\/art-organizations\/private-funds-and-awards\/private-funds-awards-and-programs\/\" data-wplink-url-error=\"true\" target=\"_self\">Consultez la page qui contient la liste des laur\u00e9ats pr\u00e9c\u00e9dents<\/a>.<\/p>\n<p>\u00a0<\/p>\n<div>-30-\u00a0<\/div>\n<p><span class=\"plain_grey\">\u00a0<\/span><\/p>\n<p>\u00a0<\/p>\n<p><span class=\"plain_grey\">Pour plus d\u2019information, veuillez contacter:<br \/>Alan Walker, Directeur g\u00e9n\u00e9ral<br \/>Fondation des arts de l'Ontario<br \/>Tel: (416) 969-7413\u00a0\u00a0<a title=\"\" href=\"mailto:awalker@oafdn.ca\">awalker@oafdn.ca<\/a><br \/><br \/><\/span><\/p>\n<p>\u00a0<\/p>\n<p class=\"translation-block\"><em>La Fondation des arts de l\u2019Ontario (FAO) est passionn\u00e9ment engag\u00e9e \u00e0 renforcer le soutien \u00e0 long terme pour les arts en Ontario. En 2019-2020, la FAO a vers\u00e9 plus de 4,25 millions de dollars en revenus de dotation et 270 000 dollars en prix et bourses.<\/em><\/p>\n<p>\u00a0<\/p>\n<p class=\"translation-block\"><em>Depuis plus de cinquante-cinq ans, le Conseil des arts de l'Ontario (CAO) joue un r\u00f4le essentiel dans la promotion et l'aide au d\u00e9veloppement des arts pour le profit de tous les Ontariens et Ontariennes. En 2019-2020, le CAO a financ\u00e9 1 965 artistes et 1 152 organisations dans 197 collectivit\u00e9s de l'Ontario, pour un total de 51,9 millions de dollars.<\/em><\/p>\n<p>\u00a0<\/p>\n<p><span class=\"plain_grey\">\u00a0<em>This document is also available in English.<\/em><\/span><\/p>\t\t\t\t\t\t\t\t<\/div>\n\t\t\t\t<\/div>\n\t\t\t\t\t<\/div>\n\t\t<\/div>\n\t\t\t\t\t<\/div>\n\t\t<\/section>\n\t\t\t\t<\/div>","protected":false},"excerpt":{"rendered":"<p>Toronto,\u00a0December 17, 2020 &#8211; Parry Sound born\u00a0Eleanor Daley\u00a0is this year\u2019s recipient of the\u00a0Louis Applebaum Composers Award. This year\u2019s $15,000 award recognizes excellence for a body of work the field of composition for young people. About Eleanor Daley\u00a0 A prolific composer, Daley has a remarkable gift for melody. Her works are most notable for their sensitive [&hellip;]<\/p>\n","protected":false},"author":1,"featured_media":0,"comment_status":"closed","ping_status":"closed","sticky":false,"template":"","format":"standard","meta":{"_acf_changed":false,"give_campaign_id":0,"nf_dc_page":"","site-sidebar-layout":"default","site-content-layout":"","ast-site-content-layout":"default","site-content-style":"default","site-sidebar-style":"default","ast-global-header-display":"","ast-banner-title-visibility":"","ast-main-header-display":"","ast-hfb-above-header-display":"","ast-hfb-below-header-display":"","ast-hfb-mobile-header-display":"","site-post-title":"","ast-breadcrumbs-content":"","ast-featured-img":"","footer-sml-layout":"","ast-disable-related-posts":"","theme-transparent-header-meta":"","adv-header-id-meta":"","stick-header-meta":"","header-above-stick-meta":"","header-main-stick-meta":"","header-below-stick-meta":"","astra-migrate-meta-layouts":"default","ast-page-background-enabled":"default","ast-page-background-meta":{"desktop":{"background-color":"","background-image":"","background-repeat":"repeat","background-position":"center center","background-size":"auto","background-attachment":"scroll","background-type":"","background-media":"","overlay-type":"","overlay-color":"","overlay-opacity":"","overlay-gradient":""},"tablet":{"background-color":"","background-image":"","background-repeat":"repeat","background-position":"center center","background-size":"auto","background-attachment":"scroll","background-type":"","background-media":"","overlay-type":"","overlay-color":"","overlay-opacity":"","overlay-gradient":""},"mobile":{"background-color":"","background-image":"","background-repeat":"repeat","background-position":"center center","background-size":"auto","background-attachment":"scroll","background-type":"","background-media":"","overlay-type":"","overlay-color":"","overlay-opacity":"","overlay-gradient":""}},"ast-content-background-meta":{"desktop":{"background-color":"var(--ast-global-color-5)","background-image":"","background-repeat":"repeat","background-position":"center center","background-size":"auto","background-attachment":"scroll","background-type":"","background-media":"","overlay-type":"","overlay-color":"","overlay-opacity":"","overlay-gradient":""},"tablet":{"background-color":"var(--ast-global-color-5)","background-image":"","background-repeat":"repeat","background-position":"center center","background-size":"auto","background-attachment":"scroll","background-type":"","background-media":"","overlay-type":"","overlay-color":"","overlay-opacity":"","overlay-gradient":""},"mobile":{"background-color":"var(--ast-global-color-5)","background-image":"","background-repeat":"repeat","background-position":"center center","background-size":"auto","background-attachment":"scroll","background-type":"","background-media":"","overlay-type":"","overlay-color":"","overlay-opacity":"","overlay-gradient":""}},"footnotes":""},"categories":[18],"tags":[],"class_list":["post-46591","post","type-post","status-publish","format-standard","hentry","category-news-release"],"acf":[],"yoast_head":"<!-- This site is optimized with the Yoast SEO plugin v27.4 - https:\/\/yoast.com\/product\/yoast-seo-wordpress\/ -->\n<title>Eleanor Daley Awarded the Louis Applebaum Composers Award - Ontario Arts Foundation<\/title>\n<meta name=\"robots\" content=\"index, follow, max-snippet:-1, max-image-preview:large, max-video-preview:-1\" \/>\n<link rel=\"canonical\" href=\"https:\/\/oafdn.ca\/fr\/eleanor-daley-awarded-the-louis-applebaum-composers-award\/\" \/>\n<meta property=\"og:locale\" content=\"fr_CA\" \/>\n<meta property=\"og:type\" content=\"article\" \/>\n<meta property=\"og:title\" content=\"Eleanor Daley Awarded the Louis Applebaum Composers Award - Ontario Arts Foundation\" \/>\n<meta property=\"og:description\" content=\"Toronto,\u00a0December 17, 2020 &#8211; Parry Sound born\u00a0Eleanor Daley\u00a0is this year\u2019s recipient of the\u00a0Louis Applebaum Composers Award. This year\u2019s $15,000 award recognizes excellence for a body of work the field of composition for young people. About Eleanor Daley\u00a0 A prolific composer, Daley has a remarkable gift for melody. Her works are most notable for their sensitive [&hellip;]\" \/>\n<meta property=\"og:url\" content=\"https:\/\/oafdn.ca\/fr\/eleanor-daley-awarded-the-louis-applebaum-composers-award\/\" \/>\n<meta property=\"og:site_name\" content=\"Ontario Arts Foundation\" \/>\n<meta property=\"article:publisher\" content=\"https:\/\/www.facebook.com\/OntarioArtsFoundation\/\" \/>\n<meta property=\"article:published_time\" content=\"2020-12-17T01:32:00+00:00\" \/>\n<meta property=\"article:modified_time\" content=\"2022-09-14T16:35:24+00:00\" \/>\n<meta property=\"og:image\" content=\"https:\/\/oafdn.ca\/wp-content\/uploads\/2022\/03\/Eleanor_Daley-scaled.jpg\" \/>\n\t<meta property=\"og:image:width\" content=\"1919\" \/>\n\t<meta property=\"og:image:height\" content=\"2560\" \/>\n\t<meta property=\"og:image:type\" content=\"image\/jpeg\" \/>\n<meta name=\"author\" content=\"tugrul\" \/>\n<meta name=\"twitter:card\" content=\"summary_large_image\" \/>\n<meta name=\"twitter:creator\" content=\"@OntarioArtsFdn\" \/>\n<meta name=\"twitter:site\" content=\"@OntarioArtsFdn\" \/>\n<meta name=\"twitter:label1\" content=\"\u00c9crit par\" \/>\n\t<meta name=\"twitter:data1\" content=\"tugrul\" \/>\n\t<meta name=\"twitter:label2\" content=\"Estimation du temps de lecture\" \/>\n\t<meta name=\"twitter:data2\" content=\"3 minutes\" \/>\n<script type=\"application\/ld+json\" class=\"yoast-schema-graph\">{\"@context\":\"https:\\\/\\\/schema.org\",\"@graph\":[{\"@type\":\"Article\",\"@id\":\"https:\\\/\\\/oafdn.ca\\\/eleanor-daley-awarded-the-louis-applebaum-composers-award\\\/#article\",\"isPartOf\":{\"@id\":\"https:\\\/\\\/oafdn.ca\\\/eleanor-daley-awarded-the-louis-applebaum-composers-award\\\/\"},\"author\":{\"name\":\"tugrul\",\"@id\":\"https:\\\/\\\/oafdn.ca\\\/#\\\/schema\\\/person\\\/9cf84eae88a4fa075dd8cb6ae344f0ac\"},\"headline\":\"Eleanor Daley Awarded the Louis Applebaum Composers Award\",\"datePublished\":\"2020-12-17T01:32:00+00:00\",\"dateModified\":\"2022-09-14T16:35:24+00:00\",\"mainEntityOfPage\":{\"@id\":\"https:\\\/\\\/oafdn.ca\\\/eleanor-daley-awarded-the-louis-applebaum-composers-award\\\/\"},\"wordCount\":693,\"publisher\":{\"@id\":\"https:\\\/\\\/oafdn.ca\\\/#organization\"},\"image\":{\"@id\":\"https:\\\/\\\/oafdn.ca\\\/eleanor-daley-awarded-the-louis-applebaum-composers-award\\\/#primaryimage\"},\"thumbnailUrl\":\"https:\\\/\\\/oafdn.ca\\\/wp-content\\\/uploads\\\/2022\\\/03\\\/Eleanor_Daley-225x300.jpg\",\"articleSection\":[\"News Release\"],\"inLanguage\":\"fr-CA\"},{\"@type\":\"WebPage\",\"@id\":\"https:\\\/\\\/oafdn.ca\\\/eleanor-daley-awarded-the-louis-applebaum-composers-award\\\/\",\"url\":\"https:\\\/\\\/oafdn.ca\\\/eleanor-daley-awarded-the-louis-applebaum-composers-award\\\/\",\"name\":\"Eleanor Daley Awarded the Louis Applebaum Composers Award - Ontario Arts Foundation\",\"isPartOf\":{\"@id\":\"https:\\\/\\\/oafdn.ca\\\/#website\"},\"primaryImageOfPage\":{\"@id\":\"https:\\\/\\\/oafdn.ca\\\/eleanor-daley-awarded-the-louis-applebaum-composers-award\\\/#primaryimage\"},\"image\":{\"@id\":\"https:\\\/\\\/oafdn.ca\\\/eleanor-daley-awarded-the-louis-applebaum-composers-award\\\/#primaryimage\"},\"thumbnailUrl\":\"https:\\\/\\\/oafdn.ca\\\/wp-content\\\/uploads\\\/2022\\\/03\\\/Eleanor_Daley-225x300.jpg\",\"datePublished\":\"2020-12-17T01:32:00+00:00\",\"dateModified\":\"2022-09-14T16:35:24+00:00\",\"breadcrumb\":{\"@id\":\"https:\\\/\\\/oafdn.ca\\\/eleanor-daley-awarded-the-louis-applebaum-composers-award\\\/#breadcrumb\"},\"inLanguage\":\"fr-CA\",\"potentialAction\":[{\"@type\":\"ReadAction\",\"target\":[\"https:\\\/\\\/oafdn.ca\\\/eleanor-daley-awarded-the-louis-applebaum-composers-award\\\/\"]}]},{\"@type\":\"ImageObject\",\"inLanguage\":\"fr-CA\",\"@id\":\"https:\\\/\\\/oafdn.ca\\\/eleanor-daley-awarded-the-louis-applebaum-composers-award\\\/#primaryimage\",\"url\":\"https:\\\/\\\/oafdn.ca\\\/wp-content\\\/uploads\\\/2022\\\/03\\\/Eleanor_Daley-225x300.jpg\",\"contentUrl\":\"https:\\\/\\\/oafdn.ca\\\/wp-content\\\/uploads\\\/2022\\\/03\\\/Eleanor_Daley-225x300.jpg\"},{\"@type\":\"BreadcrumbList\",\"@id\":\"https:\\\/\\\/oafdn.ca\\\/eleanor-daley-awarded-the-louis-applebaum-composers-award\\\/#breadcrumb\",\"itemListElement\":[{\"@type\":\"ListItem\",\"position\":1,\"name\":\"Home\",\"item\":\"https:\\\/\\\/oafdn.ca\\\/\"},{\"@type\":\"ListItem\",\"position\":2,\"name\":\"Eleanor Daley Awarded the Louis Applebaum Composers Award\"}]},{\"@type\":\"WebSite\",\"@id\":\"https:\\\/\\\/oafdn.ca\\\/#website\",\"url\":\"https:\\\/\\\/oafdn.ca\\\/\",\"name\":\"Ontario Arts Foundation\",\"description\":\"The Ontario Arts Foundation is a non-governmental not for profit organization established in 1991 under the Ontario Corporations Act to encourage and facilitate private giving to the arts in Ontario, Canada.\",\"publisher\":{\"@id\":\"https:\\\/\\\/oafdn.ca\\\/#organization\"},\"potentialAction\":[{\"@type\":\"SearchAction\",\"target\":{\"@type\":\"EntryPoint\",\"urlTemplate\":\"https:\\\/\\\/oafdn.ca\\\/?s={search_term_string}\"},\"query-input\":{\"@type\":\"PropertyValueSpecification\",\"valueRequired\":true,\"valueName\":\"search_term_string\"}}],\"inLanguage\":\"fr-CA\"},{\"@type\":\"Organization\",\"@id\":\"https:\\\/\\\/oafdn.ca\\\/#organization\",\"name\":\"Ontario Arts Foundation\",\"url\":\"https:\\\/\\\/oafdn.ca\\\/\",\"logo\":{\"@type\":\"ImageObject\",\"inLanguage\":\"fr-CA\",\"@id\":\"https:\\\/\\\/oafdn.ca\\\/#\\\/schema\\\/logo\\\/image\\\/\",\"url\":\"https:\\\/\\\/oafdn.ca\\\/wp-content\\\/uploads\\\/2022\\\/02\\\/logo1-1.png\",\"contentUrl\":\"https:\\\/\\\/oafdn.ca\\\/wp-content\\\/uploads\\\/2022\\\/02\\\/logo1-1.png\",\"width\":1761,\"height\":487,\"caption\":\"Ontario Arts Foundation\"},\"image\":{\"@id\":\"https:\\\/\\\/oafdn.ca\\\/#\\\/schema\\\/logo\\\/image\\\/\"},\"sameAs\":[\"https:\\\/\\\/www.facebook.com\\\/OntarioArtsFoundation\\\/\",\"https:\\\/\\\/x.com\\\/OntarioArtsFdn\"]},{\"@type\":\"Person\",\"@id\":\"https:\\\/\\\/oafdn.ca\\\/#\\\/schema\\\/person\\\/9cf84eae88a4fa075dd8cb6ae344f0ac\",\"name\":\"tugrul\",\"image\":{\"@type\":\"ImageObject\",\"inLanguage\":\"fr-CA\",\"@id\":\"https:\\\/\\\/secure.gravatar.com\\\/avatar\\\/4a398edccd13e67fc11228206372deb53f9dcd8d7a7fccf69e80b739c725ec52?s=96&d=mm&r=g\",\"url\":\"https:\\\/\\\/secure.gravatar.com\\\/avatar\\\/4a398edccd13e67fc11228206372deb53f9dcd8d7a7fccf69e80b739c725ec52?s=96&d=mm&r=g\",\"contentUrl\":\"https:\\\/\\\/secure.gravatar.com\\\/avatar\\\/4a398edccd13e67fc11228206372deb53f9dcd8d7a7fccf69e80b739c725ec52?s=96&d=mm&r=g\",\"caption\":\"tugrul\"},\"sameAs\":[\"http:\"],\"url\":\"https:\\\/\\\/oafdn.ca\\\/fr\\\/author\\\/tugrul\\\/\"}]}<\/script>\n<!-- \/ Yoast SEO plugin. -->","yoast_head_json":{"title":"Eleanor Daley Awarded the Louis Applebaum Composers Award - Ontario Arts Foundation","robots":{"index":"index","follow":"follow","max-snippet":"max-snippet:-1","max-image-preview":"max-image-preview:large","max-video-preview":"max-video-preview:-1"},"canonical":"https:\/\/oafdn.ca\/fr\/eleanor-daley-awarded-the-louis-applebaum-composers-award\/","og_locale":"fr_CA","og_type":"article","og_title":"Eleanor Daley Awarded the Louis Applebaum Composers Award - Ontario Arts Foundation","og_description":"Toronto,\u00a0December 17, 2020 &#8211; Parry Sound born\u00a0Eleanor Daley\u00a0is this year\u2019s recipient of the\u00a0Louis Applebaum Composers Award. This year\u2019s $15,000 award recognizes excellence for a body of work the field of composition for young people. About Eleanor Daley\u00a0 A prolific composer, Daley has a remarkable gift for melody. Her works are most notable for their sensitive [&hellip;]","og_url":"https:\/\/oafdn.ca\/fr\/eleanor-daley-awarded-the-louis-applebaum-composers-award\/","og_site_name":"Ontario Arts Foundation","article_publisher":"https:\/\/www.facebook.com\/OntarioArtsFoundation\/","article_published_time":"2020-12-17T01:32:00+00:00","article_modified_time":"2022-09-14T16:35:24+00:00","og_image":[{"width":1919,"height":2560,"url":"https:\/\/oafdn.ca\/wp-content\/uploads\/2022\/03\/Eleanor_Daley-scaled.jpg","type":"image\/jpeg"}],"author":"tugrul","twitter_card":"summary_large_image","twitter_creator":"@OntarioArtsFdn","twitter_site":"@OntarioArtsFdn","twitter_misc":{"\u00c9crit par":"tugrul","Estimation du temps de lecture":"3 minutes"},"schema":{"@context":"https:\/\/schema.org","@graph":[{"@type":"Article","@id":"https:\/\/oafdn.ca\/eleanor-daley-awarded-the-louis-applebaum-composers-award\/#article","isPartOf":{"@id":"https:\/\/oafdn.ca\/eleanor-daley-awarded-the-louis-applebaum-composers-award\/"},"author":{"name":"tugrul","@id":"https:\/\/oafdn.ca\/#\/schema\/person\/9cf84eae88a4fa075dd8cb6ae344f0ac"},"headline":"Eleanor Daley Awarded the Louis Applebaum Composers Award","datePublished":"2020-12-17T01:32:00+00:00","dateModified":"2022-09-14T16:35:24+00:00","mainEntityOfPage":{"@id":"https:\/\/oafdn.ca\/eleanor-daley-awarded-the-louis-applebaum-composers-award\/"},"wordCount":693,"publisher":{"@id":"https:\/\/oafdn.ca\/#organization"},"image":{"@id":"https:\/\/oafdn.ca\/eleanor-daley-awarded-the-louis-applebaum-composers-award\/#primaryimage"},"thumbnailUrl":"https:\/\/oafdn.ca\/wp-content\/uploads\/2022\/03\/Eleanor_Daley-225x300.jpg","articleSection":["News Release"],"inLanguage":"fr-CA"},{"@type":"WebPage","@id":"https:\/\/oafdn.ca\/eleanor-daley-awarded-the-louis-applebaum-composers-award\/","url":"https:\/\/oafdn.ca\/eleanor-daley-awarded-the-louis-applebaum-composers-award\/","name":"Eleanor Daley Awarded the Louis Applebaum Composers Award - Ontario Arts Foundation","isPartOf":{"@id":"https:\/\/oafdn.ca\/#website"},"primaryImageOfPage":{"@id":"https:\/\/oafdn.ca\/eleanor-daley-awarded-the-louis-applebaum-composers-award\/#primaryimage"},"image":{"@id":"https:\/\/oafdn.ca\/eleanor-daley-awarded-the-louis-applebaum-composers-award\/#primaryimage"},"thumbnailUrl":"https:\/\/oafdn.ca\/wp-content\/uploads\/2022\/03\/Eleanor_Daley-225x300.jpg","datePublished":"2020-12-17T01:32:00+00:00","dateModified":"2022-09-14T16:35:24+00:00","breadcrumb":{"@id":"https:\/\/oafdn.ca\/eleanor-daley-awarded-the-louis-applebaum-composers-award\/#breadcrumb"},"inLanguage":"fr-CA","potentialAction":[{"@type":"ReadAction","target":["https:\/\/oafdn.ca\/eleanor-daley-awarded-the-louis-applebaum-composers-award\/"]}]},{"@type":"ImageObject","inLanguage":"fr-CA","@id":"https:\/\/oafdn.ca\/eleanor-daley-awarded-the-louis-applebaum-composers-award\/#primaryimage","url":"https:\/\/oafdn.ca\/wp-content\/uploads\/2022\/03\/Eleanor_Daley-225x300.jpg","contentUrl":"https:\/\/oafdn.ca\/wp-content\/uploads\/2022\/03\/Eleanor_Daley-225x300.jpg"},{"@type":"BreadcrumbList","@id":"https:\/\/oafdn.ca\/eleanor-daley-awarded-the-louis-applebaum-composers-award\/#breadcrumb","itemListElement":[{"@type":"ListItem","position":1,"name":"Home","item":"https:\/\/oafdn.ca\/"},{"@type":"ListItem","position":2,"name":"Eleanor Daley Awarded the Louis Applebaum Composers Award"}]},{"@type":"WebSite","@id":"https:\/\/oafdn.ca\/#website","url":"https:\/\/oafdn.ca\/","name":"Fondation des arts de l'Ontario","description":"The Ontario Arts Foundation is a non-governmental not for profit organization established in 1991 under the Ontario Corporations Act to encourage and facilitate private giving to the arts in Ontario, Canada.","publisher":{"@id":"https:\/\/oafdn.ca\/#organization"},"potentialAction":[{"@type":"SearchAction","target":{"@type":"EntryPoint","urlTemplate":"https:\/\/oafdn.ca\/?s={search_term_string}"},"query-input":{"@type":"PropertyValueSpecification","valueRequired":true,"valueName":"search_term_string"}}],"inLanguage":"fr-CA"},{"@type":"Organization","@id":"https:\/\/oafdn.ca\/#organization","name":"Fondation des arts de l'Ontario","url":"https:\/\/oafdn.ca\/","logo":{"@type":"ImageObject","inLanguage":"fr-CA","@id":"https:\/\/oafdn.ca\/#\/schema\/logo\/image\/","url":"https:\/\/oafdn.ca\/wp-content\/uploads\/2022\/02\/logo1-1.png","contentUrl":"https:\/\/oafdn.ca\/wp-content\/uploads\/2022\/02\/logo1-1.png","width":1761,"height":487,"caption":"Ontario Arts Foundation"},"image":{"@id":"https:\/\/oafdn.ca\/#\/schema\/logo\/image\/"},"sameAs":["https:\/\/www.facebook.com\/OntarioArtsFoundation\/","https:\/\/x.com\/OntarioArtsFdn"]},{"@type":"Person","@id":"https:\/\/oafdn.ca\/#\/schema\/person\/9cf84eae88a4fa075dd8cb6ae344f0ac","name":"tugrul","image":{"@type":"ImageObject","inLanguage":"fr-CA","@id":"https:\/\/secure.gravatar.com\/avatar\/4a398edccd13e67fc11228206372deb53f9dcd8d7a7fccf69e80b739c725ec52?s=96&d=mm&r=g","url":"https:\/\/secure.gravatar.com\/avatar\/4a398edccd13e67fc11228206372deb53f9dcd8d7a7fccf69e80b739c725ec52?s=96&d=mm&r=g","contentUrl":"https:\/\/secure.gravatar.com\/avatar\/4a398edccd13e67fc11228206372deb53f9dcd8d7a7fccf69e80b739c725ec52?s=96&d=mm&r=g","caption":"tugrul"},"sameAs":["http:"],"url":"https:\/\/oafdn.ca\/fr\/author\/tugrul\/"}]}},"_links":{"self":[{"href":"https:\/\/oafdn.ca\/fr\/wp-json\/wp\/v2\/posts\/46591","targetHints":{"allow":["GET"]}}],"collection":[{"href":"https:\/\/oafdn.ca\/fr\/wp-json\/wp\/v2\/posts"}],"about":[{"href":"https:\/\/oafdn.ca\/fr\/wp-json\/wp\/v2\/types\/post"}],"author":[{"embeddable":true,"href":"https:\/\/oafdn.ca\/fr\/wp-json\/wp\/v2\/users\/1"}],"replies":[{"embeddable":true,"href":"https:\/\/oafdn.ca\/fr\/wp-json\/wp\/v2\/comments?post=46591"}],"version-history":[{"count":17,"href":"https:\/\/oafdn.ca\/fr\/wp-json\/wp\/v2\/posts\/46591\/revisions"}],"predecessor-version":[{"id":120425,"href":"https:\/\/oafdn.ca\/fr\/wp-json\/wp\/v2\/posts\/46591\/revisions\/120425"}],"wp:attachment":[{"href":"https:\/\/oafdn.ca\/fr\/wp-json\/wp\/v2\/media?parent=46591"}],"wp:term":[{"taxonomy":"category","embeddable":true,"href":"https:\/\/oafdn.ca\/fr\/wp-json\/wp\/v2\/categories?post=46591"},{"taxonomy":"post_tag","embeddable":true,"href":"https:\/\/oafdn.ca\/fr\/wp-json\/wp\/v2\/tags?post=46591"}],"curies":[{"name":"wp","href":"https:\/\/api.w.org\/{rel}","templated":true}]}}