{"id":46268,"date":"2019-02-12T05:23:00","date_gmt":"2019-02-12T05:23:00","guid":{"rendered":"https:\/\/oafdn.ca\/?p=46268"},"modified":"2022-06-29T02:20:39","modified_gmt":"2022-06-29T02:20:39","slug":"winners-of-the-2019-christina-and-louis-quilico-awards-vocal-competition","status":"publish","type":"post","link":"https:\/\/oafdn.ca\/fr\/winners-of-the-2019-christina-and-louis-quilico-awards-vocal-competition\/","title":{"rendered":"Annonce des laur\u00e9ates du prix Christina et Louis Quilico pour l'ann\u00e9e 2019"},"content":{"rendered":"<div data-elementor-type=\"wp-post\" data-elementor-id=\"46268\" class=\"elementor elementor-46268\" wpc-filter-elementor-widget=\"1\">\n\t\t\t\t\t\t<section class=\"elementor-section elementor-top-section elementor-element elementor-element-2c785c4 elementor-section-boxed elementor-section-height-default elementor-section-height-default\" data-id=\"2c785c4\" data-element_type=\"section\" data-e-type=\"section\">\n\t\t\t\t\t\t<div class=\"elementor-container elementor-column-gap-default\">\n\t\t\t\t\t<div class=\"elementor-column elementor-col-100 elementor-top-column elementor-element elementor-element-782bbb4d\" data-id=\"782bbb4d\" data-element_type=\"column\" data-e-type=\"column\">\n\t\t\t<div class=\"elementor-widget-wrap elementor-element-populated\">\n\t\t\t\t\t\t<div class=\"elementor-element elementor-element-d4a81ee elementor-widget elementor-widget-text-editor\" data-id=\"d4a81ee\" data-element_type=\"widget\" data-e-type=\"widget\" data-widget_type=\"text-editor.default\">\n\t\t\t\t<div class=\"elementor-widget-container\">\n\t\t\t\t\t\t\t\t\t<p class=\"translation-block\">Toronto, le 12 f\u00e9vrier 2019 \u2013 <strong>Anna-Sophie Neher<\/strong> du Canadian Opera Company Ensemble Studio est la laur\u00e9ate du prix principal, d'une valeur de 8 000 $, des Prix Christina et Louis Quilico.  <strong>Joel Allison<\/strong> a remport\u00e9 le deuxieme prix d'une valeur de 4 000 $, et <strong>Simona Genga<\/strong> a remport\u00e9 le  troisi\u00ebme prix d'une valeur de 3 000 $.<\/p>\n<figure id=\"attachment_46270\" aria-describedby=\"caption-attachment-46270\" style=\"width: 2560px\" class=\"wp-caption aligncenter\"><img fetchpriority=\"high\" decoding=\"async\" class=\"wp-image-46270 size-full\" src=\"https:\/\/oafdn.ca\/wp-content\/uploads\/2022\/03\/2019-02-11-Quilico-1920-scaled.jpg\" alt=\"(l-r) COC General Director Alexander Neef, Ontario Arts Foundation Board Member Judith Gelber, Second Prize Winner Joel Allison, Third Prize Winner Simona Genga, First Prize Winner Anna-Sophie Neher, Russell Braun, Christina Quilico and Tracy Dahl. Photo: Chris Hutcheson\" width=\"2560\" height=\"1707\" srcset=\"https:\/\/oafdn.ca\/wp-content\/uploads\/2022\/03\/2019-02-11-Quilico-1920-scaled.jpg 2560w, https:\/\/oafdn.ca\/wp-content\/uploads\/2022\/03\/2019-02-11-Quilico-1920-300x200.jpg 300w, https:\/\/oafdn.ca\/wp-content\/uploads\/2022\/03\/2019-02-11-Quilico-1920-1024x683.jpg 1024w, https:\/\/oafdn.ca\/wp-content\/uploads\/2022\/03\/2019-02-11-Quilico-1920-768x512.jpg 768w, https:\/\/oafdn.ca\/wp-content\/uploads\/2022\/03\/2019-02-11-Quilico-1920-1536x1024.jpg 1536w, https:\/\/oafdn.ca\/wp-content\/uploads\/2022\/03\/2019-02-11-Quilico-1920-2048x1365.jpg 2048w, https:\/\/oafdn.ca\/wp-content\/uploads\/2022\/03\/2019-02-11-Quilico-1920-18x12.jpg 18w\" sizes=\"(max-width: 2560px) 100vw, 2560px\" \/><figcaption id=\"caption-attachment-46270\" class=\"wp-caption-text\">d)Directeur g\u00e9n\u00e9ral Alexander Neef, membre du conseil d'administration du FAO Judith Gelber deuxieme prix - Joel Allison, troisi\u00e8me prix -  Simona Genga, laur\u00e9ate -  Anna-Sophie Neher, Russell Braun, Christina Petrowska Quilico, et Tracy Dahl.  Photo: Chris Hutcheson<\/figcaption><\/figure>\n<p>\u00a0<\/p>\n<p class=\"translation-block\">Les laur\u00e9ats ont \u00e9t\u00e9 annonc\u00e9s \u00e0 la suite du concours de chant qui s'est tenu \u00e0 Toronto le 11 f\u00e9vrier 2019 dans l\u2019Amphith\u00e9\u00e2tre Richard Bradshaw au Four Seasons Centre for the Performing Arts. Les Prix reconnaissent l'excellence d'une interpr\u00e9tation et les membres du COC Ensemble Studio ont concouru en chantant des airs d'op\u00e9ra devant les juges <strong>Alexander Neef<\/strong>, Directeur general de la COC, <strong>Tracy Dahl<\/strong>, Chanteuse lyrique coloratura canadienne, et <strong>Russell Braun<\/strong>, Chanteur lyrique baritone canadien.<\/p>\n<p>\u00a0<\/p>\n<p><img decoding=\"async\" class=\"size-medium wp-image-46272 alignright\" src=\"https:\/\/oafdn.ca\/wp-content\/uploads\/2022\/03\/2019-02-11-Quilico-9935-200x300.jpg\" alt=\"A girl in a black dress singing\" width=\"200\" height=\"300\" srcset=\"https:\/\/oafdn.ca\/wp-content\/uploads\/2022\/03\/2019-02-11-Quilico-9935-200x300.jpg 200w, https:\/\/oafdn.ca\/wp-content\/uploads\/2022\/03\/2019-02-11-Quilico-9935-683x1024.jpg 683w, https:\/\/oafdn.ca\/wp-content\/uploads\/2022\/03\/2019-02-11-Quilico-9935-768x1152.jpg 768w, https:\/\/oafdn.ca\/wp-content\/uploads\/2022\/03\/2019-02-11-Quilico-9935-1024x1536.jpg 1024w, https:\/\/oafdn.ca\/wp-content\/uploads\/2022\/03\/2019-02-11-Quilico-9935-1365x2048.jpg 1365w, https:\/\/oafdn.ca\/wp-content\/uploads\/2022\/03\/2019-02-11-Quilico-9935-8x12.jpg 8w, https:\/\/oafdn.ca\/wp-content\/uploads\/2022\/03\/2019-02-11-Quilico-9935-scaled.jpg 1707w\" sizes=\"(max-width: 200px) 100vw, 200px\" \/><\/p>\n<p>\u00a0<\/p>\n<p class=\"translation-block\"><strong>A propos de Anna-Sophie Neher<\/strong><br>\nAnna-Sophie Neher, originaire de Gatineau, au Qu\u00e9bec, a r\u00e9cemment termin\u00e9 sa ma\u00eetrise en musique \u00e0 l'Universit\u00e9 McGill, o\u00f9 elle a remport\u00e9 le prestigieux Wirth Vocal Prize. Elle a \u00e9galement \u00e9tudi\u00e9 au Bard College et au Conservatoire de Montr\u00e9al. Laur\u00e9ate du premier prix au Concours OSM Manuvie 2017, elle compte parmi ses cr\u00e9dits d'op\u00e9ra: Blanche dans \u00ab Dialogues des Carm\u00e9lites \u00bb (Op\u00e9ra McGill); Adele dans \u00ab Die Fledermaus \u00bb (Op\u00e9ra McGill); Pamina dans \u00ab La Fl\u00fbte enchant\u00e9e \u00bb (Bard College); Belinda dans \u00ab Dido et Aeneas \u00bb (Conservatoire de musique de Montr\u00e9al); et Barbarina dans \u00ab Les Noces de Figaro \u00bb (Festival de musique d'Orford). Trois fois gagnante de la bourse Jacqueline Demarais, elle a \u00e9galement chant\u00e9 en tant que soliste avec Clavecin en Concert, au Festival Bach de Montr\u00e9al, avec l'Orchestre Symphonique de Gatineau, au Festival Schubert de Montr\u00e9al et au Festival Lanaudi\u00e8re. Au COC cette saison, elle interpr\u00e8te les r\u00f4les de Lavia dans \u00ab Hadrian \u00bb et de Chlo\u00e9 dans \u00ab WOW Factor: Une histoire de Cendrillon \u00bb (Op\u00e9ra pour jeunes publics).<\/p>\n<p>\u00a0<\/p>\n<p class=\"translation-block\"><strong>A propos du COC Ensemble Studio<\/strong><br>\nLe COC Ensemble Studio est Ie principal programme de formation pour les jeunes professionnels de l'op\u00e9ra au Canada. Depuis la cr\u00e9ation du programme en 1980, plus de 220 jeunes chanteurs professionnels canadiens, r\u00e9p\u00e9titeurs, metteurs en sc\u00e8ne et chefs d'orchestre ont acquis leur premi\u00e8re exp\u00e9rience professionnelle en op\u00e9ra au sein de l'Ensemble Studio. Les anciens membres comptent Ben Heppner, Isabel Bayrakdarian, John Fanning, Wendy Nielsen, Joseph Kaiser, David Pomeroy, Allyson McHardy et Krisztina Szab\u00f3.<\/p>\n<p><span class=\"plain_grey\">Les membres de l\u2019Ensemble Studio sont les artistes r\u00e9sidents du COC et les ambassadeurs importants de la compagnie. Ils re\u00e7oivent un m\u00e9lange d'\u00e9tudes avanc\u00e9es et d'exp\u00e9riences pratiques au travers d'un programme pluriannuel personnalis\u00e9, comprenant des r\u00f4les de doublure et des r\u00f4les de soliste, un coaching vocal intensif, des \u00e9tudes de jeux et de langues, et un d\u00e9veloppement des comp\u00e9tences professionnelles, ainsi que la participation \u00e0 des classes de maitre avec des professionnels de l'op\u00e9ra de renomm\u00e9e internationale.<\/span><\/p>\n<p>\u00a0<\/p>\n<p class=\"translation-block\"><strong>A propos des Prix Christina and Louis Quilico<\/strong><br>\nChristina Petrowska-Quilico a cr\u00e9\u00e9 le Fonds Christina et Louis Quilico en 2000 en hommage \u00e0 son d\u00e9funt mari, le baryton r\u00e9put\u00e9 Louis Quilico, et pour reconna\u00eetre de jeunes chanteurs et chanteuses, pianistes et compositeurs et compositrices de chant. Durant ses 45 ann\u00e9es pass\u00e9es sur la sc\u00e8ne, Louis Quilico a figur\u00e9 aux m\u00eames g\u00e9n\u00e9riques que Luciano Pavarotti, Placido Domingo, Jos\u00e9 Carreras, Joan Sutherland et Renata Tebaldi. Il a aussi contribu\u00e9 \u00e0 faire avancer la carri\u00e8re de nombreux jeunes chanteurs et chanteuses, gr\u00e2ce \u00e0 son enseignement et aux ateliers ma\u00eetres qu\u2019il donnait. La Fondation des arts de l\u2019Ontario g\u00e8re le fonds de dotations qui finance les Prix Christina et Louis Quilico.<\/p>\n<p class=\"translation-block\"><b><\/p>\n<p><span class=\"plain_grey\"><b><\/span><\/p>\n<p><span class=\"plain_grey\"><b><\/span><\/p>\n<p align=\"center\"><span class=\"plain_grey\">-30-<\/span><\/p>\n<p><span class=\"plain_grey\"><strong><em>Pour plus d'information, veuillez contacter :<\/em><\/strong>\u00a0<\/span><\/p>\n<table border=\"0\" cellspacing=\"0\" cellpadding=\"0\">\n<tbody>\n<tr>\n<td valign=\"top\" width=\"319\">\n<p><span class=\"plain_grey\">Alan Walker<br \/><\/span>Directeur g\u00e9n\u00e9ral, Fondation des arts de l'Ontario<br \/>Tel: (416) 969-7413<br \/><a title=\"\" href=\"mailto:awalker@oafdn.ca\">awalker@oafdn.ca<\/a><\/p>\n<\/td>\n<td valign=\"top\" width=\"319\">\n<p><span class=\"plain_grey\">Kristin McKinnon<br \/><\/span>Publiciste et Coordinatrice de Publications, Canadian Opera Company<br \/>Tel: (416) 306-2383<br \/><a title=\"\" href=\"mailto:kmckinnon@coc.ca\">kmckinnon@coc.ca<\/a><\/p>\n<\/td>\n<\/tr>\n<\/tbody>\n<\/table>\n<p>\u00a0<\/p>\n<p class=\"translation-block\">La Fondation des arts de l\u2019Ontario (FAO) est passionn\u00e9ment engag\u00e9e \u00e0 renforcer le soutien \u00e0 long terme pour les arts en Ontario. En 2017-2018, la FAO a vers\u00e9 plus de 3,35 millions de dollars en revenus de dotation et 260 000 dollars en prix et bourses.<\/p>\n<p class=\"translation-block\">Bas\u00e9e \u00e0 Toronto, la <a title=\"\" href=\"http:\/\/www.coc.ca\/\" target=\"_self\">Canadian Opera Company<\/a> est le plus important producteur d'op\u00e9ras au Canada et l'un des plus importants d'Am\u00e9rique du Nord. Le COC b\u00e9n\u00e9ficie d'une base de soutien fid\u00e8le et d'un des taux de participation et d'abonnement les plus \u00e9lev\u00e9s en Am\u00e9rique du Nord. Sous la direction du directeur g\u00e9n\u00e9ral Alexander Neef et du directeur musical Johannes Debus, le COC attire de plus en plus l'attention du monde de l'op\u00e9ra. Le COC maintient sa r\u00e9putation internationale d'excellence artistique et d'innovation cr\u00e9ative en cr\u00e9ant de nouvelles productions au sein de son r\u00e9pertoire diversifi\u00e9, en collaborant avec des compagnies d'op\u00e9ra et des festivals, et en attirant les plus grands artistes canadiens et internationaux. Le COC se produit dans son propre op\u00e9ra, le Four Seasons Centre for the Performing Arts, salu\u00e9 \u00e0 l'\u00e9chelle internationale comme l'un des meilleurs au monde. Pour plus d'information sur le COC, visitez coc.ca.<\/p>\n<p align=\"center\"><span class=\"plain_grey\"><em>This document is also available in English.\u00a0<\/em><\/span><\/p>\n<p>\u00a0<\/p>\t\t\t\t\t\t\t\t<\/div>\n\t\t\t\t<\/div>\n\t\t\t\t<div class=\"elementor-element elementor-element-1feaad89 elementor-widget elementor-widget-text-editor\" data-id=\"1feaad89\" data-element_type=\"widget\" data-e-type=\"widget\" data-widget_type=\"text-editor.default\">\n\t\t\t\t<div class=\"elementor-widget-container\">\n\t\t\t\t\t\t\t\t\t\n<p><a><\/a><\/p>\n\t\t\t\t\t\t\t\t<\/div>\n\t\t\t\t<\/div>\n\t\t\t\t\t<\/div>\n\t\t<\/div>\n\t\t\t\t\t<\/div>\n\t\t<\/section>\n\t\t\t\t<\/div>","protected":false},"excerpt":{"rendered":"<p>Toronto,\u00a0February 12 2019 \u2013 On Monday, February 11th, the rising stars of the Canadian Opera Company Ensemble Studio, Canada\u2019s premier training program for young opera professionals, competed in the fifth biennial Christina and Louis Quilico Awards, with\u00a0Anna-Sophie Neher\u00a0claiming\u00a0the first prize of $8,000.\u00a0\u00a0Joel Allison\u00a0won\u00a0the second prize\u00a0of $4,000,\u00a0 and\u00a0Simona Genga\u00a0won the third prize of $3,000.\u00a0 The event [&hellip;]<\/p>\n","protected":false},"author":1,"featured_media":0,"comment_status":"closed","ping_status":"closed","sticky":false,"template":"","format":"standard","meta":{"_acf_changed":false,"give_campaign_id":0,"nf_dc_page":"","site-sidebar-layout":"default","site-content-layout":"","ast-site-content-layout":"default","site-content-style":"default","site-sidebar-style":"default","ast-global-header-display":"","ast-banner-title-visibility":"","ast-main-header-display":"","ast-hfb-above-header-display":"","ast-hfb-below-header-display":"","ast-hfb-mobile-header-display":"","site-post-title":"","ast-breadcrumbs-content":"","ast-featured-img":"","footer-sml-layout":"","ast-disable-related-posts":"","theme-transparent-header-meta":"","adv-header-id-meta":"","stick-header-meta":"","header-above-stick-meta":"","header-main-stick-meta":"","header-below-stick-meta":"","astra-migrate-meta-layouts":"default","ast-page-background-enabled":"default","ast-page-background-meta":{"desktop":{"background-color":"","background-image":"","background-repeat":"repeat","background-position":"center center","background-size":"auto","background-attachment":"scroll","background-type":"","background-media":"","overlay-type":"","overlay-color":"","overlay-opacity":"","overlay-gradient":""},"tablet":{"background-color":"","background-image":"","background-repeat":"repeat","background-position":"center center","background-size":"auto","background-attachment":"scroll","background-type":"","background-media":"","overlay-type":"","overlay-color":"","overlay-opacity":"","overlay-gradient":""},"mobile":{"background-color":"","background-image":"","background-repeat":"repeat","background-position":"center center","background-size":"auto","background-attachment":"scroll","background-type":"","background-media":"","overlay-type":"","overlay-color":"","overlay-opacity":"","overlay-gradient":""}},"ast-content-background-meta":{"desktop":{"background-color":"var(--ast-global-color-5)","background-image":"","background-repeat":"repeat","background-position":"center center","background-size":"auto","background-attachment":"scroll","background-type":"","background-media":"","overlay-type":"","overlay-color":"","overlay-opacity":"","overlay-gradient":""},"tablet":{"background-color":"var(--ast-global-color-5)","background-image":"","background-repeat":"repeat","background-position":"center center","background-size":"auto","background-attachment":"scroll","background-type":"","background-media":"","overlay-type":"","overlay-color":"","overlay-opacity":"","overlay-gradient":""},"mobile":{"background-color":"var(--ast-global-color-5)","background-image":"","background-repeat":"repeat","background-position":"center center","background-size":"auto","background-attachment":"scroll","background-type":"","background-media":"","overlay-type":"","overlay-color":"","overlay-opacity":"","overlay-gradient":""}},"footnotes":""},"categories":[18],"tags":[],"class_list":["post-46268","post","type-post","status-publish","format-standard","hentry","category-news-release"],"acf":[],"yoast_head":"<!-- This site is optimized with the Yoast SEO plugin v27.4 - https:\/\/yoast.com\/product\/yoast-seo-wordpress\/ -->\n<title>Winners of the 2019 Christina and Louis Quilico Awards vocal competition - Ontario Arts Foundation<\/title>\n<meta name=\"robots\" content=\"index, follow, max-snippet:-1, max-image-preview:large, max-video-preview:-1\" \/>\n<link rel=\"canonical\" href=\"https:\/\/oafdn.ca\/fr\/winners-of-the-2019-christina-and-louis-quilico-awards-vocal-competition\/\" \/>\n<meta property=\"og:locale\" content=\"fr_CA\" \/>\n<meta property=\"og:type\" content=\"article\" \/>\n<meta property=\"og:title\" content=\"Winners of the 2019 Christina and Louis Quilico Awards vocal competition - Ontario Arts Foundation\" \/>\n<meta property=\"og:description\" content=\"Toronto,\u00a0February 12 2019 \u2013 On Monday, February 11th, the rising stars of the Canadian Opera Company Ensemble Studio, Canada\u2019s premier training program for young opera professionals, competed in the fifth biennial Christina and Louis Quilico Awards, with\u00a0Anna-Sophie Neher\u00a0claiming\u00a0the first prize of $8,000.\u00a0\u00a0Joel Allison\u00a0won\u00a0the second prize\u00a0of $4,000,\u00a0 and\u00a0Simona Genga\u00a0won the third prize of $3,000.\u00a0 The event [&hellip;]\" \/>\n<meta property=\"og:url\" content=\"https:\/\/oafdn.ca\/fr\/winners-of-the-2019-christina-and-louis-quilico-awards-vocal-competition\/\" \/>\n<meta property=\"og:site_name\" content=\"Ontario Arts Foundation\" \/>\n<meta property=\"article:publisher\" content=\"https:\/\/www.facebook.com\/OntarioArtsFoundation\/\" \/>\n<meta property=\"article:published_time\" content=\"2019-02-12T05:23:00+00:00\" \/>\n<meta property=\"article:modified_time\" content=\"2022-06-29T02:20:39+00:00\" \/>\n<meta property=\"og:image\" content=\"https:\/\/oafdn.ca\/wp-content\/uploads\/2022\/03\/2019-02-11-Quilico-1920-scaled.jpg\" \/>\n\t<meta property=\"og:image:width\" content=\"2560\" \/>\n\t<meta property=\"og:image:height\" content=\"1707\" \/>\n\t<meta property=\"og:image:type\" content=\"image\/jpeg\" \/>\n<meta name=\"author\" content=\"tugrul\" \/>\n<meta name=\"twitter:card\" content=\"summary_large_image\" \/>\n<meta name=\"twitter:creator\" content=\"@OntarioArtsFdn\" \/>\n<meta name=\"twitter:site\" content=\"@OntarioArtsFdn\" \/>\n<meta name=\"twitter:label1\" content=\"\u00c9crit par\" \/>\n\t<meta name=\"twitter:data1\" content=\"tugrul\" \/>\n\t<meta name=\"twitter:label2\" content=\"Estimation du temps de lecture\" \/>\n\t<meta name=\"twitter:data2\" content=\"4 minutes\" \/>\n<script type=\"application\/ld+json\" class=\"yoast-schema-graph\">{\"@context\":\"https:\\\/\\\/schema.org\",\"@graph\":[{\"@type\":\"Article\",\"@id\":\"https:\\\/\\\/oafdn.ca\\\/winners-of-the-2019-christina-and-louis-quilico-awards-vocal-competition\\\/#article\",\"isPartOf\":{\"@id\":\"https:\\\/\\\/oafdn.ca\\\/winners-of-the-2019-christina-and-louis-quilico-awards-vocal-competition\\\/\"},\"author\":{\"name\":\"tugrul\",\"@id\":\"https:\\\/\\\/oafdn.ca\\\/#\\\/schema\\\/person\\\/9cf84eae88a4fa075dd8cb6ae344f0ac\"},\"headline\":\"Winners of the 2019 Christina and Louis Quilico Awards vocal competition\",\"datePublished\":\"2019-02-12T05:23:00+00:00\",\"dateModified\":\"2022-06-29T02:20:39+00:00\",\"mainEntityOfPage\":{\"@id\":\"https:\\\/\\\/oafdn.ca\\\/winners-of-the-2019-christina-and-louis-quilico-awards-vocal-competition\\\/\"},\"wordCount\":888,\"publisher\":{\"@id\":\"https:\\\/\\\/oafdn.ca\\\/#organization\"},\"image\":{\"@id\":\"https:\\\/\\\/oafdn.ca\\\/winners-of-the-2019-christina-and-louis-quilico-awards-vocal-competition\\\/#primaryimage\"},\"thumbnailUrl\":\"https:\\\/\\\/oafdn.ca\\\/wp-content\\\/uploads\\\/2022\\\/03\\\/2019-02-11-Quilico-1920-scaled.jpg\",\"articleSection\":[\"News Release\"],\"inLanguage\":\"fr-CA\"},{\"@type\":\"WebPage\",\"@id\":\"https:\\\/\\\/oafdn.ca\\\/winners-of-the-2019-christina-and-louis-quilico-awards-vocal-competition\\\/\",\"url\":\"https:\\\/\\\/oafdn.ca\\\/winners-of-the-2019-christina-and-louis-quilico-awards-vocal-competition\\\/\",\"name\":\"Winners of the 2019 Christina and Louis Quilico Awards vocal competition - Ontario Arts Foundation\",\"isPartOf\":{\"@id\":\"https:\\\/\\\/oafdn.ca\\\/#website\"},\"primaryImageOfPage\":{\"@id\":\"https:\\\/\\\/oafdn.ca\\\/winners-of-the-2019-christina-and-louis-quilico-awards-vocal-competition\\\/#primaryimage\"},\"image\":{\"@id\":\"https:\\\/\\\/oafdn.ca\\\/winners-of-the-2019-christina-and-louis-quilico-awards-vocal-competition\\\/#primaryimage\"},\"thumbnailUrl\":\"https:\\\/\\\/oafdn.ca\\\/wp-content\\\/uploads\\\/2022\\\/03\\\/2019-02-11-Quilico-1920-scaled.jpg\",\"datePublished\":\"2019-02-12T05:23:00+00:00\",\"dateModified\":\"2022-06-29T02:20:39+00:00\",\"breadcrumb\":{\"@id\":\"https:\\\/\\\/oafdn.ca\\\/winners-of-the-2019-christina-and-louis-quilico-awards-vocal-competition\\\/#breadcrumb\"},\"inLanguage\":\"fr-CA\",\"potentialAction\":[{\"@type\":\"ReadAction\",\"target\":[\"https:\\\/\\\/oafdn.ca\\\/winners-of-the-2019-christina-and-louis-quilico-awards-vocal-competition\\\/\"]}]},{\"@type\":\"ImageObject\",\"inLanguage\":\"fr-CA\",\"@id\":\"https:\\\/\\\/oafdn.ca\\\/winners-of-the-2019-christina-and-louis-quilico-awards-vocal-competition\\\/#primaryimage\",\"url\":\"https:\\\/\\\/oafdn.ca\\\/wp-content\\\/uploads\\\/2022\\\/03\\\/2019-02-11-Quilico-1920-scaled.jpg\",\"contentUrl\":\"https:\\\/\\\/oafdn.ca\\\/wp-content\\\/uploads\\\/2022\\\/03\\\/2019-02-11-Quilico-1920-scaled.jpg\"},{\"@type\":\"BreadcrumbList\",\"@id\":\"https:\\\/\\\/oafdn.ca\\\/winners-of-the-2019-christina-and-louis-quilico-awards-vocal-competition\\\/#breadcrumb\",\"itemListElement\":[{\"@type\":\"ListItem\",\"position\":1,\"name\":\"Home\",\"item\":\"https:\\\/\\\/oafdn.ca\\\/\"},{\"@type\":\"ListItem\",\"position\":2,\"name\":\"Winners of the 2019 Christina and Louis Quilico Awards vocal competition\"}]},{\"@type\":\"WebSite\",\"@id\":\"https:\\\/\\\/oafdn.ca\\\/#website\",\"url\":\"https:\\\/\\\/oafdn.ca\\\/\",\"name\":\"Ontario Arts Foundation\",\"description\":\"The Ontario Arts Foundation is a non-governmental not for profit organization established in 1991 under the Ontario Corporations Act to encourage and facilitate private giving to the arts in Ontario, Canada.\",\"publisher\":{\"@id\":\"https:\\\/\\\/oafdn.ca\\\/#organization\"},\"potentialAction\":[{\"@type\":\"SearchAction\",\"target\":{\"@type\":\"EntryPoint\",\"urlTemplate\":\"https:\\\/\\\/oafdn.ca\\\/?s={search_term_string}\"},\"query-input\":{\"@type\":\"PropertyValueSpecification\",\"valueRequired\":true,\"valueName\":\"search_term_string\"}}],\"inLanguage\":\"fr-CA\"},{\"@type\":\"Organization\",\"@id\":\"https:\\\/\\\/oafdn.ca\\\/#organization\",\"name\":\"Ontario Arts Foundation\",\"url\":\"https:\\\/\\\/oafdn.ca\\\/\",\"logo\":{\"@type\":\"ImageObject\",\"inLanguage\":\"fr-CA\",\"@id\":\"https:\\\/\\\/oafdn.ca\\\/#\\\/schema\\\/logo\\\/image\\\/\",\"url\":\"https:\\\/\\\/oafdn.ca\\\/wp-content\\\/uploads\\\/2022\\\/02\\\/logo1-1.png\",\"contentUrl\":\"https:\\\/\\\/oafdn.ca\\\/wp-content\\\/uploads\\\/2022\\\/02\\\/logo1-1.png\",\"width\":1761,\"height\":487,\"caption\":\"Ontario Arts Foundation\"},\"image\":{\"@id\":\"https:\\\/\\\/oafdn.ca\\\/#\\\/schema\\\/logo\\\/image\\\/\"},\"sameAs\":[\"https:\\\/\\\/www.facebook.com\\\/OntarioArtsFoundation\\\/\",\"https:\\\/\\\/x.com\\\/OntarioArtsFdn\"]},{\"@type\":\"Person\",\"@id\":\"https:\\\/\\\/oafdn.ca\\\/#\\\/schema\\\/person\\\/9cf84eae88a4fa075dd8cb6ae344f0ac\",\"name\":\"tugrul\",\"image\":{\"@type\":\"ImageObject\",\"inLanguage\":\"fr-CA\",\"@id\":\"https:\\\/\\\/secure.gravatar.com\\\/avatar\\\/4a398edccd13e67fc11228206372deb53f9dcd8d7a7fccf69e80b739c725ec52?s=96&d=mm&r=g\",\"url\":\"https:\\\/\\\/secure.gravatar.com\\\/avatar\\\/4a398edccd13e67fc11228206372deb53f9dcd8d7a7fccf69e80b739c725ec52?s=96&d=mm&r=g\",\"contentUrl\":\"https:\\\/\\\/secure.gravatar.com\\\/avatar\\\/4a398edccd13e67fc11228206372deb53f9dcd8d7a7fccf69e80b739c725ec52?s=96&d=mm&r=g\",\"caption\":\"tugrul\"},\"sameAs\":[\"http:\"],\"url\":\"https:\\\/\\\/oafdn.ca\\\/fr\\\/author\\\/tugrul\\\/\"}]}<\/script>\n<!-- \/ Yoast SEO plugin. -->","yoast_head_json":{"title":"Winners of the 2019 Christina and Louis Quilico Awards vocal competition - Ontario Arts Foundation","robots":{"index":"index","follow":"follow","max-snippet":"max-snippet:-1","max-image-preview":"max-image-preview:large","max-video-preview":"max-video-preview:-1"},"canonical":"https:\/\/oafdn.ca\/fr\/winners-of-the-2019-christina-and-louis-quilico-awards-vocal-competition\/","og_locale":"fr_CA","og_type":"article","og_title":"Winners of the 2019 Christina and Louis Quilico Awards vocal competition - Ontario Arts Foundation","og_description":"Toronto,\u00a0February 12 2019 \u2013 On Monday, February 11th, the rising stars of the Canadian Opera Company Ensemble Studio, Canada\u2019s premier training program for young opera professionals, competed in the fifth biennial Christina and Louis Quilico Awards, with\u00a0Anna-Sophie Neher\u00a0claiming\u00a0the first prize of $8,000.\u00a0\u00a0Joel Allison\u00a0won\u00a0the second prize\u00a0of $4,000,\u00a0 and\u00a0Simona Genga\u00a0won the third prize of $3,000.\u00a0 The event [&hellip;]","og_url":"https:\/\/oafdn.ca\/fr\/winners-of-the-2019-christina-and-louis-quilico-awards-vocal-competition\/","og_site_name":"Ontario Arts Foundation","article_publisher":"https:\/\/www.facebook.com\/OntarioArtsFoundation\/","article_published_time":"2019-02-12T05:23:00+00:00","article_modified_time":"2022-06-29T02:20:39+00:00","og_image":[{"width":2560,"height":1707,"url":"https:\/\/oafdn.ca\/wp-content\/uploads\/2022\/03\/2019-02-11-Quilico-1920-scaled.jpg","type":"image\/jpeg"}],"author":"tugrul","twitter_card":"summary_large_image","twitter_creator":"@OntarioArtsFdn","twitter_site":"@OntarioArtsFdn","twitter_misc":{"\u00c9crit par":"tugrul","Estimation du temps de lecture":"4 minutes"},"schema":{"@context":"https:\/\/schema.org","@graph":[{"@type":"Article","@id":"https:\/\/oafdn.ca\/winners-of-the-2019-christina-and-louis-quilico-awards-vocal-competition\/#article","isPartOf":{"@id":"https:\/\/oafdn.ca\/winners-of-the-2019-christina-and-louis-quilico-awards-vocal-competition\/"},"author":{"name":"tugrul","@id":"https:\/\/oafdn.ca\/#\/schema\/person\/9cf84eae88a4fa075dd8cb6ae344f0ac"},"headline":"Winners of the 2019 Christina and Louis Quilico Awards vocal competition","datePublished":"2019-02-12T05:23:00+00:00","dateModified":"2022-06-29T02:20:39+00:00","mainEntityOfPage":{"@id":"https:\/\/oafdn.ca\/winners-of-the-2019-christina-and-louis-quilico-awards-vocal-competition\/"},"wordCount":888,"publisher":{"@id":"https:\/\/oafdn.ca\/#organization"},"image":{"@id":"https:\/\/oafdn.ca\/winners-of-the-2019-christina-and-louis-quilico-awards-vocal-competition\/#primaryimage"},"thumbnailUrl":"https:\/\/oafdn.ca\/wp-content\/uploads\/2022\/03\/2019-02-11-Quilico-1920-scaled.jpg","articleSection":["News Release"],"inLanguage":"fr-CA"},{"@type":"WebPage","@id":"https:\/\/oafdn.ca\/winners-of-the-2019-christina-and-louis-quilico-awards-vocal-competition\/","url":"https:\/\/oafdn.ca\/winners-of-the-2019-christina-and-louis-quilico-awards-vocal-competition\/","name":"Winners of the 2019 Christina and Louis Quilico Awards vocal competition - Ontario Arts Foundation","isPartOf":{"@id":"https:\/\/oafdn.ca\/#website"},"primaryImageOfPage":{"@id":"https:\/\/oafdn.ca\/winners-of-the-2019-christina-and-louis-quilico-awards-vocal-competition\/#primaryimage"},"image":{"@id":"https:\/\/oafdn.ca\/winners-of-the-2019-christina-and-louis-quilico-awards-vocal-competition\/#primaryimage"},"thumbnailUrl":"https:\/\/oafdn.ca\/wp-content\/uploads\/2022\/03\/2019-02-11-Quilico-1920-scaled.jpg","datePublished":"2019-02-12T05:23:00+00:00","dateModified":"2022-06-29T02:20:39+00:00","breadcrumb":{"@id":"https:\/\/oafdn.ca\/winners-of-the-2019-christina-and-louis-quilico-awards-vocal-competition\/#breadcrumb"},"inLanguage":"fr-CA","potentialAction":[{"@type":"ReadAction","target":["https:\/\/oafdn.ca\/winners-of-the-2019-christina-and-louis-quilico-awards-vocal-competition\/"]}]},{"@type":"ImageObject","inLanguage":"fr-CA","@id":"https:\/\/oafdn.ca\/winners-of-the-2019-christina-and-louis-quilico-awards-vocal-competition\/#primaryimage","url":"https:\/\/oafdn.ca\/wp-content\/uploads\/2022\/03\/2019-02-11-Quilico-1920-scaled.jpg","contentUrl":"https:\/\/oafdn.ca\/wp-content\/uploads\/2022\/03\/2019-02-11-Quilico-1920-scaled.jpg"},{"@type":"BreadcrumbList","@id":"https:\/\/oafdn.ca\/winners-of-the-2019-christina-and-louis-quilico-awards-vocal-competition\/#breadcrumb","itemListElement":[{"@type":"ListItem","position":1,"name":"Home","item":"https:\/\/oafdn.ca\/"},{"@type":"ListItem","position":2,"name":"Winners of the 2019 Christina and Louis Quilico Awards vocal competition"}]},{"@type":"WebSite","@id":"https:\/\/oafdn.ca\/#website","url":"https:\/\/oafdn.ca\/","name":"Fondation des arts de l'Ontario","description":"The Ontario Arts Foundation is a non-governmental not for profit organization established in 1991 under the Ontario Corporations Act to encourage and facilitate private giving to the arts in Ontario, Canada.","publisher":{"@id":"https:\/\/oafdn.ca\/#organization"},"potentialAction":[{"@type":"SearchAction","target":{"@type":"EntryPoint","urlTemplate":"https:\/\/oafdn.ca\/?s={search_term_string}"},"query-input":{"@type":"PropertyValueSpecification","valueRequired":true,"valueName":"search_term_string"}}],"inLanguage":"fr-CA"},{"@type":"Organization","@id":"https:\/\/oafdn.ca\/#organization","name":"Fondation des arts de l'Ontario","url":"https:\/\/oafdn.ca\/","logo":{"@type":"ImageObject","inLanguage":"fr-CA","@id":"https:\/\/oafdn.ca\/#\/schema\/logo\/image\/","url":"https:\/\/oafdn.ca\/wp-content\/uploads\/2022\/02\/logo1-1.png","contentUrl":"https:\/\/oafdn.ca\/wp-content\/uploads\/2022\/02\/logo1-1.png","width":1761,"height":487,"caption":"Ontario Arts Foundation"},"image":{"@id":"https:\/\/oafdn.ca\/#\/schema\/logo\/image\/"},"sameAs":["https:\/\/www.facebook.com\/OntarioArtsFoundation\/","https:\/\/x.com\/OntarioArtsFdn"]},{"@type":"Person","@id":"https:\/\/oafdn.ca\/#\/schema\/person\/9cf84eae88a4fa075dd8cb6ae344f0ac","name":"tugrul","image":{"@type":"ImageObject","inLanguage":"fr-CA","@id":"https:\/\/secure.gravatar.com\/avatar\/4a398edccd13e67fc11228206372deb53f9dcd8d7a7fccf69e80b739c725ec52?s=96&d=mm&r=g","url":"https:\/\/secure.gravatar.com\/avatar\/4a398edccd13e67fc11228206372deb53f9dcd8d7a7fccf69e80b739c725ec52?s=96&d=mm&r=g","contentUrl":"https:\/\/secure.gravatar.com\/avatar\/4a398edccd13e67fc11228206372deb53f9dcd8d7a7fccf69e80b739c725ec52?s=96&d=mm&r=g","caption":"tugrul"},"sameAs":["http:"],"url":"https:\/\/oafdn.ca\/fr\/author\/tugrul\/"}]}},"_links":{"self":[{"href":"https:\/\/oafdn.ca\/fr\/wp-json\/wp\/v2\/posts\/46268","targetHints":{"allow":["GET"]}}],"collection":[{"href":"https:\/\/oafdn.ca\/fr\/wp-json\/wp\/v2\/posts"}],"about":[{"href":"https:\/\/oafdn.ca\/fr\/wp-json\/wp\/v2\/types\/post"}],"author":[{"embeddable":true,"href":"https:\/\/oafdn.ca\/fr\/wp-json\/wp\/v2\/users\/1"}],"replies":[{"embeddable":true,"href":"https:\/\/oafdn.ca\/fr\/wp-json\/wp\/v2\/comments?post=46268"}],"version-history":[{"count":7,"href":"https:\/\/oafdn.ca\/fr\/wp-json\/wp\/v2\/posts\/46268\/revisions"}],"predecessor-version":[{"id":116123,"href":"https:\/\/oafdn.ca\/fr\/wp-json\/wp\/v2\/posts\/46268\/revisions\/116123"}],"wp:attachment":[{"href":"https:\/\/oafdn.ca\/fr\/wp-json\/wp\/v2\/media?parent=46268"}],"wp:term":[{"taxonomy":"category","embeddable":true,"href":"https:\/\/oafdn.ca\/fr\/wp-json\/wp\/v2\/categories?post=46268"},{"taxonomy":"post_tag","embeddable":true,"href":"https:\/\/oafdn.ca\/fr\/wp-json\/wp\/v2\/tags?post=46268"}],"curies":[{"name":"wp","href":"https:\/\/api.w.org\/{rel}","templated":true}]}}