{"id":143142,"date":"2026-03-10T11:45:56","date_gmt":"2026-03-10T15:45:56","guid":{"rendered":"https:\/\/oafdn.ca\/?p=143142"},"modified":"2026-03-10T11:56:21","modified_gmt":"2026-03-10T15:56:21","slug":"debbie-patterson-awarded-the-2026-gina-wilkinson-prize","status":"publish","type":"post","link":"https:\/\/oafdn.ca\/fr\/debbie-patterson-awarded-the-2026-gina-wilkinson-prize\/","title":{"rendered":"Debbie Patterson rec\u00e7oit le prix Gina Wilkinson 2026"},"content":{"rendered":"<div data-elementor-type=\"wp-post\" data-elementor-id=\"143142\" class=\"elementor elementor-143142\" wpc-filter-elementor-widget=\"1\">\n\t\t\t\t\t\t<section class=\"elementor-section elementor-top-section elementor-element elementor-element-e1246ef elementor-section-boxed elementor-section-height-default elementor-section-height-default\" data-id=\"e1246ef\" data-element_type=\"section\" data-e-type=\"section\">\n\t\t\t\t\t\t<div class=\"elementor-container elementor-column-gap-default\">\n\t\t\t\t\t<div class=\"elementor-column elementor-col-100 elementor-top-column elementor-element elementor-element-f49ea1b\" data-id=\"f49ea1b\" data-element_type=\"column\" data-e-type=\"column\">\n\t\t\t<div class=\"elementor-widget-wrap elementor-element-populated\">\n\t\t\t\t\t\t<div class=\"elementor-element elementor-element-29e67a7 elementor-widget elementor-widget-text-editor\" data-id=\"29e67a7\" data-element_type=\"widget\" data-e-type=\"widget\" data-widget_type=\"text-editor.default\">\n\t\t\t\t<div class=\"elementor-widget-container\">\n\t\t\t\t\t\t\t\t\t<p>Toronto \u2013 le 10 mars 2026 \u2013 Le Comit\u00e9 du prix Gina Wilkinson a le plaisir d'annoncer que Debbie Patterson est la laur\u00e9ate du quinzi\u00e8me <a href=\"https:\/\/oafdn.ca\/fr\/programs\/awards\/the-gina-wilkinson-prize\/\">prix Gina Wilkinson<\/a>. Le prix reconnait les artistes de th\u00e9\u00e2tre de genres sous-repr\u00e9sent\u00e9s, notamment les femmes cis, les femmes trans et les personnes non binaires ayant un ensemble de travaux d\u00e9montr\u00e9, qui sont reconnues par leurs communaut\u00e9s pour leur pratique, leur leadership et leur d\u00e9vouement \u00e0 leur art.<\/p><p><strong>Laur\u00e9ate du Prix<\/strong><\/p><p><strong><img fetchpriority=\"high\" decoding=\"async\" class=\"alignleft wp-image-143146\" src=\"https:\/\/oafdn.ca\/wp-content\/uploads\/2026\/03\/DebbiePatterson.jpg\" alt=\"\" width=\"300\" height=\"449\" srcset=\"https:\/\/oafdn.ca\/wp-content\/uploads\/2026\/03\/DebbiePatterson.jpg 507w, https:\/\/oafdn.ca\/wp-content\/uploads\/2026\/03\/DebbiePatterson-200x300.jpg 200w, https:\/\/oafdn.ca\/wp-content\/uploads\/2026\/03\/DebbiePatterson-8x12.jpg 8w\" sizes=\"(max-width: 300px) 100vw, 300px\" \/>Debbie Patterson<\/strong><br \/>Domicile : Winnipeg, Manitoba, sur le territoire du Trait\u00e9 n\u00b0 1<\/p><p>Debbie Patterson est une com\u00e9dienne, dramaturge, metteuse en sc\u00e8ne, conceptrice dramatique et m\u00e8re de famille bas\u00e9e \u00e0 Winnipeg. Elle milite fi\u00e8rement pour la justice sociale des handicaps \u00e0 travers son travail de fondatrice et actuelle directrice artistique de Sick + Twisted Theatre. Elle est \u00e9galement fondatrice de Shakespeare in the Ruins, a \u00e9t\u00e9 l\u2019artiste associ\u00e9e au Prairie Theatre Exchange, \u00e9crivaine en r\u00e9sidence \u00e0 l'Universit\u00e9 de Winnipeg et membre de la troupe de th\u00e9\u00e2tre du Festival de Stratford en 2023. Elle a \u00e0 c\u0153ur de soutenir les autres cr\u00e9ateurs de th\u00e9\u00e2tre en situation de handicap et de faire conna\u00eetre l'exp\u00e9rience v\u00e9cue du handicap dans le milieu th\u00e9\u00e2tral traditionnel. Elle si\u00e8ge au conseil d'administration de la Guilde des dramaturges du Canada, au comit\u00e9 consultatif du Fonds national de cr\u00e9ation et \u00e0 des comit\u00e9s consultatifs professionnels \u00e0 l'Universit\u00e9 Sheridan et \u00e0 l'Universit\u00e9 M\u00e9tropolitaine de Toronto (TMU). Elle a re\u00e7u la M\u00e9daille du couronnement du roi Charles III, le prix de l'activiste de l'ann\u00e9e des comit\u00e9s de la Plateforme d'action des Nations Unies et le prix \u00ab Making a Mark \u00bb de la Ville de Winnipeg. Elle vit en fauteuil roulant \u00e0 Winnipeg (Trait\u00e9 1) et dans un chalet sur les rives du lac Winnipeg (Trait\u00e9 2) avec son partenaire de longue date, Arne MacPherson.<\/p><p><strong>D\u00e9claration de l'artiste:<\/strong><br \/>Je suis tr\u00e8s touch\u00e9e par cette reconnaissance et honor\u00e9e de rejoindre ces femmes exceptionnelles qui ont partag\u00e9 cet honneur par le pass\u00e9 et qui sont nomin\u00e9es \u00e0 mes c\u00f4t\u00e9s aujourd'hui. Je tiens \u00e0 remercier les membres du comit\u00e9 du prix pour leur travail constant qui perp\u00e9tue l'h\u00e9ritage de Gina en mettant en lumi\u00e8re le travail novateur des femmes de notre communaut\u00e9. Je souhaite \u00e9galement exprimer ma profonde gratitude \u00e0 Mandy MacLean, la personne ayant un optimisme in\u00e9branlable qui a propos\u00e9 ma candidature. En tant que mentor de Mandy, je peux t\u00e9moigner qu'une relation mentor\/mentor\u00e9e permet l\u2019apprentissage dans les deux directions.<\/p><p>Je n'ai jamais eu le plaisir de travailler avec Gina, mais je l'ai admir\u00e9e de loin pendant des ann\u00e9es, inspir\u00e9e par son audace, son dynamisme, sa sophistication et sa g\u00e9n\u00e9rosit\u00e9. Je lui suis reconnaissante, ainsi qu'\u00e0 toutes les femmes qui m'ont soutenue, qui m'ont pouss\u00e9e \u00e0 me d\u00e9passer et qui m'ont toujours encourag\u00e9e \u00e0 explorer ; qui m'ont incit\u00e9e \u00e0 me surpasser, \u00e0 viser plus haut et \u00e0 ne jamais cesser de progresser. La r\u00e9ussite individuelle n'existe pas. Nous r\u00e9ussissons ou \u00e9chouons tous en fonction de la force de nos liens avec les autres.<\/p>\t\t\t\t\t\t\t\t<\/div>\n\t\t\t\t<\/div>\n\t\t\t\t\t<\/div>\n\t\t<\/div>\n\t\t\t\t\t<\/div>\n\t\t<\/section>\n\t\t\t\t<section class=\"elementor-section elementor-top-section elementor-element elementor-element-dc0043b elementor-section-boxed elementor-section-height-default elementor-section-height-default\" data-id=\"dc0043b\" data-element_type=\"section\" data-e-type=\"section\">\n\t\t\t\t\t\t<div class=\"elementor-container elementor-column-gap-default\">\n\t\t\t\t\t<div class=\"elementor-column elementor-col-100 elementor-top-column elementor-element elementor-element-847ffd2\" data-id=\"847ffd2\" data-element_type=\"column\" data-e-type=\"column\">\n\t\t\t<div class=\"elementor-widget-wrap elementor-element-populated\">\n\t\t\t\t\t\t<div class=\"elementor-element elementor-element-77cab89 elementor-widget elementor-widget-text-editor\" data-id=\"77cab89\" data-element_type=\"widget\" data-e-type=\"widget\" data-widget_type=\"text-editor.default\">\n\t\t\t\t<div class=\"elementor-widget-container\">\n\t\t\t\t\t\t\t\t\t<p><strong>Finalistes<\/strong><\/p><figure id=\"attachment_143145\" aria-describedby=\"caption-attachment-143145\" style=\"width: 425px\" class=\"wp-caption alignleft\"><img decoding=\"async\" class=\"wp-image-143145\" src=\"https:\/\/oafdn.ca\/wp-content\/uploads\/2026\/03\/dbi_young.jpg\" alt=\"\" width=\"425\" height=\"336\" srcset=\"https:\/\/oafdn.ca\/wp-content\/uploads\/2026\/03\/dbi_young.jpg 623w, https:\/\/oafdn.ca\/wp-content\/uploads\/2026\/03\/dbi_young-300x237.jpg 300w, https:\/\/oafdn.ca\/wp-content\/uploads\/2026\/03\/dbi_young-15x12.jpg 15w\" sizes=\"(max-width: 425px) 100vw, 425px\" \/><figcaption id=\"caption-attachment-143145\" class=\"wp-caption-text\">Photograph: Noncedo Charmaine<\/figcaption><\/figure><p><strong>d&#8217;bi.young anitafrika<\/strong><br \/>Domicile : Scarborough<\/p><p>Dr. d\u2019bi.young anitafrika est une po\u00e9tesse dub, biomythicienne, cr\u00e9atrice de th\u00e9\u00e2tre et p\u00e9dagogue d\u00e9colonialiste de renomm\u00e9e internationale, dont le travail embrasse la performance, la recherche et le leadership artistique sur quatre continents. Laur\u00e9ate du prix Johanna Metcalf des arts de la sc\u00e8ne 2025, iel a fa\u00e7onn\u00e9 le th\u00e9\u00e2tre contemporain et la formation \u00e0 la performance \u00e0 l\u2019\u00e9chelle mondiale gr\u00e2ce \u00e0 sa m\u00e9thodologie novatrice, l\u2019Anitafrika Dub Praxis. Dr. anitafrika est l\u2019auteure de douze pi\u00e8ces de th\u00e9\u00e2tre, a publi\u00e9 sept albums de po\u00e9sie dub et quatre recueils de po\u00e9sie, et a \u00e9t\u00e9 t\u00eate d\u2019affiche de festivals et de saisons th\u00e9\u00e2trales \u00e0 travers le monde. Ses contributions ont \u00e9t\u00e9 reconnues par de nombreuses distinctions, dont trois prix Dora, le prix de po\u00e8te d\u2019honneur canadien, une nomination comme finaliste du prix Siminovitch des dramaturges et la distinction de leader mondial du th\u00e9\u00e2tre et de la performance d\u00e9cern\u00e9e par le Conseil des arts d\u2019Angleterre. Leur doctorat porte sur la cr\u00e9ation th\u00e9orique des femmes noires au th\u00e9\u00e2tre et aborde des lacunes importantes dans la recherche sur la performance au Canada.<\/p>\t\t\t\t\t\t\t\t<\/div>\n\t\t\t\t<\/div>\n\t\t\t\t\t<\/div>\n\t\t<\/div>\n\t\t\t\t\t<\/div>\n\t\t<\/section>\n\t\t\t\t<section class=\"elementor-section elementor-top-section elementor-element elementor-element-b142366 elementor-section-boxed elementor-section-height-default elementor-section-height-default\" data-id=\"b142366\" data-element_type=\"section\" data-e-type=\"section\">\n\t\t\t\t\t\t<div class=\"elementor-container elementor-column-gap-default\">\n\t\t\t\t\t<div class=\"elementor-column elementor-col-100 elementor-top-column elementor-element elementor-element-2831a56\" data-id=\"2831a56\" data-element_type=\"column\" data-e-type=\"column\">\n\t\t\t<div class=\"elementor-widget-wrap elementor-element-populated\">\n\t\t\t\t\t\t<div class=\"elementor-element elementor-element-f1ebfeb elementor-widget elementor-widget-text-editor\" data-id=\"f1ebfeb\" data-element_type=\"widget\" data-e-type=\"widget\" data-widget_type=\"text-editor.default\">\n\t\t\t\t<div class=\"elementor-widget-container\">\n\t\t\t\t\t\t\t\t\t<p style=\"text-align: center;\"><strong>Que signifie le prix Gina Wilkinson pour moi ?<\/strong><\/p><p style=\"text-align: center;\">in honour of gina wilkinson and womyn storytellers of these unceded territories<\/p><p style=\"text-align: center;\">womxn storyteller<\/p><p style=\"text-align: center;\">I enc(h)ant your name<\/p><p style=\"text-align: center;\">so it resonates through ourstory<\/p><p style=\"text-align: center;\">there will be no erasure here<\/p><p style=\"text-align: center;\">you and the change you carve out with your words, your hands, your heart<\/p><p style=\"text-align: center;\">will be sung through the freedom whispers and shouts<\/p><p style=\"text-align: center;\">of your kin for seven generations and beyond<\/p><p style=\"text-align: center;\">audre lorde reminds us that we were never meant to survive<\/p><p style=\"text-align: center;\">yet here we are creating a new world<\/p><p style=\"text-align: center;\">beyond surviving, we are surthriving<\/p><p style=\"text-align: center;\">from the ashes of the old<\/p><p style=\"text-align: center;\">as the heavy-footed trample and bomb y\/our children<\/p><p style=\"text-align: center;\">neither you nor your kin will be silenced<\/p><p style=\"text-align: center;\">no amount of bombs and bullets and supremacy<\/p><p style=\"text-align: center;\">will erase you<\/p><p style=\"text-align: center;\">tell your stories womxn<\/p><p style=\"text-align: center;\">tell stories of freedom into the veins of uncharted blood<\/p><p style=\"text-align: center;\">tell stories of emancipation into the caverns of colonised minds<\/p><p style=\"text-align: center;\">tell stories of liberation where hate-mongering occupies the territories of the indigenous<\/p><p style=\"text-align: center;\">womxn storyteller<\/p><p style=\"text-align: center;\">you will not be forgotten<\/p><p style=\"text-align: center;\">or washed out of your beinghood<\/p><p style=\"text-align: center;\">your indignation<\/p><p style=\"text-align: center;\">and your revolution<\/p><p style=\"text-align: center;\">tell your stories so that we may live<\/p><p style=\"text-align: center;\">with our lives<\/p>\t\t\t\t\t\t\t\t<\/div>\n\t\t\t\t<\/div>\n\t\t\t\t\t<\/div>\n\t\t<\/div>\n\t\t\t\t\t<\/div>\n\t\t<\/section>\n\t\t\t\t<section class=\"elementor-section elementor-top-section elementor-element elementor-element-e6b395f elementor-section-boxed elementor-section-height-default elementor-section-height-default\" data-id=\"e6b395f\" data-element_type=\"section\" data-e-type=\"section\">\n\t\t\t\t\t\t<div class=\"elementor-container elementor-column-gap-default\">\n\t\t\t\t\t<div class=\"elementor-column elementor-col-100 elementor-top-column elementor-element elementor-element-22ef227\" data-id=\"22ef227\" data-element_type=\"column\" data-e-type=\"column\">\n\t\t\t<div class=\"elementor-widget-wrap elementor-element-populated\">\n\t\t\t\t\t\t<div class=\"elementor-element elementor-element-6853e79 elementor-widget elementor-widget-text-editor\" data-id=\"6853e79\" data-element_type=\"widget\" data-e-type=\"widget\" data-widget_type=\"text-editor.default\">\n\t\t\t\t<div class=\"elementor-widget-container\">\n\t\t\t\t\t\t\t\t\t<p><strong><img decoding=\"async\" class=\"alignleft wp-image-143144\" src=\"https:\/\/oafdn.ca\/wp-content\/uploads\/2026\/03\/carmen.jpg\" alt=\"\" width=\"300\" height=\"450\" srcset=\"https:\/\/oafdn.ca\/wp-content\/uploads\/2026\/03\/carmen.jpg 500w, https:\/\/oafdn.ca\/wp-content\/uploads\/2026\/03\/carmen-200x300.jpg 200w, https:\/\/oafdn.ca\/wp-content\/uploads\/2026\/03\/carmen-8x12.jpg 8w\" sizes=\"(max-width: 300px) 100vw, 300px\" \/>Carmen Aguirre<\/strong><br \/>Domicile : Vancouver, sur les territoires traditionnels, ancestraux et non c\u00e9d\u00e9s des peuples Salish de la c\u00f4te.<\/p><p>Carmen Aguirre est une artiste de th\u00e9\u00e2tre, actrice et auteure maintes fois prim\u00e9e. Elle est artiste membre permanente de l'Electric Company Theatre et a \u00e9crit ou co\u00e9crit plus de vingt-cinq pi\u00e8ces de th\u00e9\u00e2tre ainsi que deux m\u00e9moires \u00e0 succ\u00e8s international. La premi\u00e8re de sa pi\u00e8ce <em>\u00ab Fire Never Dies: The Tina Modotti Project \u00bb<\/em>\u00bb, qu'elle a \u00e9galement mise en sc\u00e8ne, a affich\u00e9 complet en 2025 et a re\u00e7u d'excellentes critiques du public et de la presse sp\u00e9cialis\u00e9e. <em>\u00ab The Consent Club \u00bb<\/em>, une adaptation des <em>\u00ab Dames savantes \u00bb<\/em> de Moli\u00e8re et une satire mordante de la gentrification li\u00e9e au mouvement Me Too, sera pr\u00e9sent\u00e9e en premi\u00e8re \u00e0 Vancouver en 2028. Carmen met actuellement en sc\u00e8ne la premi\u00e8re de <em>\u00ab Deserters \u00bb<\/em> de Kenneth T. Williams \u00e0 l'Universit\u00e9 de l'Alberta et dirigera des projets passionnants \u00e0 travers le Canada au cours de la prochaine saison. Elle est dipl\u00f4m\u00e9e du Studio 58. <a href=\"https:\/\/carmenaguirre.ca\/\">Carmenaguirre.ca<\/a><\/p><p><strong>Que signifie \u00eatre finaliste pour moi ?<\/strong> <br \/>L\u2019engagement de Gina envers la collaboration et la pr\u00e9servation du r\u00e9cit, en affrontant les limites de la peur, confirme et inspire ma propre approche du travail. En tant que praticienne de th\u00e9\u00e2tre qui s\u2019efforce de trouver un \u00e9quilibre entre le service aux autres et ma propre vision artistique, convaincue que sans peur, on ne creuse pas assez profond\u00e9ment et que le v\u00e9ritable art est une forme d\u2019\u00e9coute, et qui m\u2019attache \u00e0 faire preuve d\u2019int\u00e9grit\u00e9 dans tout ce que j\u2019entreprends dans ce secteur, je suis profond\u00e9ment touch\u00e9e et honor\u00e9e d\u2019\u00eatre parmi ces coll\u00e8gues si respect\u00e9s. J\u2019ai connu Gina. Elle a \u00e9t\u00e9 un mentor pour moi par sa fa\u00e7on d\u2019appr\u00e9hender le monde. \u00catre finaliste du Prix Gina Wilkinson est pour moi une grande fiert\u00e9 et une immense dignit\u00e9. Car, au final, c\u2019est tout ce qui nous reste.<\/p>\t\t\t\t\t\t\t\t<\/div>\n\t\t\t\t<\/div>\n\t\t\t\t<div class=\"elementor-element elementor-element-649c362 elementor-widget elementor-widget-text-editor\" data-id=\"649c362\" data-element_type=\"widget\" data-e-type=\"widget\" data-widget_type=\"text-editor.default\">\n\t\t\t\t<div class=\"elementor-widget-container\">\n\t\t\t\t\t\t\t\t\t<p>\u00a0<\/p><p><strong><img loading=\"lazy\" decoding=\"async\" class=\"alignleft wp-image-143147\" src=\"https:\/\/oafdn.ca\/wp-content\/uploads\/2026\/03\/JudyW.jpg\" alt=\"\" width=\"300\" height=\"450\" srcset=\"https:\/\/oafdn.ca\/wp-content\/uploads\/2026\/03\/JudyW.jpg 500w, https:\/\/oafdn.ca\/wp-content\/uploads\/2026\/03\/JudyW-200x300.jpg 200w, https:\/\/oafdn.ca\/wp-content\/uploads\/2026\/03\/JudyW-8x12.jpg 8w\" sizes=\"(max-width: 300px) 100vw, 300px\" \/><\/strong><\/p><p><strong>Judy Wensel<\/strong><br \/>Domicile : Territoire du Trait\u00e9 n\u00b0 4 \/ Regina, Saskatchewan<\/p><p>Judy Wensel est metteuse en sc\u00e8ne, cr\u00e9atrice, interpr\u00e8te et artiste-enseignante bas\u00e9e sur le Territoire du Trait\u00e9 n\u00b0 4. Elle travaille dans les milieux professionnels, communautaires et \u00e9ducatifs. Collaboratrice r\u00e9guli\u00e8re du Globe Theatre, elle a contribu\u00e9 \u00e0 plus de 30 projets en tant que metteuse en sc\u00e8ne, com\u00e9dienne, dramaturge et cr\u00e9atrice. Elle est metteuse en sc\u00e8ne invit\u00e9e au programme de th\u00e9\u00e2tre participatif de l'Universit\u00e9 de Regina et a \u00e9galement travaill\u00e9 en r\u00e9sidence avec l'organisme artistique Listen to Dis', dirig\u00e9 par des personnes en situation de handicap, ainsi qu'avec That's Possible, un programme de th\u00e9\u00e2tre inclusif \u00e0 l'\u00e9cole secondaire Riffel de Regina. Ses cr\u00e9ations r\u00e9centes explorent la crise climatique \u00e0 travers des projets collaboratifs, interdisciplinaires et interg\u00e9n\u00e9rationnels, notamment <em>\u00ab The Last Children \u00bb<\/em> (2022), cr\u00e9\u00e9 avec David Gagnon Walker, et \u00ab The Council for All Children \u00bb (2025), avec Shaunna Dunn. Elle collabore fr\u00e9quemment avec Strange Victory Performance (Toronto\/Edmonton), FadaDance (Regina), Sum Theatre (Saskatoon) et Curtain Razors Theatre (Regina), o\u00f9 elle est artiste associ\u00e9e depuis 2015. Judy est dipl\u00f4m\u00e9e du programme de mise en sc\u00e8ne de l'\u00c9cole nationale de th\u00e9\u00e2tre du Canada.<\/p><p><strong>Que signifie \u00eatre finaliste pour moi ?<\/strong><br \/>Je suis profond\u00e9ment honor\u00e9e de me trouver parmi la communaut\u00e9 d\u2019artistes pionni\u00e8res du Prix Gina. Je suis remplie d'admiration et d'une inspiration sans bornes.<\/p><p>Je partage cet honneur avec les artistes et les collaborateurs qui laboure dans les m\u00eames terres que moi dans le Trait\u00e9 n\u00b0 4. Un rappel que de rester ancr\u00e9e ne signifie pas rester petit, que notre travail n\u2019est ni p\u00e9riph\u00e9rique ni isol\u00e9, mais qu\u2019il fait partie d\u2019un dialogue vivant sur ce que peut \u00eatre une vie dans les arts.<\/p><p>Je n\u2019ai jamais rencontr\u00e9 Gina, mais comme Jennifer Brewin, la personne qui a propos\u00e9 ma candidature, a partag\u00e9 \u00abGina comprenait que la nourriture, les enfants, et la pl\u00e9nitude de la vie ne sont pas des distractions \u00e0 la cr\u00e9ation artistique mais au contraire en sont essentiel. \u00bb C\u2019est cette \u00e9tique que je m\u2019efforce de perp\u00e9tuer : cr\u00e9er des espaces o\u00f9 les gens se sentent nourris et accueillis, libres d\u2019\u00eatre eux-m\u00eames dans leur int\u00e9gralit\u00e9\u2026 avec leurs imperfections, leurs espi\u00e8gleries et cette part sauvage et essentielle qui fait de nous des \u00eatres pleinement humains.<\/p>\t\t\t\t\t\t\t\t<\/div>\n\t\t\t\t<\/div>\n\t\t\t\t\t<\/div>\n\t\t<\/div>\n\t\t\t\t\t<\/div>\n\t\t<\/section>\n\t\t\t\t<section class=\"elementor-section elementor-top-section elementor-element elementor-element-4a3708d elementor-section-boxed elementor-section-height-default elementor-section-height-default\" data-id=\"4a3708d\" data-element_type=\"section\" data-e-type=\"section\">\n\t\t\t\t\t\t<div class=\"elementor-container elementor-column-gap-default\">\n\t\t\t\t\t<div class=\"elementor-column elementor-col-100 elementor-top-column elementor-element elementor-element-1f74fda\" data-id=\"1f74fda\" data-element_type=\"column\" data-e-type=\"column\">\n\t\t\t<div class=\"elementor-widget-wrap elementor-element-populated\">\n\t\t\t\t\t\t<div class=\"elementor-element elementor-element-9cb631f elementor-widget elementor-widget-text-editor\" data-id=\"9cb631f\" data-element_type=\"widget\" data-e-type=\"widget\" data-widget_type=\"text-editor.default\">\n\t\t\t\t<div class=\"elementor-widget-container\">\n\t\t\t\t\t\t\t\t\t<p><strong>Nominations et Comit\u00e9 de S\u00e9lection<\/strong><br \/>Les 33 candidatures de partout au pays d\u00e9montrent l'incroyable diversit\u00e9, dynamisme et passion de ce groupe de cheffes artistiques au service de leurs communaut\u00e9s. Elles \u00e9taient inspirantes, originales et d\u00e9di\u00e9es \u00e0 la cr\u00e9ation d'espaces positifs centr\u00e9s sur les soins et la pratique innovante.<\/p><p><strong>A propos du Prix<\/strong><br \/>Le prix Gina rend hommage \u00e0 Gina Wilkinson, d\u00e9c\u00e9d\u00e9e en 2010, et dont le d\u00e9vouement, la vision et l'esprit indomptable ont impr\u00e9gn\u00e9 son travail et sa vie.\u00a0<\/p><p>Le talent artistique interdisciplinaire de Gina en tant que danseuse, artiste visuelle, com\u00e9dienne, dramaturge et metteuse en sc\u00e8ne l'a impos\u00e9e comme une dirigeante et une collaboratrice audacieuse, forte et inventive du th\u00e9\u00e2tre canadien. Elle croyait en la n\u00e9cessit\u00e9 de s'amuser dans la salle de r\u00e9p\u00e9tition, sur sc\u00e8ne et en coulisses, et dans tous les aspects de la vie. Dans l'esprit de l'app\u00e9tit de Gina pour la vie, le prix est un cadeau \u00e0 utiliser de la mani\u00e8re choisie par la r\u00e9cipiendaire. La laur\u00e9ate du prix re\u00e7oit un prix d'un montant de 15 000 dollars et 5 000 dollars sont attribu\u00e9s \u00e0 chaque finaliste.<\/p><p>Le Comit\u00e9 du prix Gina Wilkinson (Micheline Chevrier, Krista Jackson, Lindsay Lachance, Kimberley Rampersad, Tom Rooney ,Tanisha Taitt &amp; Mieko Ouchi) remercie chaleureusement tous ces supporteurs. Gr\u00e2ce \u00e0 leur incroyable g\u00e9n\u00e9rosit\u00e9, l'esprit de Gina perdure.<\/p><p>Pour contribuer au Prix Gina: <a href=\"https:\/\/oafdn.ca\/fr\/make-a-donation\/\">https:\/\/oafdn.ca\/make-a-donation\/<\/a>.<\/p><p><em>Le prix Gina honore les artistes qui travaillent \u00e0 travers l\u2019\u00eele de la Tortue sur les territoires faisant l'objet de trait\u00e9s et ceux non c\u00e9d\u00e9s. Gr\u00e2ce \u00e0 ce prix, nous cherchons \u00e0 reconna\u00eetre et \u00e0 amplifier leur relation avec la terre sur laquelle elles vivent et les communaut\u00e9s qu'elles servent.<\/em><\/p><p style=\"text-align: center;\">###<\/p><p><strong>Pour plus d'information sur le Prix:<\/strong><br \/>Micheline Chevrier &amp; Kimberley Rampersad, Co-cheffes de comit\u00e9<br \/><a href=\"mailto:ginasprize@gmail.com\">ginasprize@gmail.com<\/a> <br \/><a href=\"http:\/\/www.ginasprize.ca\">www.ginasprize.ca<\/a><\/p><p><strong>Pour plus d'information sur la fondation des arts de l'Ontario :<\/strong><br \/>Bruce Bennett,  directeur g\u00e9n\u00e9ral<br \/>Fondation des arts de l'Ontario <br \/>416-969-7413 | <a href=\"mailto:bbennett@oafdn.ca\">bbennett@oafdn.ca<\/a><\/p>\t\t\t\t\t\t\t\t<\/div>\n\t\t\t\t<\/div>\n\t\t\t\t\t<\/div>\n\t\t<\/div>\n\t\t\t\t\t<\/div>\n\t\t<\/section>\n\t\t\t\t<\/div>","protected":false},"excerpt":{"rendered":"<p>Toronto \u2013March 10, 2026\u2013 The Gina Wilkinson Prize Committee is pleased to announce Debbie Patterson as the recipient of the 15th annual Gina Wilkinson Prize. Gina\u2019s Prize recognizes theatre artists from underrepresented genders including cis women, trans women, and non-binary peoples with demonstrated bodies of work, who are recognized by their communities for their practice, [&hellip;]<\/p>\n","protected":false},"author":316,"featured_media":0,"comment_status":"closed","ping_status":"closed","sticky":false,"template":"","format":"standard","meta":{"_acf_changed":false,"give_campaign_id":0,"nf_dc_page":"","site-sidebar-layout":"default","site-content-layout":"","ast-site-content-layout":"default","site-content-style":"default","site-sidebar-style":"default","ast-global-header-display":"","ast-banner-title-visibility":"","ast-main-header-display":"","ast-hfb-above-header-display":"","ast-hfb-below-header-display":"","ast-hfb-mobile-header-display":"","site-post-title":"","ast-breadcrumbs-content":"","ast-featured-img":"","footer-sml-layout":"","ast-disable-related-posts":"","theme-transparent-header-meta":"","adv-header-id-meta":"","stick-header-meta":"","header-above-stick-meta":"","header-main-stick-meta":"","header-below-stick-meta":"","astra-migrate-meta-layouts":"set","ast-page-background-enabled":"default","ast-page-background-meta":{"desktop":{"background-color":"","background-image":"","background-repeat":"repeat","background-position":"center center","background-size":"auto","background-attachment":"scroll","background-type":"","background-media":"","overlay-type":"","overlay-color":"","overlay-opacity":"","overlay-gradient":""},"tablet":{"background-color":"","background-image":"","background-repeat":"repeat","background-position":"center center","background-size":"auto","background-attachment":"scroll","background-type":"","background-media":"","overlay-type":"","overlay-color":"","overlay-opacity":"","overlay-gradient":""},"mobile":{"background-color":"","background-image":"","background-repeat":"repeat","background-position":"center center","background-size":"auto","background-attachment":"scroll","background-type":"","background-media":"","overlay-type":"","overlay-color":"","overlay-opacity":"","overlay-gradient":""}},"ast-content-background-meta":{"desktop":{"background-color":"var(--ast-global-color-5)","background-image":"","background-repeat":"repeat","background-position":"center center","background-size":"auto","background-attachment":"scroll","background-type":"","background-media":"","overlay-type":"","overlay-color":"","overlay-opacity":"","overlay-gradient":""},"tablet":{"background-color":"var(--ast-global-color-5)","background-image":"","background-repeat":"repeat","background-position":"center center","background-size":"auto","background-attachment":"scroll","background-type":"","background-media":"","overlay-type":"","overlay-color":"","overlay-opacity":"","overlay-gradient":""},"mobile":{"background-color":"var(--ast-global-color-5)","background-image":"","background-repeat":"repeat","background-position":"center center","background-size":"auto","background-attachment":"scroll","background-type":"","background-media":"","overlay-type":"","overlay-color":"","overlay-opacity":"","overlay-gradient":""}},"footnotes":""},"categories":[18],"tags":[],"class_list":["post-143142","post","type-post","status-publish","format-standard","hentry","category-news-release"],"acf":[],"yoast_head":"<!-- This site is optimized with the Yoast SEO plugin v27.4 - https:\/\/yoast.com\/product\/yoast-seo-wordpress\/ -->\n<title>Debbie Patterson Awarded the 2026 Gina Wilkinson Prize - Ontario Arts Foundation<\/title>\n<meta name=\"robots\" content=\"index, follow, max-snippet:-1, max-image-preview:large, max-video-preview:-1\" \/>\n<link rel=\"canonical\" href=\"https:\/\/oafdn.ca\/fr\/debbie-patterson-awarded-the-2026-gina-wilkinson-prize\/\" \/>\n<meta property=\"og:locale\" content=\"fr_CA\" \/>\n<meta property=\"og:type\" content=\"article\" \/>\n<meta property=\"og:title\" content=\"Debbie Patterson Awarded the 2026 Gina Wilkinson Prize - Ontario Arts Foundation\" \/>\n<meta property=\"og:description\" content=\"Toronto \u2013March 10, 2026\u2013 The Gina Wilkinson Prize Committee is pleased to announce Debbie Patterson as the recipient of the 15th annual Gina Wilkinson Prize. Gina\u2019s Prize recognizes theatre artists from underrepresented genders including cis women, trans women, and non-binary peoples with demonstrated bodies of work, who are recognized by their communities for their practice, [&hellip;]\" \/>\n<meta property=\"og:url\" content=\"https:\/\/oafdn.ca\/fr\/debbie-patterson-awarded-the-2026-gina-wilkinson-prize\/\" \/>\n<meta property=\"og:site_name\" content=\"Ontario Arts Foundation\" \/>\n<meta property=\"article:publisher\" content=\"https:\/\/www.facebook.com\/OntarioArtsFoundation\/\" \/>\n<meta property=\"article:published_time\" content=\"2026-03-10T15:45:56+00:00\" \/>\n<meta property=\"article:modified_time\" content=\"2026-03-10T15:56:21+00:00\" \/>\n<meta property=\"og:image\" content=\"https:\/\/oafdn.ca\/wp-content\/uploads\/2026\/03\/DebbiePatterson.jpg\" \/>\n<meta name=\"author\" content=\"Ann Boyd\" \/>\n<meta name=\"twitter:card\" content=\"summary_large_image\" \/>\n<meta name=\"twitter:creator\" content=\"@OntarioArtsFdn\" \/>\n<meta name=\"twitter:site\" content=\"@OntarioArtsFdn\" \/>\n<meta name=\"twitter:label1\" content=\"\u00c9crit par\" \/>\n\t<meta name=\"twitter:data1\" content=\"Ann Boyd\" \/>\n\t<meta name=\"twitter:label2\" content=\"Estimation du temps de lecture\" \/>\n\t<meta name=\"twitter:data2\" content=\"8 minutes\" \/>\n<script type=\"application\/ld+json\" class=\"yoast-schema-graph\">{\"@context\":\"https:\\\/\\\/schema.org\",\"@graph\":[{\"@type\":\"Article\",\"@id\":\"https:\\\/\\\/oafdn.ca\\\/debbie-patterson-awarded-the-2026-gina-wilkinson-prize\\\/#article\",\"isPartOf\":{\"@id\":\"https:\\\/\\\/oafdn.ca\\\/debbie-patterson-awarded-the-2026-gina-wilkinson-prize\\\/\"},\"author\":{\"name\":\"Ann Boyd\",\"@id\":\"https:\\\/\\\/oafdn.ca\\\/#\\\/schema\\\/person\\\/b893c83f8d17832b2031438fb2600346\"},\"headline\":\"Debbie Patterson Awarded the 2026 Gina Wilkinson Prize\",\"datePublished\":\"2026-03-10T15:45:56+00:00\",\"dateModified\":\"2026-03-10T15:56:21+00:00\",\"mainEntityOfPage\":{\"@id\":\"https:\\\/\\\/oafdn.ca\\\/debbie-patterson-awarded-the-2026-gina-wilkinson-prize\\\/\"},\"wordCount\":1656,\"publisher\":{\"@id\":\"https:\\\/\\\/oafdn.ca\\\/#organization\"},\"image\":{\"@id\":\"https:\\\/\\\/oafdn.ca\\\/debbie-patterson-awarded-the-2026-gina-wilkinson-prize\\\/#primaryimage\"},\"thumbnailUrl\":\"https:\\\/\\\/oafdn.ca\\\/wp-content\\\/uploads\\\/2026\\\/03\\\/DebbiePatterson.jpg\",\"articleSection\":[\"News Release\"],\"inLanguage\":\"fr-CA\"},{\"@type\":\"WebPage\",\"@id\":\"https:\\\/\\\/oafdn.ca\\\/debbie-patterson-awarded-the-2026-gina-wilkinson-prize\\\/\",\"url\":\"https:\\\/\\\/oafdn.ca\\\/debbie-patterson-awarded-the-2026-gina-wilkinson-prize\\\/\",\"name\":\"Debbie Patterson Awarded the 2026 Gina Wilkinson Prize - Ontario Arts Foundation\",\"isPartOf\":{\"@id\":\"https:\\\/\\\/oafdn.ca\\\/#website\"},\"primaryImageOfPage\":{\"@id\":\"https:\\\/\\\/oafdn.ca\\\/debbie-patterson-awarded-the-2026-gina-wilkinson-prize\\\/#primaryimage\"},\"image\":{\"@id\":\"https:\\\/\\\/oafdn.ca\\\/debbie-patterson-awarded-the-2026-gina-wilkinson-prize\\\/#primaryimage\"},\"thumbnailUrl\":\"https:\\\/\\\/oafdn.ca\\\/wp-content\\\/uploads\\\/2026\\\/03\\\/DebbiePatterson.jpg\",\"datePublished\":\"2026-03-10T15:45:56+00:00\",\"dateModified\":\"2026-03-10T15:56:21+00:00\",\"breadcrumb\":{\"@id\":\"https:\\\/\\\/oafdn.ca\\\/debbie-patterson-awarded-the-2026-gina-wilkinson-prize\\\/#breadcrumb\"},\"inLanguage\":\"fr-CA\",\"potentialAction\":[{\"@type\":\"ReadAction\",\"target\":[\"https:\\\/\\\/oafdn.ca\\\/debbie-patterson-awarded-the-2026-gina-wilkinson-prize\\\/\"]}]},{\"@type\":\"ImageObject\",\"inLanguage\":\"fr-CA\",\"@id\":\"https:\\\/\\\/oafdn.ca\\\/debbie-patterson-awarded-the-2026-gina-wilkinson-prize\\\/#primaryimage\",\"url\":\"https:\\\/\\\/oafdn.ca\\\/wp-content\\\/uploads\\\/2026\\\/03\\\/DebbiePatterson.jpg\",\"contentUrl\":\"https:\\\/\\\/oafdn.ca\\\/wp-content\\\/uploads\\\/2026\\\/03\\\/DebbiePatterson.jpg\"},{\"@type\":\"BreadcrumbList\",\"@id\":\"https:\\\/\\\/oafdn.ca\\\/debbie-patterson-awarded-the-2026-gina-wilkinson-prize\\\/#breadcrumb\",\"itemListElement\":[{\"@type\":\"ListItem\",\"position\":1,\"name\":\"Home\",\"item\":\"https:\\\/\\\/oafdn.ca\\\/\"},{\"@type\":\"ListItem\",\"position\":2,\"name\":\"Debbie Patterson Awarded the 2026 Gina Wilkinson Prize\"}]},{\"@type\":\"WebSite\",\"@id\":\"https:\\\/\\\/oafdn.ca\\\/#website\",\"url\":\"https:\\\/\\\/oafdn.ca\\\/\",\"name\":\"Ontario Arts Foundation\",\"description\":\"The Ontario Arts Foundation is a non-governmental not for profit organization established in 1991 under the Ontario Corporations Act to encourage and facilitate private giving to the arts in Ontario, Canada.\",\"publisher\":{\"@id\":\"https:\\\/\\\/oafdn.ca\\\/#organization\"},\"potentialAction\":[{\"@type\":\"SearchAction\",\"target\":{\"@type\":\"EntryPoint\",\"urlTemplate\":\"https:\\\/\\\/oafdn.ca\\\/?s={search_term_string}\"},\"query-input\":{\"@type\":\"PropertyValueSpecification\",\"valueRequired\":true,\"valueName\":\"search_term_string\"}}],\"inLanguage\":\"fr-CA\"},{\"@type\":\"Organization\",\"@id\":\"https:\\\/\\\/oafdn.ca\\\/#organization\",\"name\":\"Ontario Arts Foundation\",\"url\":\"https:\\\/\\\/oafdn.ca\\\/\",\"logo\":{\"@type\":\"ImageObject\",\"inLanguage\":\"fr-CA\",\"@id\":\"https:\\\/\\\/oafdn.ca\\\/#\\\/schema\\\/logo\\\/image\\\/\",\"url\":\"https:\\\/\\\/oafdn.ca\\\/wp-content\\\/uploads\\\/2022\\\/02\\\/logo1-1.png\",\"contentUrl\":\"https:\\\/\\\/oafdn.ca\\\/wp-content\\\/uploads\\\/2022\\\/02\\\/logo1-1.png\",\"width\":1761,\"height\":487,\"caption\":\"Ontario Arts Foundation\"},\"image\":{\"@id\":\"https:\\\/\\\/oafdn.ca\\\/#\\\/schema\\\/logo\\\/image\\\/\"},\"sameAs\":[\"https:\\\/\\\/www.facebook.com\\\/OntarioArtsFoundation\\\/\",\"https:\\\/\\\/x.com\\\/OntarioArtsFdn\"]},{\"@type\":\"Person\",\"@id\":\"https:\\\/\\\/oafdn.ca\\\/#\\\/schema\\\/person\\\/b893c83f8d17832b2031438fb2600346\",\"name\":\"Ann Boyd\",\"image\":{\"@type\":\"ImageObject\",\"inLanguage\":\"fr-CA\",\"@id\":\"https:\\\/\\\/secure.gravatar.com\\\/avatar\\\/3b0ff19b5f1db9039691093ab8a4fa59b63663f8a53ccdd29a2ffaf9db272915?s=96&d=mm&r=g\",\"url\":\"https:\\\/\\\/secure.gravatar.com\\\/avatar\\\/3b0ff19b5f1db9039691093ab8a4fa59b63663f8a53ccdd29a2ffaf9db272915?s=96&d=mm&r=g\",\"contentUrl\":\"https:\\\/\\\/secure.gravatar.com\\\/avatar\\\/3b0ff19b5f1db9039691093ab8a4fa59b63663f8a53ccdd29a2ffaf9db272915?s=96&d=mm&r=g\",\"caption\":\"Ann Boyd\"},\"url\":\"https:\\\/\\\/oafdn.ca\\\/fr\\\/author\\\/aboydoafdn-ca\\\/\"}]}<\/script>\n<!-- \/ Yoast SEO plugin. -->","yoast_head_json":{"title":"Debbie Patterson Awarded the 2026 Gina Wilkinson Prize - Ontario Arts Foundation","robots":{"index":"index","follow":"follow","max-snippet":"max-snippet:-1","max-image-preview":"max-image-preview:large","max-video-preview":"max-video-preview:-1"},"canonical":"https:\/\/oafdn.ca\/fr\/debbie-patterson-awarded-the-2026-gina-wilkinson-prize\/","og_locale":"fr_CA","og_type":"article","og_title":"Debbie Patterson Awarded the 2026 Gina Wilkinson Prize - Ontario Arts Foundation","og_description":"Toronto \u2013March 10, 2026\u2013 The Gina Wilkinson Prize Committee is pleased to announce Debbie Patterson as the recipient of the 15th annual Gina Wilkinson Prize. Gina\u2019s Prize recognizes theatre artists from underrepresented genders including cis women, trans women, and non-binary peoples with demonstrated bodies of work, who are recognized by their communities for their practice, [&hellip;]","og_url":"https:\/\/oafdn.ca\/fr\/debbie-patterson-awarded-the-2026-gina-wilkinson-prize\/","og_site_name":"Ontario Arts Foundation","article_publisher":"https:\/\/www.facebook.com\/OntarioArtsFoundation\/","article_published_time":"2026-03-10T15:45:56+00:00","article_modified_time":"2026-03-10T15:56:21+00:00","og_image":[{"url":"https:\/\/oafdn.ca\/wp-content\/uploads\/2026\/03\/DebbiePatterson.jpg","type":"","width":"","height":""}],"author":"Ann Boyd","twitter_card":"summary_large_image","twitter_creator":"@OntarioArtsFdn","twitter_site":"@OntarioArtsFdn","twitter_misc":{"\u00c9crit par":"Ann Boyd","Estimation du temps de lecture":"8 minutes"},"schema":{"@context":"https:\/\/schema.org","@graph":[{"@type":"Article","@id":"https:\/\/oafdn.ca\/debbie-patterson-awarded-the-2026-gina-wilkinson-prize\/#article","isPartOf":{"@id":"https:\/\/oafdn.ca\/debbie-patterson-awarded-the-2026-gina-wilkinson-prize\/"},"author":{"name":"Ann Boyd","@id":"https:\/\/oafdn.ca\/#\/schema\/person\/b893c83f8d17832b2031438fb2600346"},"headline":"Debbie Patterson Awarded the 2026 Gina Wilkinson Prize","datePublished":"2026-03-10T15:45:56+00:00","dateModified":"2026-03-10T15:56:21+00:00","mainEntityOfPage":{"@id":"https:\/\/oafdn.ca\/debbie-patterson-awarded-the-2026-gina-wilkinson-prize\/"},"wordCount":1656,"publisher":{"@id":"https:\/\/oafdn.ca\/#organization"},"image":{"@id":"https:\/\/oafdn.ca\/debbie-patterson-awarded-the-2026-gina-wilkinson-prize\/#primaryimage"},"thumbnailUrl":"https:\/\/oafdn.ca\/wp-content\/uploads\/2026\/03\/DebbiePatterson.jpg","articleSection":["News Release"],"inLanguage":"fr-CA"},{"@type":"WebPage","@id":"https:\/\/oafdn.ca\/debbie-patterson-awarded-the-2026-gina-wilkinson-prize\/","url":"https:\/\/oafdn.ca\/debbie-patterson-awarded-the-2026-gina-wilkinson-prize\/","name":"Debbie Patterson Awarded the 2026 Gina Wilkinson Prize - Ontario Arts Foundation","isPartOf":{"@id":"https:\/\/oafdn.ca\/#website"},"primaryImageOfPage":{"@id":"https:\/\/oafdn.ca\/debbie-patterson-awarded-the-2026-gina-wilkinson-prize\/#primaryimage"},"image":{"@id":"https:\/\/oafdn.ca\/debbie-patterson-awarded-the-2026-gina-wilkinson-prize\/#primaryimage"},"thumbnailUrl":"https:\/\/oafdn.ca\/wp-content\/uploads\/2026\/03\/DebbiePatterson.jpg","datePublished":"2026-03-10T15:45:56+00:00","dateModified":"2026-03-10T15:56:21+00:00","breadcrumb":{"@id":"https:\/\/oafdn.ca\/debbie-patterson-awarded-the-2026-gina-wilkinson-prize\/#breadcrumb"},"inLanguage":"fr-CA","potentialAction":[{"@type":"ReadAction","target":["https:\/\/oafdn.ca\/debbie-patterson-awarded-the-2026-gina-wilkinson-prize\/"]}]},{"@type":"ImageObject","inLanguage":"fr-CA","@id":"https:\/\/oafdn.ca\/debbie-patterson-awarded-the-2026-gina-wilkinson-prize\/#primaryimage","url":"https:\/\/oafdn.ca\/wp-content\/uploads\/2026\/03\/DebbiePatterson.jpg","contentUrl":"https:\/\/oafdn.ca\/wp-content\/uploads\/2026\/03\/DebbiePatterson.jpg"},{"@type":"BreadcrumbList","@id":"https:\/\/oafdn.ca\/debbie-patterson-awarded-the-2026-gina-wilkinson-prize\/#breadcrumb","itemListElement":[{"@type":"ListItem","position":1,"name":"Home","item":"https:\/\/oafdn.ca\/"},{"@type":"ListItem","position":2,"name":"Debbie Patterson Awarded the 2026 Gina Wilkinson Prize"}]},{"@type":"WebSite","@id":"https:\/\/oafdn.ca\/#website","url":"https:\/\/oafdn.ca\/","name":"Fondation des arts de l'Ontario","description":"The Ontario Arts Foundation is a non-governmental not for profit organization established in 1991 under the Ontario Corporations Act to encourage and facilitate private giving to the arts in Ontario, Canada.","publisher":{"@id":"https:\/\/oafdn.ca\/#organization"},"potentialAction":[{"@type":"SearchAction","target":{"@type":"EntryPoint","urlTemplate":"https:\/\/oafdn.ca\/?s={search_term_string}"},"query-input":{"@type":"PropertyValueSpecification","valueRequired":true,"valueName":"search_term_string"}}],"inLanguage":"fr-CA"},{"@type":"Organization","@id":"https:\/\/oafdn.ca\/#organization","name":"Fondation des arts de l'Ontario","url":"https:\/\/oafdn.ca\/","logo":{"@type":"ImageObject","inLanguage":"fr-CA","@id":"https:\/\/oafdn.ca\/#\/schema\/logo\/image\/","url":"https:\/\/oafdn.ca\/wp-content\/uploads\/2022\/02\/logo1-1.png","contentUrl":"https:\/\/oafdn.ca\/wp-content\/uploads\/2022\/02\/logo1-1.png","width":1761,"height":487,"caption":"Ontario Arts Foundation"},"image":{"@id":"https:\/\/oafdn.ca\/#\/schema\/logo\/image\/"},"sameAs":["https:\/\/www.facebook.com\/OntarioArtsFoundation\/","https:\/\/x.com\/OntarioArtsFdn"]},{"@type":"Person","@id":"https:\/\/oafdn.ca\/#\/schema\/person\/b893c83f8d17832b2031438fb2600346","name":"Ann Boyd","image":{"@type":"ImageObject","inLanguage":"fr-CA","@id":"https:\/\/secure.gravatar.com\/avatar\/3b0ff19b5f1db9039691093ab8a4fa59b63663f8a53ccdd29a2ffaf9db272915?s=96&d=mm&r=g","url":"https:\/\/secure.gravatar.com\/avatar\/3b0ff19b5f1db9039691093ab8a4fa59b63663f8a53ccdd29a2ffaf9db272915?s=96&d=mm&r=g","contentUrl":"https:\/\/secure.gravatar.com\/avatar\/3b0ff19b5f1db9039691093ab8a4fa59b63663f8a53ccdd29a2ffaf9db272915?s=96&d=mm&r=g","caption":"Ann Boyd"},"url":"https:\/\/oafdn.ca\/fr\/author\/aboydoafdn-ca\/"}]}},"_links":{"self":[{"href":"https:\/\/oafdn.ca\/fr\/wp-json\/wp\/v2\/posts\/143142","targetHints":{"allow":["GET"]}}],"collection":[{"href":"https:\/\/oafdn.ca\/fr\/wp-json\/wp\/v2\/posts"}],"about":[{"href":"https:\/\/oafdn.ca\/fr\/wp-json\/wp\/v2\/types\/post"}],"author":[{"embeddable":true,"href":"https:\/\/oafdn.ca\/fr\/wp-json\/wp\/v2\/users\/316"}],"replies":[{"embeddable":true,"href":"https:\/\/oafdn.ca\/fr\/wp-json\/wp\/v2\/comments?post=143142"}],"version-history":[{"count":31,"href":"https:\/\/oafdn.ca\/fr\/wp-json\/wp\/v2\/posts\/143142\/revisions"}],"predecessor-version":[{"id":143177,"href":"https:\/\/oafdn.ca\/fr\/wp-json\/wp\/v2\/posts\/143142\/revisions\/143177"}],"wp:attachment":[{"href":"https:\/\/oafdn.ca\/fr\/wp-json\/wp\/v2\/media?parent=143142"}],"wp:term":[{"taxonomy":"category","embeddable":true,"href":"https:\/\/oafdn.ca\/fr\/wp-json\/wp\/v2\/categories?post=143142"},{"taxonomy":"post_tag","embeddable":true,"href":"https:\/\/oafdn.ca\/fr\/wp-json\/wp\/v2\/tags?post=143142"}],"curies":[{"name":"wp","href":"https:\/\/api.w.org\/{rel}","templated":true}]}}