{"id":122497,"date":"2023-01-30T19:51:38","date_gmt":"2023-01-30T19:51:38","guid":{"rendered":"https:\/\/ontarioartsfoundation.ca\/?p=122497"},"modified":"2023-01-31T20:23:03","modified_gmt":"2023-01-31T20:23:03","slug":"2023-christina-and-louis-quilico-awards-vocal-competition-announced","status":"publish","type":"post","link":"https:\/\/oafdn.ca\/fr\/2023-christina-and-louis-quilico-awards-vocal-competition-announced\/","title":{"rendered":"Comp\u00e9tition vocale 2023 pour les prix Christina et Louis Quilico"},"content":{"rendered":"<div data-elementor-type=\"wp-post\" data-elementor-id=\"122497\" class=\"elementor elementor-122497\" wpc-filter-elementor-widget=\"1\">\n\t\t\t\t\t\t<section class=\"elementor-section elementor-top-section elementor-element elementor-element-e7e4dbb elementor-section-boxed elementor-section-height-default elementor-section-height-default\" data-id=\"e7e4dbb\" data-element_type=\"section\" data-e-type=\"section\">\n\t\t\t\t\t\t<div class=\"elementor-container elementor-column-gap-default\">\n\t\t\t\t\t<div class=\"elementor-column elementor-col-100 elementor-top-column elementor-element elementor-element-db9cc48\" data-id=\"db9cc48\" data-element_type=\"column\" data-e-type=\"column\">\n\t\t\t<div class=\"elementor-widget-wrap elementor-element-populated\">\n\t\t\t\t\t\t<div class=\"elementor-element elementor-element-b0d25e1 elementor-widget elementor-widget-text-editor\" data-id=\"b0d25e1\" data-element_type=\"widget\" data-e-type=\"widget\" data-widget_type=\"text-editor.default\">\n\t\t\t\t<div class=\"elementor-widget-container\">\n\t\t\t\t\t\t\t\t\t<p class=\"translation-block\">Toronto \u2013 le 30 janvier 2023 \u2013 La Fondation des arts de l\u2019Ontario a le plaisir d\u2019annoncer la sixi\u00e8me comp\u00e9tition vocale biennale pour les prix Christina et Louis Quilico avec les jeunes \u00e9toiles en devenir du Canadian Opera Company Ensemble Studio.<\/p><figure id=\"attachment_122507\" aria-describedby=\"caption-attachment-122507\" style=\"width: 1024px\" class=\"wp-caption aligncenter\"><img fetchpriority=\"high\" decoding=\"async\" class=\"wp-image-122507 size-large\" src=\"https:\/\/oafdn.ca\/wp-content\/uploads\/2023\/01\/DSC_2731_ed-resized-1024x681.jpg\" alt=\"9 people dressed nicely 4 of them are sitting on the cough\" width=\"1024\" height=\"681\" srcset=\"https:\/\/oafdn.ca\/wp-content\/uploads\/2023\/01\/DSC_2731_ed-resized-1024x681.jpg 1024w, https:\/\/oafdn.ca\/wp-content\/uploads\/2023\/01\/DSC_2731_ed-resized-300x200.jpg 300w, https:\/\/oafdn.ca\/wp-content\/uploads\/2023\/01\/DSC_2731_ed-resized-768x511.jpg 768w, https:\/\/oafdn.ca\/wp-content\/uploads\/2023\/01\/DSC_2731_ed-resized-1536x1022.jpg 1536w, https:\/\/oafdn.ca\/wp-content\/uploads\/2023\/01\/DSC_2731_ed-resized-2048x1363.jpg 2048w, https:\/\/oafdn.ca\/wp-content\/uploads\/2023\/01\/DSC_2731_ed-resized-18x12.jpg 18w\" sizes=\"(max-width: 1024px) 100vw, 1024px\" \/><figcaption id=\"caption-attachment-122507\" class=\"wp-caption-text\">Artistes du 2022\/2023 COC Ensemble Studio, (Photo: Gaetz Photography)<\/figcaption><\/figure><p class=\"translation-block\">La comp\u00e9tition aura lieu le 6 f\u00e9vrier de 17h30 \u00e0 19h30 dans l\u2019Amphith\u00e9\u00e2tre Richard Bradshaw au Four Seasons Centre for the Performing Arts. La comp\u00e9tition sera jug\u00e9e par un panel compos\u00e9 de Perryn Leech, Directeur g\u00e9n\u00e9ral de la COC, Carolyn Sproule, Chanteuse mezzo-soprano canadienne, et Steven Philcox, pianiste collaborateur canadien. Les jeunes chanteurs participants \u00e0 la comp\u00e9tition le 6 f\u00e9vrier chanteront pour des prix en argent en interpr\u00e9tant un air de leur choix et un air choisi par les juges.<\/p><p class=\"translation-block\">\u00ab Louis avait voulu \u00e9tablir (ce prix) avant sa mort, \u00bb explique Christina Petrowska Quilico. \u00ab C'\u00e9tait vraiment sa vision d\u2019aider les jeunes chanteurs d'op\u00e9ra. Le lancement d'un prix a \u00e9t\u00e9 quelque chose que nous pouvions faire pour l\u00e9guer un h\u00e9ritage \u00e0 la m\u00e9moire de la r\u00e9ussite de Louis en tant que chanteur et en tant que soutien aux g\u00e9n\u00e9rations futures. \u00bb<\/p><p>Les laur\u00e9ats et laur\u00e9ates pr\u00e9c\u00e9dent(e)s sont Rihab Chaieb (ancien membre du Lindemann Young Artist Program du Metropolitan Opera et laur\u00e9at du troisi\u00e8me prix Operalia en 2018), Emily D'Angelo (laur\u00e9ate des finales de l'audition du Conseil national du Metropolitan Opera 2016 et laur\u00e9ate du premier prix Operalia en 2018, Zarzuela Prix, Prix Birgit Nilsson et Prix du public) et Claire de S\u00e9vign\u00e9 (en nomination pour le Prix JUNO de l\u2019Album classique de l\u2019ann\u00e9e).<\/p><p><span style=\"color: #636466; font-family: Helvetica;\">Cet \u00e9v\u00e9nement est gratuit et ouvert au grand public. Les portes ouvriront \u00e0 17h. Les places sont disponibles sur la base du\u00ab premier arriv\u00e9, premier servi\u00bb et sont limit\u00e9es.<\/span><\/p><div><span style=\"color: #5675b8; font-family: Helvetica;\"><b>A propos de L\u2019Ensemble Studio<br \/><\/b><\/span><\/div><div>\u00a0<\/div><p><span style=\"color: #636466; font-family: Helvetica;\">Le COC Ensemble Studio est Ie principal programme de formation pour les jeunes professionnels de l'op\u00e9ra au Canada. Depuis la cr\u00e9ation du programme en 1980, plus de 220 jeunes chanteurs professionnels canadiens, r\u00e9p\u00e9titeurs, metteurs en sc\u00e8ne et chefs d'orchestre ont acquis leur premi\u00e8re exp\u00e9rience professionnelle en op\u00e9ra au sein de l'Ensemble Studio. Les anciens membres comptent Ben Heppner, Isabel Bayrakdarian, John Fanning, Wendy Nielsen, Joseph Kaiser, David Pomeroy, Allyson McHardy et Krisztina Szab\u00f3.\u00a0<\/span><\/p><p>Les membres de l\u2019Ensemble Studio sont les artistes r\u00e9sidents du COC et les ambassadeurs importants de la compagnie. Ils re\u00e7oivent un m\u00e9lange d'\u00e9tudes avanc\u00e9es et d'exp\u00e9riences pratiques au travers d'un programme pluriannuel personnalis\u00e9, comprenant des r\u00f4les de doublure et des r\u00f4les de soliste, un coaching vocal intensif, des \u00e9tudes de jeux et de langues, et un d\u00e9veloppement des comp\u00e9tences professionnelles, ainsi que la participation \u00e0 des classes de maitre avec des professionnels de l'op\u00e9ra de renomm\u00e9e internationale.<\/p><p>Les membres de l'Ensemble Studio sont les artistes r\u00e9sidents du COC et d'importants ambassadeurs communautaires de la compagnie. Gr\u00e2ce \u00e0 des performances et \u00e0 des collaborations avec des \u00e9coles et des organisations locales, les membres de l'Ensemble sont souvent le premier point de contact avec l'op\u00e9ra pour beaucoup ; leur participation continue dans ce domaine fait partie int\u00e9grante de la cr\u00e9ation d'opportunit\u00e9s inclusives et accueillantes pour que davantage de personnes s'engagent dans cette forme d'art.<\/p><div>\u00a0<\/div><p><span style=\"color: #5675b8; font-family: Helvetica;\"><b>A propos les prix Christina et Louis Quilico<\/b><\/span><span style=\"color: #636466; font-family: Helvetica;\"><b><span class=\"blue\">\u00a0<\/span><\/b><\/span><\/p><p class=\"translation-block\">Christina Petrowska-Quilico, C.M., OOnt, FRSC a cr\u00e9\u00e9 le Fonds Christina et Louis Quilico en 2000 en hommage \u00e0 son d\u00e9funt mari, le baryton r\u00e9put\u00e9 Louis Quilico, et pour reconna\u00eetre de jeunes chanteurs et chanteuses. Durant ses 45 ann\u00e9es pass\u00e9es sur la sc\u00e8ne, Louis Quilico a figur\u00e9 aux m\u00eames g\u00e9n\u00e9riques que Luciano Pavarotti, Placido Domingo, Jos\u00e9 Carreras, Joan Sutherland et Renata Tebaldi. Il a aussi contribu\u00e9 \u00e0 faire avancer la carri\u00e8re de nombreux jeunes chanteurs et chanteuses, gr\u00e2ce \u00e0 son enseignement et aux ateliers ma\u00eetres qu\u2019il donnait. La Fondation des arts de l\u2019Ontario g\u00e8re le fonds de dotations qui finance les Prix Christina et Louis Quilico.<\/p>\t\t\t\t\t\t\t\t<\/div>\n\t\t\t\t<\/div>\n\t\t\t\t<div class=\"elementor-element elementor-element-20d98a5 elementor-widget elementor-widget-text-editor\" data-id=\"20d98a5\" data-element_type=\"widget\" data-e-type=\"widget\" data-widget_type=\"text-editor.default\">\n\t\t\t\t<div class=\"elementor-widget-container\">\n\t\t\t\t\t\t\t\t\t<p>-30-<\/p>\t\t\t\t\t\t\t\t<\/div>\n\t\t\t\t<\/div>\n\t\t\t\t<div class=\"elementor-element elementor-element-193e4e4 elementor-widget elementor-widget-text-editor\" data-id=\"193e4e4\" data-element_type=\"widget\" data-e-type=\"widget\" data-widget_type=\"text-editor.default\">\n\t\t\t\t<div class=\"elementor-widget-container\">\n\t\t\t\t\t\t\t\t\t<p>\u00a0<strong><span class=\"plain_grey\">Pour plus d\u2019information, veuillez contacter:<\/span><\/strong><\/p>\t\t\t\t\t\t\t\t<\/div>\n\t\t\t\t<\/div>\n\t\t\t\t\t<\/div>\n\t\t<\/div>\n\t\t\t\t\t<\/div>\n\t\t<\/section>\n\t\t\t\t<section class=\"elementor-section elementor-top-section elementor-element elementor-element-6d87f68 elementor-section-boxed elementor-section-height-default elementor-section-height-default\" data-id=\"6d87f68\" data-element_type=\"section\" data-e-type=\"section\">\n\t\t\t\t\t\t<div class=\"elementor-container elementor-column-gap-default\">\n\t\t\t\t\t<div class=\"elementor-column elementor-col-50 elementor-top-column elementor-element elementor-element-90c7dd9\" data-id=\"90c7dd9\" data-element_type=\"column\" data-e-type=\"column\">\n\t\t\t<div class=\"elementor-widget-wrap elementor-element-populated\">\n\t\t\t\t\t\t<div class=\"elementor-element elementor-element-ee7c225 elementor-widget elementor-widget-text-editor\" data-id=\"ee7c225\" data-element_type=\"widget\" data-e-type=\"widget\" data-widget_type=\"text-editor.default\">\n\t\t\t\t<div class=\"elementor-widget-container\">\n\t\t\t\t\t\t\t\t\t<p>Bruce Bennett,  directeur g\u00e9n\u00e9ral<br \/>Fondation des arts de l'Ontario<br \/>Tel: (416) 969-7411<br \/><a href=\"mailto:bbennett@oafdn.ca\">bbennett@oafdn.ca<\/a><\/p>\t\t\t\t\t\t\t\t<\/div>\n\t\t\t\t<\/div>\n\t\t\t\t\t<\/div>\n\t\t<\/div>\n\t\t\t\t<div class=\"elementor-column elementor-col-50 elementor-top-column elementor-element elementor-element-6c192bf\" data-id=\"6c192bf\" data-element_type=\"column\" data-e-type=\"column\">\n\t\t\t<div class=\"elementor-widget-wrap elementor-element-populated\">\n\t\t\t\t\t\t<div class=\"elementor-element elementor-element-ea7cb00 elementor-widget elementor-widget-text-editor\" data-id=\"ea7cb00\" data-element_type=\"widget\" data-e-type=\"widget\" data-widget_type=\"text-editor.default\">\n\t\t\t\t<div class=\"elementor-widget-container\">\n\t\t\t\t\t\t\t\t\t<p class=\"translation-block\">Davin Leivonen-Fok, coordinateur des communications<br>Canadian Opera Company<br>Tel: (416) 306-2330<br><a href=\"mailto:davinlf@coc.ca\" target=\"_self\">davinlf@coc.ca<\/a><\/p>\t\t\t\t\t\t\t\t<\/div>\n\t\t\t\t<\/div>\n\t\t\t\t\t<\/div>\n\t\t<\/div>\n\t\t\t\t\t<\/div>\n\t\t<\/section>\n\t\t\t\t<section class=\"elementor-section elementor-top-section elementor-element elementor-element-20164a1 elementor-section-boxed elementor-section-height-default elementor-section-height-default\" data-id=\"20164a1\" data-element_type=\"section\" data-e-type=\"section\">\n\t\t\t\t\t\t<div class=\"elementor-container elementor-column-gap-default\">\n\t\t\t\t\t<div class=\"elementor-column elementor-col-100 elementor-top-column elementor-element elementor-element-7a17ccb\" data-id=\"7a17ccb\" data-element_type=\"column\" data-e-type=\"column\">\n\t\t\t<div class=\"elementor-widget-wrap elementor-element-populated\">\n\t\t\t\t\t\t<div class=\"elementor-element elementor-element-45c3b62 elementor-widget elementor-widget-text-editor\" data-id=\"45c3b62\" data-element_type=\"widget\" data-e-type=\"widget\" data-widget_type=\"text-editor.default\">\n\t\t\t\t<div class=\"elementor-widget-container\">\n\t\t\t\t\t\t\t\t\t<p>\u00a0<em>This document is also available in English.<\/em><\/p>\t\t\t\t\t\t\t\t<\/div>\n\t\t\t\t<\/div>\n\t\t\t\t\t<\/div>\n\t\t<\/div>\n\t\t\t\t\t<\/div>\n\t\t<\/section>\n\t\t\t\t<section class=\"elementor-section elementor-top-section elementor-element elementor-element-b59d62f elementor-section-boxed elementor-section-height-default elementor-section-height-default\" data-id=\"b59d62f\" data-element_type=\"section\" data-e-type=\"section\">\n\t\t\t\t\t\t<div class=\"elementor-container elementor-column-gap-default\">\n\t\t\t\t\t<div class=\"elementor-column elementor-col-100 elementor-top-column elementor-element elementor-element-c99418c\" data-id=\"c99418c\" data-element_type=\"column\" data-e-type=\"column\">\n\t\t\t<div class=\"elementor-widget-wrap elementor-element-populated\">\n\t\t\t\t\t\t<div class=\"elementor-element elementor-element-5a39a95 elementor-widget elementor-widget-text-editor\" data-id=\"5a39a95\" data-element_type=\"widget\" data-e-type=\"widget\" data-widget_type=\"text-editor.default\">\n\t\t\t\t<div class=\"elementor-widget-container\">\n\t\t\t\t\t\t\t\t\t<p style=\"font-weight: 400;\">\u00a0<b><strong>Pour plus d\u2019information, veuillez contacter:<\/strong><\/b><\/p><p style=\"font-weight: 400;\"><em>La Fondation des arts de l'Ontario (FAO) est passionn\u00e9ment engag\u00e9e \u00e0 renforcer le soutien \u00e0 long terme pour les arts en Ontario. En 2021-2022, la FAO a vers\u00e9 plus de 4,4 millions de dollars en revenus de dotation et 300 000 dollars en prix et bourses.<br \/><\/em><\/p><p style=\"font-weight: 400;\" class=\"translation-block\">Bas\u00e9e \u00e0 Toronto, la Canadian Opera Company est le plus important producteur d'op\u00e9ras au Canada et l'un des plus importants d'Am\u00e9rique du Nord. Le COC b\u00e9n\u00e9ficie d'une base de soutien fid\u00e8le et d'un des taux de participation et d'abonnement les plus \u00e9lev\u00e9s en Am\u00e9rique du Nord. Sous la direction du directeur g\u00e9n\u00e9ral Perryn Leech et du directeur musical Johannes Debus, le COC attire de plus en plus l'attention du monde de l'op\u00e9ra. Le COC maintient sa r\u00e9putation internationale d'excellence artistique et d'innovation cr\u00e9ative en cr\u00e9ant de nouvelles productions au sein de son r\u00e9pertoire diversifi\u00e9, en collaborant avec des compagnies d'op\u00e9ra et des festivals, et en attirant les plus grands artistes canadiens et internationaux. Le COC se produit dans son propre op\u00e9ra, le Four Seasons Centre for the Performing Arts, salu\u00e9 \u00e0 l'\u00e9chelle internationale comme l'un des meilleurs au monde. Pour plus d'information sur le COC, visitez coc.ca.<\/p>\t\t\t\t\t\t\t\t<\/div>\n\t\t\t\t<\/div>\n\t\t\t\t\t<\/div>\n\t\t<\/div>\n\t\t\t\t\t<\/div>\n\t\t<\/section>\n\t\t\t\t<\/div>","protected":false},"excerpt":{"rendered":"<p>Toronto,\u00a0January 30, 2023 &#8211;\u00a0\u00a0The Ontario Arts Foundation is pleased to announce the sixth biennial\u00a0Christina and Louis Quilico Awards, a vocal competition featuring the rising young stars of the Canadian Opera Company Ensemble Studio.\u00a0 This event marks the 20th anniversary of the launch of the prize. The competition will take place on\u00a0February 6, 2023 from 5:30 [&hellip;]<\/p>\n","protected":false},"author":1,"featured_media":0,"comment_status":"closed","ping_status":"closed","sticky":false,"template":"","format":"standard","meta":{"_acf_changed":false,"give_campaign_id":0,"nf_dc_page":"","site-sidebar-layout":"default","site-content-layout":"","ast-site-content-layout":"default","site-content-style":"default","site-sidebar-style":"default","ast-global-header-display":"","ast-banner-title-visibility":"","ast-main-header-display":"","ast-hfb-above-header-display":"","ast-hfb-below-header-display":"","ast-hfb-mobile-header-display":"","site-post-title":"","ast-breadcrumbs-content":"","ast-featured-img":"","footer-sml-layout":"","ast-disable-related-posts":"","theme-transparent-header-meta":"","adv-header-id-meta":"","stick-header-meta":"","header-above-stick-meta":"","header-main-stick-meta":"","header-below-stick-meta":"","astra-migrate-meta-layouts":"default","ast-page-background-enabled":"default","ast-page-background-meta":{"desktop":{"background-color":"","background-image":"","background-repeat":"repeat","background-position":"center center","background-size":"auto","background-attachment":"scroll","background-type":"","background-media":"","overlay-type":"","overlay-color":"","overlay-opacity":"","overlay-gradient":""},"tablet":{"background-color":"","background-image":"","background-repeat":"repeat","background-position":"center center","background-size":"auto","background-attachment":"scroll","background-type":"","background-media":"","overlay-type":"","overlay-color":"","overlay-opacity":"","overlay-gradient":""},"mobile":{"background-color":"","background-image":"","background-repeat":"repeat","background-position":"center center","background-size":"auto","background-attachment":"scroll","background-type":"","background-media":"","overlay-type":"","overlay-color":"","overlay-opacity":"","overlay-gradient":""}},"ast-content-background-meta":{"desktop":{"background-color":"var(--ast-global-color-5)","background-image":"","background-repeat":"repeat","background-position":"center center","background-size":"auto","background-attachment":"scroll","background-type":"","background-media":"","overlay-type":"","overlay-color":"","overlay-opacity":"","overlay-gradient":""},"tablet":{"background-color":"var(--ast-global-color-5)","background-image":"","background-repeat":"repeat","background-position":"center center","background-size":"auto","background-attachment":"scroll","background-type":"","background-media":"","overlay-type":"","overlay-color":"","overlay-opacity":"","overlay-gradient":""},"mobile":{"background-color":"var(--ast-global-color-5)","background-image":"","background-repeat":"repeat","background-position":"center center","background-size":"auto","background-attachment":"scroll","background-type":"","background-media":"","overlay-type":"","overlay-color":"","overlay-opacity":"","overlay-gradient":""}},"footnotes":""},"categories":[18],"tags":[],"class_list":["post-122497","post","type-post","status-publish","format-standard","hentry","category-news-release"],"acf":[],"yoast_head":"<!-- This site is optimized with the Yoast SEO plugin v27.4 - https:\/\/yoast.com\/product\/yoast-seo-wordpress\/ -->\n<title>2023 Christina and Louis Quilico Awards vocal competition announced - Ontario Arts Foundation<\/title>\n<meta name=\"robots\" content=\"index, follow, max-snippet:-1, max-image-preview:large, max-video-preview:-1\" \/>\n<link rel=\"canonical\" href=\"https:\/\/oafdn.ca\/fr\/2023-christina-and-louis-quilico-awards-vocal-competition-announced\/\" \/>\n<meta property=\"og:locale\" content=\"fr_CA\" \/>\n<meta property=\"og:type\" content=\"article\" \/>\n<meta property=\"og:title\" content=\"2023 Christina and Louis Quilico Awards vocal competition announced - Ontario Arts Foundation\" \/>\n<meta property=\"og:description\" content=\"Toronto,\u00a0January 30, 2023 &#8211;\u00a0\u00a0The Ontario Arts Foundation is pleased to announce the sixth biennial\u00a0Christina and Louis Quilico Awards, a vocal competition featuring the rising young stars of the Canadian Opera Company Ensemble Studio.\u00a0 This event marks the 20th anniversary of the launch of the prize. The competition will take place on\u00a0February 6, 2023 from 5:30 [&hellip;]\" \/>\n<meta property=\"og:url\" content=\"https:\/\/oafdn.ca\/fr\/2023-christina-and-louis-quilico-awards-vocal-competition-announced\/\" \/>\n<meta property=\"og:site_name\" content=\"Ontario Arts Foundation\" \/>\n<meta property=\"article:publisher\" content=\"https:\/\/www.facebook.com\/OntarioArtsFoundation\/\" \/>\n<meta property=\"article:published_time\" content=\"2023-01-30T19:51:38+00:00\" \/>\n<meta property=\"article:modified_time\" content=\"2023-01-31T20:23:03+00:00\" \/>\n<meta property=\"og:image\" content=\"https:\/\/oafdn.ca\/wp-content\/uploads\/2023\/01\/DSC_2731_ed-resized-scaled.jpg\" \/>\n\t<meta property=\"og:image:width\" content=\"2560\" \/>\n\t<meta property=\"og:image:height\" content=\"1704\" \/>\n\t<meta property=\"og:image:type\" content=\"image\/jpeg\" \/>\n<meta name=\"author\" content=\"tugrul\" \/>\n<meta name=\"twitter:card\" content=\"summary_large_image\" \/>\n<meta name=\"twitter:creator\" content=\"@OntarioArtsFdn\" \/>\n<meta name=\"twitter:site\" content=\"@OntarioArtsFdn\" \/>\n<meta name=\"twitter:label1\" content=\"\u00c9crit par\" \/>\n\t<meta name=\"twitter:data1\" content=\"tugrul\" \/>\n\t<meta name=\"twitter:label2\" content=\"Estimation du temps de lecture\" \/>\n\t<meta name=\"twitter:data2\" content=\"4 minutes\" \/>\n<script type=\"application\/ld+json\" class=\"yoast-schema-graph\">{\"@context\":\"https:\\\/\\\/schema.org\",\"@graph\":[{\"@type\":\"Article\",\"@id\":\"https:\\\/\\\/oafdn.ca\\\/2023-christina-and-louis-quilico-awards-vocal-competition-announced\\\/#article\",\"isPartOf\":{\"@id\":\"https:\\\/\\\/oafdn.ca\\\/2023-christina-and-louis-quilico-awards-vocal-competition-announced\\\/\"},\"author\":{\"name\":\"tugrul\",\"@id\":\"https:\\\/\\\/oafdn.ca\\\/#\\\/schema\\\/person\\\/9cf84eae88a4fa075dd8cb6ae344f0ac\"},\"headline\":\"2023 Christina and Louis Quilico Awards vocal competition announced\",\"datePublished\":\"2023-01-30T19:51:38+00:00\",\"dateModified\":\"2023-01-31T20:23:03+00:00\",\"mainEntityOfPage\":{\"@id\":\"https:\\\/\\\/oafdn.ca\\\/2023-christina-and-louis-quilico-awards-vocal-competition-announced\\\/\"},\"wordCount\":795,\"publisher\":{\"@id\":\"https:\\\/\\\/oafdn.ca\\\/#organization\"},\"image\":{\"@id\":\"https:\\\/\\\/oafdn.ca\\\/2023-christina-and-louis-quilico-awards-vocal-competition-announced\\\/#primaryimage\"},\"thumbnailUrl\":\"https:\\\/\\\/oafdn.ca\\\/wp-content\\\/uploads\\\/2023\\\/01\\\/DSC_2731_ed-resized-1024x681.jpg\",\"articleSection\":[\"News Release\"],\"inLanguage\":\"fr-CA\"},{\"@type\":\"WebPage\",\"@id\":\"https:\\\/\\\/oafdn.ca\\\/2023-christina-and-louis-quilico-awards-vocal-competition-announced\\\/\",\"url\":\"https:\\\/\\\/oafdn.ca\\\/2023-christina-and-louis-quilico-awards-vocal-competition-announced\\\/\",\"name\":\"2023 Christina and Louis Quilico Awards vocal competition announced - Ontario Arts Foundation\",\"isPartOf\":{\"@id\":\"https:\\\/\\\/oafdn.ca\\\/#website\"},\"primaryImageOfPage\":{\"@id\":\"https:\\\/\\\/oafdn.ca\\\/2023-christina-and-louis-quilico-awards-vocal-competition-announced\\\/#primaryimage\"},\"image\":{\"@id\":\"https:\\\/\\\/oafdn.ca\\\/2023-christina-and-louis-quilico-awards-vocal-competition-announced\\\/#primaryimage\"},\"thumbnailUrl\":\"https:\\\/\\\/oafdn.ca\\\/wp-content\\\/uploads\\\/2023\\\/01\\\/DSC_2731_ed-resized-1024x681.jpg\",\"datePublished\":\"2023-01-30T19:51:38+00:00\",\"dateModified\":\"2023-01-31T20:23:03+00:00\",\"breadcrumb\":{\"@id\":\"https:\\\/\\\/oafdn.ca\\\/2023-christina-and-louis-quilico-awards-vocal-competition-announced\\\/#breadcrumb\"},\"inLanguage\":\"fr-CA\",\"potentialAction\":[{\"@type\":\"ReadAction\",\"target\":[\"https:\\\/\\\/oafdn.ca\\\/2023-christina-and-louis-quilico-awards-vocal-competition-announced\\\/\"]}]},{\"@type\":\"ImageObject\",\"inLanguage\":\"fr-CA\",\"@id\":\"https:\\\/\\\/oafdn.ca\\\/2023-christina-and-louis-quilico-awards-vocal-competition-announced\\\/#primaryimage\",\"url\":\"https:\\\/\\\/oafdn.ca\\\/wp-content\\\/uploads\\\/2023\\\/01\\\/DSC_2731_ed-resized-1024x681.jpg\",\"contentUrl\":\"https:\\\/\\\/oafdn.ca\\\/wp-content\\\/uploads\\\/2023\\\/01\\\/DSC_2731_ed-resized-1024x681.jpg\"},{\"@type\":\"BreadcrumbList\",\"@id\":\"https:\\\/\\\/oafdn.ca\\\/2023-christina-and-louis-quilico-awards-vocal-competition-announced\\\/#breadcrumb\",\"itemListElement\":[{\"@type\":\"ListItem\",\"position\":1,\"name\":\"Home\",\"item\":\"https:\\\/\\\/oafdn.ca\\\/\"},{\"@type\":\"ListItem\",\"position\":2,\"name\":\"2023 Christina and Louis Quilico Awards vocal competition announced\"}]},{\"@type\":\"WebSite\",\"@id\":\"https:\\\/\\\/oafdn.ca\\\/#website\",\"url\":\"https:\\\/\\\/oafdn.ca\\\/\",\"name\":\"Ontario Arts Foundation\",\"description\":\"The Ontario Arts Foundation is a non-governmental not for profit organization established in 1991 under the Ontario Corporations Act to encourage and facilitate private giving to the arts in Ontario, Canada.\",\"publisher\":{\"@id\":\"https:\\\/\\\/oafdn.ca\\\/#organization\"},\"potentialAction\":[{\"@type\":\"SearchAction\",\"target\":{\"@type\":\"EntryPoint\",\"urlTemplate\":\"https:\\\/\\\/oafdn.ca\\\/?s={search_term_string}\"},\"query-input\":{\"@type\":\"PropertyValueSpecification\",\"valueRequired\":true,\"valueName\":\"search_term_string\"}}],\"inLanguage\":\"fr-CA\"},{\"@type\":\"Organization\",\"@id\":\"https:\\\/\\\/oafdn.ca\\\/#organization\",\"name\":\"Ontario Arts Foundation\",\"url\":\"https:\\\/\\\/oafdn.ca\\\/\",\"logo\":{\"@type\":\"ImageObject\",\"inLanguage\":\"fr-CA\",\"@id\":\"https:\\\/\\\/oafdn.ca\\\/#\\\/schema\\\/logo\\\/image\\\/\",\"url\":\"https:\\\/\\\/oafdn.ca\\\/wp-content\\\/uploads\\\/2022\\\/02\\\/logo1-1.png\",\"contentUrl\":\"https:\\\/\\\/oafdn.ca\\\/wp-content\\\/uploads\\\/2022\\\/02\\\/logo1-1.png\",\"width\":1761,\"height\":487,\"caption\":\"Ontario Arts Foundation\"},\"image\":{\"@id\":\"https:\\\/\\\/oafdn.ca\\\/#\\\/schema\\\/logo\\\/image\\\/\"},\"sameAs\":[\"https:\\\/\\\/www.facebook.com\\\/OntarioArtsFoundation\\\/\",\"https:\\\/\\\/x.com\\\/OntarioArtsFdn\"]},{\"@type\":\"Person\",\"@id\":\"https:\\\/\\\/oafdn.ca\\\/#\\\/schema\\\/person\\\/9cf84eae88a4fa075dd8cb6ae344f0ac\",\"name\":\"tugrul\",\"image\":{\"@type\":\"ImageObject\",\"inLanguage\":\"fr-CA\",\"@id\":\"https:\\\/\\\/secure.gravatar.com\\\/avatar\\\/4a398edccd13e67fc11228206372deb53f9dcd8d7a7fccf69e80b739c725ec52?s=96&d=mm&r=g\",\"url\":\"https:\\\/\\\/secure.gravatar.com\\\/avatar\\\/4a398edccd13e67fc11228206372deb53f9dcd8d7a7fccf69e80b739c725ec52?s=96&d=mm&r=g\",\"contentUrl\":\"https:\\\/\\\/secure.gravatar.com\\\/avatar\\\/4a398edccd13e67fc11228206372deb53f9dcd8d7a7fccf69e80b739c725ec52?s=96&d=mm&r=g\",\"caption\":\"tugrul\"},\"sameAs\":[\"http:\"],\"url\":\"https:\\\/\\\/oafdn.ca\\\/fr\\\/author\\\/tugrul\\\/\"}]}<\/script>\n<!-- \/ Yoast SEO plugin. -->","yoast_head_json":{"title":"2023 Christina and Louis Quilico Awards vocal competition announced - Ontario Arts Foundation","robots":{"index":"index","follow":"follow","max-snippet":"max-snippet:-1","max-image-preview":"max-image-preview:large","max-video-preview":"max-video-preview:-1"},"canonical":"https:\/\/oafdn.ca\/fr\/2023-christina-and-louis-quilico-awards-vocal-competition-announced\/","og_locale":"fr_CA","og_type":"article","og_title":"2023 Christina and Louis Quilico Awards vocal competition announced - Ontario Arts Foundation","og_description":"Toronto,\u00a0January 30, 2023 &#8211;\u00a0\u00a0The Ontario Arts Foundation is pleased to announce the sixth biennial\u00a0Christina and Louis Quilico Awards, a vocal competition featuring the rising young stars of the Canadian Opera Company Ensemble Studio.\u00a0 This event marks the 20th anniversary of the launch of the prize. The competition will take place on\u00a0February 6, 2023 from 5:30 [&hellip;]","og_url":"https:\/\/oafdn.ca\/fr\/2023-christina-and-louis-quilico-awards-vocal-competition-announced\/","og_site_name":"Ontario Arts Foundation","article_publisher":"https:\/\/www.facebook.com\/OntarioArtsFoundation\/","article_published_time":"2023-01-30T19:51:38+00:00","article_modified_time":"2023-01-31T20:23:03+00:00","og_image":[{"width":2560,"height":1704,"url":"https:\/\/oafdn.ca\/wp-content\/uploads\/2023\/01\/DSC_2731_ed-resized-scaled.jpg","type":"image\/jpeg"}],"author":"tugrul","twitter_card":"summary_large_image","twitter_creator":"@OntarioArtsFdn","twitter_site":"@OntarioArtsFdn","twitter_misc":{"\u00c9crit par":"tugrul","Estimation du temps de lecture":"4 minutes"},"schema":{"@context":"https:\/\/schema.org","@graph":[{"@type":"Article","@id":"https:\/\/oafdn.ca\/2023-christina-and-louis-quilico-awards-vocal-competition-announced\/#article","isPartOf":{"@id":"https:\/\/oafdn.ca\/2023-christina-and-louis-quilico-awards-vocal-competition-announced\/"},"author":{"name":"tugrul","@id":"https:\/\/oafdn.ca\/#\/schema\/person\/9cf84eae88a4fa075dd8cb6ae344f0ac"},"headline":"2023 Christina and Louis Quilico Awards vocal competition announced","datePublished":"2023-01-30T19:51:38+00:00","dateModified":"2023-01-31T20:23:03+00:00","mainEntityOfPage":{"@id":"https:\/\/oafdn.ca\/2023-christina-and-louis-quilico-awards-vocal-competition-announced\/"},"wordCount":795,"publisher":{"@id":"https:\/\/oafdn.ca\/#organization"},"image":{"@id":"https:\/\/oafdn.ca\/2023-christina-and-louis-quilico-awards-vocal-competition-announced\/#primaryimage"},"thumbnailUrl":"https:\/\/oafdn.ca\/wp-content\/uploads\/2023\/01\/DSC_2731_ed-resized-1024x681.jpg","articleSection":["News Release"],"inLanguage":"fr-CA"},{"@type":"WebPage","@id":"https:\/\/oafdn.ca\/2023-christina-and-louis-quilico-awards-vocal-competition-announced\/","url":"https:\/\/oafdn.ca\/2023-christina-and-louis-quilico-awards-vocal-competition-announced\/","name":"2023 Christina and Louis Quilico Awards vocal competition announced - Ontario Arts Foundation","isPartOf":{"@id":"https:\/\/oafdn.ca\/#website"},"primaryImageOfPage":{"@id":"https:\/\/oafdn.ca\/2023-christina-and-louis-quilico-awards-vocal-competition-announced\/#primaryimage"},"image":{"@id":"https:\/\/oafdn.ca\/2023-christina-and-louis-quilico-awards-vocal-competition-announced\/#primaryimage"},"thumbnailUrl":"https:\/\/oafdn.ca\/wp-content\/uploads\/2023\/01\/DSC_2731_ed-resized-1024x681.jpg","datePublished":"2023-01-30T19:51:38+00:00","dateModified":"2023-01-31T20:23:03+00:00","breadcrumb":{"@id":"https:\/\/oafdn.ca\/2023-christina-and-louis-quilico-awards-vocal-competition-announced\/#breadcrumb"},"inLanguage":"fr-CA","potentialAction":[{"@type":"ReadAction","target":["https:\/\/oafdn.ca\/2023-christina-and-louis-quilico-awards-vocal-competition-announced\/"]}]},{"@type":"ImageObject","inLanguage":"fr-CA","@id":"https:\/\/oafdn.ca\/2023-christina-and-louis-quilico-awards-vocal-competition-announced\/#primaryimage","url":"https:\/\/oafdn.ca\/wp-content\/uploads\/2023\/01\/DSC_2731_ed-resized-1024x681.jpg","contentUrl":"https:\/\/oafdn.ca\/wp-content\/uploads\/2023\/01\/DSC_2731_ed-resized-1024x681.jpg"},{"@type":"BreadcrumbList","@id":"https:\/\/oafdn.ca\/2023-christina-and-louis-quilico-awards-vocal-competition-announced\/#breadcrumb","itemListElement":[{"@type":"ListItem","position":1,"name":"Home","item":"https:\/\/oafdn.ca\/"},{"@type":"ListItem","position":2,"name":"2023 Christina and Louis Quilico Awards vocal competition announced"}]},{"@type":"WebSite","@id":"https:\/\/oafdn.ca\/#website","url":"https:\/\/oafdn.ca\/","name":"Fondation des arts de l'Ontario","description":"The Ontario Arts Foundation is a non-governmental not for profit organization established in 1991 under the Ontario Corporations Act to encourage and facilitate private giving to the arts in Ontario, Canada.","publisher":{"@id":"https:\/\/oafdn.ca\/#organization"},"potentialAction":[{"@type":"SearchAction","target":{"@type":"EntryPoint","urlTemplate":"https:\/\/oafdn.ca\/?s={search_term_string}"},"query-input":{"@type":"PropertyValueSpecification","valueRequired":true,"valueName":"search_term_string"}}],"inLanguage":"fr-CA"},{"@type":"Organization","@id":"https:\/\/oafdn.ca\/#organization","name":"Fondation des arts de l'Ontario","url":"https:\/\/oafdn.ca\/","logo":{"@type":"ImageObject","inLanguage":"fr-CA","@id":"https:\/\/oafdn.ca\/#\/schema\/logo\/image\/","url":"https:\/\/oafdn.ca\/wp-content\/uploads\/2022\/02\/logo1-1.png","contentUrl":"https:\/\/oafdn.ca\/wp-content\/uploads\/2022\/02\/logo1-1.png","width":1761,"height":487,"caption":"Ontario Arts Foundation"},"image":{"@id":"https:\/\/oafdn.ca\/#\/schema\/logo\/image\/"},"sameAs":["https:\/\/www.facebook.com\/OntarioArtsFoundation\/","https:\/\/x.com\/OntarioArtsFdn"]},{"@type":"Person","@id":"https:\/\/oafdn.ca\/#\/schema\/person\/9cf84eae88a4fa075dd8cb6ae344f0ac","name":"tugrul","image":{"@type":"ImageObject","inLanguage":"fr-CA","@id":"https:\/\/secure.gravatar.com\/avatar\/4a398edccd13e67fc11228206372deb53f9dcd8d7a7fccf69e80b739c725ec52?s=96&d=mm&r=g","url":"https:\/\/secure.gravatar.com\/avatar\/4a398edccd13e67fc11228206372deb53f9dcd8d7a7fccf69e80b739c725ec52?s=96&d=mm&r=g","contentUrl":"https:\/\/secure.gravatar.com\/avatar\/4a398edccd13e67fc11228206372deb53f9dcd8d7a7fccf69e80b739c725ec52?s=96&d=mm&r=g","caption":"tugrul"},"sameAs":["http:"],"url":"https:\/\/oafdn.ca\/fr\/author\/tugrul\/"}]}},"_links":{"self":[{"href":"https:\/\/oafdn.ca\/fr\/wp-json\/wp\/v2\/posts\/122497","targetHints":{"allow":["GET"]}}],"collection":[{"href":"https:\/\/oafdn.ca\/fr\/wp-json\/wp\/v2\/posts"}],"about":[{"href":"https:\/\/oafdn.ca\/fr\/wp-json\/wp\/v2\/types\/post"}],"author":[{"embeddable":true,"href":"https:\/\/oafdn.ca\/fr\/wp-json\/wp\/v2\/users\/1"}],"replies":[{"embeddable":true,"href":"https:\/\/oafdn.ca\/fr\/wp-json\/wp\/v2\/comments?post=122497"}],"version-history":[{"count":34,"href":"https:\/\/oafdn.ca\/fr\/wp-json\/wp\/v2\/posts\/122497\/revisions"}],"predecessor-version":[{"id":122537,"href":"https:\/\/oafdn.ca\/fr\/wp-json\/wp\/v2\/posts\/122497\/revisions\/122537"}],"wp:attachment":[{"href":"https:\/\/oafdn.ca\/fr\/wp-json\/wp\/v2\/media?parent=122497"}],"wp:term":[{"taxonomy":"category","embeddable":true,"href":"https:\/\/oafdn.ca\/fr\/wp-json\/wp\/v2\/categories?post=122497"},{"taxonomy":"post_tag","embeddable":true,"href":"https:\/\/oafdn.ca\/fr\/wp-json\/wp\/v2\/tags?post=122497"}],"curies":[{"name":"wp","href":"https:\/\/api.w.org\/{rel}","templated":true}]}}